{"id":723,"date":"2005-07-06T16:51:00","date_gmt":"2005-07-06T15:51:00","guid":{"rendered":"http:\/\/kotrla.com\/wordpress\/?p=723"},"modified":"2019-11-20T22:33:25","modified_gmt":"2019-11-20T21:33:25","slug":"tatar-cz","status":"publish","type":"post","link":"https:\/\/kotrla.com\/pmpro\/2005\/07\/tatar-cz\/","title":{"rendered":"Tatar.cz"},"content":{"rendered":"<p>Mal\u00e1 upout\u00e1vka na zaj\u00edmav\u00fd server <a href=\"http:\/\/www.tatar.cz\">[url=http:\/\/www.tatar.cz]http:\/\/www.tatar.cz<\/a>[\/url], kde se m\u016f\u017eete dozv\u011bd\u011bt hodn\u011b zaj\u00edmav\u00e9ho o tomto n\u00e1rodu. Ostatn\u011b na Vala\u0161sku p\u0159\u00edjmen\u00ed sv\u011bd\u010d\u00ed o tom, \u017ee jejich kmeny tuty pro\u0161ly. \ud83d\ude42<br \/>\nTak aspo\u0148 mal\u00e1 citace ze str\u00e1nek:<br \/>\n<i>\u0160trambersk\u00e9 u\u0161i<br \/>\nZa\u010d\u00e1tkem kv\u011btna roku 1241 se pod\u00e9l Odry hrnuli Tata\u0159i na Moravu. Lid ut\u00edkal na strm\u00fd, nep\u0159\u00edstupn\u00fd Kotou\u010d. Davy Tatar\u016f se rozlo\u017eily pod Kotou\u010dem a chystaly se k \u00fatoku. V noci se strhla bou\u0159e. Toho m\u00edstn\u00ed obyvatel\u00e9 vyu\u017eili, prokopali hr\u00e1ze rybn\u00edka a Tatary zatopili. Po opadnut\u00ed vod na\u0161li \u0160tramber\u00e1ci n\u011bkolik pytl\u016f s nasolen\u00fdma u\u0161ima, kter\u00e9 Tata\u0159i pobit\u00fdm k\u0159es\u0165an\u016fm ut\u00ednali a pos\u00edlali sv\u00e9mu ch\u00e1novi. A pr\u00e1v\u011b na pam\u00e1tku t\u011bchto d\u00e1vn\u00fdch ud\u00e1lost\u00ed se ve \u0160tramberku pe\u010dou tzv. \u0160trambersk\u00e9 u\u0161i&#8230;<\/i><\/p>\n","protected":false},"excerpt":{"rendered":"<p>Mal\u00e1 upout\u00e1vka na zaj\u00edmav\u00fd server [url=http:\/\/www.tatar.cz]http:\/\/www.tatar.cz[\/url], kde se m\u016f\u017eete dozv\u011bd\u011bt hodn\u011b zaj\u00edmav\u00e9ho o tomto n\u00e1rodu. Ostatn\u011b na Vala\u0161sku p\u0159\u00edjmen\u00ed sv\u011bd\u010d\u00ed o tom, \u017ee jejich kmeny tuty pro\u0161ly. \ud83d\ude42 Tak aspo\u0148 mal\u00e1 citace ze str\u00e1nek: \u0160trambersk\u00e9 u\u0161i Za\u010d\u00e1tkem kv\u011btna roku 1241 se pod\u00e9l Odry hrnuli Tata\u0159i na Moravu. Lid ut\u00edkal na strm\u00fd, nep\u0159\u00edstupn\u00fd Kotou\u010d. Davy Tatar\u016f [&hellip;]<\/p>\n","protected":false},"author":1,"featured_media":0,"comment_status":"open","ping_status":"open","sticky":false,"template":"","format":"standard","meta":{"site-sidebar-layout":"default","site-content-layout":"","ast-site-content-layout":"default","site-content-style":"default","site-sidebar-style":"default","ast-global-header-display":"","ast-banner-title-visibility":"","ast-main-header-display":"","ast-hfb-above-header-display":"","ast-hfb-below-header-display":"","ast-hfb-mobile-header-display":"","site-post-title":"","ast-breadcrumbs-content":"","ast-featured-img":"","footer-sml-layout":"","ast-disable-related-posts":"","theme-transparent-header-meta":"","adv-header-id-meta":"","stick-header-meta":"","header-above-stick-meta":"","header-main-stick-meta":"","header-below-stick-meta":"","astra-migrate-meta-layouts":"default","ast-page-background-enabled":"default","ast-page-background-meta":{"desktop":{"background-color":"var(--ast-global-color-5)","background-image":"","background-repeat":"repeat","background-position":"center center","background-size":"auto","background-attachment":"scroll","background-type":"","background-media":"","overlay-type":"","overlay-color":"","overlay-opacity":"","overlay-gradient":""},"tablet":{"background-color":"","background-image":"","background-repeat":"repeat","background-position":"center center","background-size":"auto","background-attachment":"scroll","background-type":"","background-media":"","overlay-type":"","overlay-color":"","overlay-opacity":"","overlay-gradient":""},"mobile":{"background-color":"","background-image":"","background-repeat":"repeat","background-position":"center center","background-size":"auto","background-attachment":"scroll","background-type":"","background-media":"","overlay-type":"","overlay-color":"","overlay-opacity":"","overlay-gradient":""}},"ast-content-background-meta":{"desktop":{"background-color":"var(--ast-global-color-4)","background-image":"","background-repeat":"repeat","background-position":"center center","background-size":"auto","background-attachment":"scroll","background-type":"","background-media":"","overlay-type":"","overlay-color":"","overlay-opacity":"","overlay-gradient":""},"tablet":{"background-color":"var(--ast-global-color-4)","background-image":"","background-repeat":"repeat","background-position":"center center","background-size":"auto","background-attachment":"scroll","background-type":"","background-media":"","overlay-type":"","overlay-color":"","overlay-opacity":"","overlay-gradient":""},"mobile":{"background-color":"var(--ast-global-color-4)","background-image":"","background-repeat":"repeat","background-position":"center center","background-size":"auto","background-attachment":"scroll","background-type":"","background-media":"","overlay-type":"","overlay-color":"","overlay-opacity":"","overlay-gradient":""}},"jetpack_post_was_ever_published":false,"_jetpack_newsletter_access":"","_jetpack_dont_email_post_to_subs":false,"_jetpack_newsletter_tier_id":0,"_jetpack_memberships_contains_paywalled_content":false,"_jetpack_memberships_contains_paid_content":false,"footnotes":""},"categories":[9],"tags":[],"class_list":["post-723","post","type-post","status-publish","format-standard","hentry","category-internet"],"jetpack_featured_media_url":"","jetpack_shortlink":"https:\/\/wp.me\/p4mLP7-bF","jetpack-related-posts":[{"id":192,"url":"https:\/\/kotrla.com\/pmpro\/2010\/08\/dalsi-cteni-a-mala-soutez\/","url_meta":{"origin":723,"position":0},"title":"Dal\u0161\u00ed \u010dten\u00ed a mal\u00e1 sout\u011b\u017e","author":"Pavel Kotrla","date":"4.8.2010","format":false,"excerpt":"\u0158\u00edkal jsem si, ke kter\u00e9 knize, z t\u011bch o kter\u00fdch jsem psal, bych se mohl vr\u00e1tit. Zas a\u017e tak moc jich nen\u00ed, ale p\u0159ece jen: \u010das od \u010dasu po n\u011bkter\u00e9 z nich s\u00e1hnu. Po poezii \u010dast\u011bji, devades\u00e1t\u00e1 l\u00e9ta byla \u00farodn\u00e1 na nov\u00e1 jm\u00e9na a talenty a st\u00e1la za to. Ale\u2026","rel":"","context":"V \u201e\u010cten\u00e1\u0159sk\u00fd den\u00edk\u201c","block_context":{"text":"\u010cten\u00e1\u0159sk\u00fd den\u00edk","link":"https:\/\/kotrla.com\/pmpro\/category\/ctenarsky-denik\/"},"img":{"alt_text":"","src":"","width":0,"height":0},"classes":[]},{"id":3052,"url":"https:\/\/kotrla.com\/pmpro\/2016\/12\/ze-krtu-basnicke-sbirky-milire-klary-goldstein\/","url_meta":{"origin":723,"position":1},"title":"Ze k\u0159tu b\u00e1snick\u00e9 sb\u00edrky Mil\u00ed\u0159e Kl\u00e1ry Goldstein","author":"Pavel Kotrla","date":"13.12.2016","format":false,"excerpt":"Minul\u00fd \u010dtvrtek byla ve Vala\u0161sk\u00e9m Mezi\u0159\u00ed\u010d\u00ed pok\u0159t\u011bna druh\u00e1 b\u00e1snick\u00e1 sb\u00edrka Kl\u00e1ry Goldstein Mil\u00ed\u0159e, kterou vydal Weles. Jedna mal\u00e1 uk\u00e1zka: zdi zah\u00e1z\u00ed\u0161 sp\u00e1ry po povodni vyh\u0159ezl\u00e9 jako kresby z kodex\u016f na kter\u00fdch z d\u00e1li od pob\u0159e\u017e\u00ed p\u0159ich\u00e1zej\u00ed mu\u017ei n\u00e1padn\u011b b\u00edl\u00ed (v\u0161ichni maj\u00ed vous) na h\u0159betech podivn\u00fdch jelen\u016f potom se zamete dla\u017eba","rel":"","context":"V \u201eFotografie\u201c","block_context":{"text":"Fotografie","link":"https:\/\/kotrla.com\/pmpro\/category\/fotografie\/"},"img":{"alt_text":"","src":"https:\/\/i0.wp.com\/kotrla.com\/pmpro\/wp-content\/uploads\/2016\/12\/Lechaim-Trio-IMGP8248-150x150.jpg?resize=350%2C200&ssl=1","width":350,"height":200,"srcset":"https:\/\/i0.wp.com\/kotrla.com\/pmpro\/wp-content\/uploads\/2016\/12\/Lechaim-Trio-IMGP8248-150x150.jpg?resize=350%2C200&ssl=1 1x, https:\/\/i0.wp.com\/kotrla.com\/pmpro\/wp-content\/uploads\/2016\/12\/Lechaim-Trio-IMGP8248-150x150.jpg?resize=525%2C300&ssl=1 1.5x, https:\/\/i0.wp.com\/kotrla.com\/pmpro\/wp-content\/uploads\/2016\/12\/Lechaim-Trio-IMGP8248-150x150.jpg?resize=700%2C400&ssl=1 2x, https:\/\/i0.wp.com\/kotrla.com\/pmpro\/wp-content\/uploads\/2016\/12\/Lechaim-Trio-IMGP8248-150x150.jpg?resize=1050%2C600&ssl=1 3x, https:\/\/i0.wp.com\/kotrla.com\/pmpro\/wp-content\/uploads\/2016\/12\/Lechaim-Trio-IMGP8248-150x150.jpg?resize=1400%2C800&ssl=1 4x"},"classes":[]},{"id":548,"url":"https:\/\/kotrla.com\/pmpro\/2006\/06\/milos-urban-pole-a-palisada-mala-hadanka\/","url_meta":{"origin":723,"position":2},"title":"Milo\u0161 Urban: Pole a palis\u00e1da &amp; mal\u00e1 h\u00e1danka","author":"Pavel Kotrla","date":"14.6.2006","format":false,"excerpt":"Nov\u00e1 kniha Milo\u0161e Urbana Pole a palis\u00e1da, kterou Argo vydalo v r\u00e1mci projektu The Myths a na kter\u00e9m nyn\u00ed spolupracuj\u00ed nakladatelstv\u00ed z 35 zem\u00ed sv\u011bta, p\u0159in\u00e1\u0161\u00ed osobitou autorskou interpretaci m\u00fdtu o Libu\u0161i. \u0158ekl bych, \u017ee autor se s \u00fakolem vypo\u0159\u00e1dal dob\u0159e a kniha se mu povedla. Te\u010f je\u0161t\u011b chyb\u00ed zpracovat\u2026","rel":"","context":"V \u201e\u010cten\u00e1\u0159sk\u00fd den\u00edk\u201c","block_context":{"text":"\u010cten\u00e1\u0159sk\u00fd den\u00edk","link":"https:\/\/kotrla.com\/pmpro\/category\/ctenarsky-denik\/"},"img":{"alt_text":"image","src":"https:\/\/i0.wp.com\/kotrla.com\/pmpro\/images\/uploads\/urban_pole_a_palisada.gif?resize=350%2C200&ssl=1","width":350,"height":200},"classes":[]},{"id":1351,"url":"https:\/\/kotrla.com\/pmpro\/2003\/05\/magnesia-litera\/","url_meta":{"origin":723,"position":3},"title":"Magnesia Litera","author":"Pavel Kotrla","date":"12.5.2003","format":false,"excerpt":"V\u010dera prob\u011bhlo vyhl\u00e1\u0161en\u00ed druh\u00e9ho ro\u010dn\u00edku cen Magnesia Litera. Snad m\u00e1me opravdu nad\u011bji, \u017ee vznikne presti\u017en\u00ed liter\u00e1rn\u00ed ocen\u011bn\u00ed zn\u00e1m\u00e9 i ve\u0159ejnosti. Nejvyrovnan\u011bj\u0161\u00ed se mi zd\u00e1la kategorie Poezie, kde ocen\u011bn\u00ed obdr\u017eel V\u00edt Sl\u00edva za b\u00e1snickou sb\u00edrku Bubnov\u00e1n\u00ed na sudy (Weles, 2002). Po z\u00e1sluze. Jeho posledn\u00ed sb\u00edrka je asi opravdu t\u00edm nejlep\u0161\u00edm, co\u2026","rel":"","context":"V \u201eNeza\u0159azen\u00e9\u201c","block_context":{"text":"Neza\u0159azen\u00e9","link":"https:\/\/kotrla.com\/pmpro\/category\/nezarazene\/"},"img":{"alt_text":"","src":"","width":0,"height":0},"classes":[]},{"id":8,"url":"https:\/\/kotrla.com\/pmpro\/2014\/02\/ctenar-casopisu-literarni-noviny-12014\/","url_meta":{"origin":723,"position":4},"title":"\u010cten\u00e1\u0159 \u010dasopis\u016f: Liter\u00e1rn\u00ed noviny 1\/2014","author":"Pavel Kotrla","date":"4.2.2014","format":false,"excerpt":"Kdy\u017e liter\u00e1rn\u00ed noviny ohl\u00e1sily z\u00e1v\u011brem lo\u0148sk\u00e9ho roku p\u0159echod z t\u00fdden\u00edku na periodu m\u011bs\u00ed\u010dn\u00ed, nepova\u017eoval jsem to za velkou trag\u00e9di\u00ed. M\u00e1lokdy jsem je stejn\u011b sta\u010dil p\u0159e\u010d\u00edst v posledn\u00edm roce cel\u00e9. Sp\u00ed\u0161 mne zpravidla \u010d\u00e1st obsahu neoslovila, nap\u0159\u00edklad pro mne zbytn\u00e1 p\u0159\u00edloha Harmonie. Sliboval jsem si, \u017ee budu sv\u011bdkem n\u011bjak\u00e9 z\u00e1sadn\u011bj\u0161\u00ed prom\u011bny,\u2026","rel":"","context":"V \u201e\u010cten\u00e1\u0159sk\u00fd den\u00edk\u201c","block_context":{"text":"\u010cten\u00e1\u0159sk\u00fd den\u00edk","link":"https:\/\/kotrla.com\/pmpro\/category\/ctenarsky-denik\/"},"img":{"alt_text":"","src":"","width":0,"height":0},"classes":[]},{"id":405,"url":"https:\/\/kotrla.com\/pmpro\/2007\/10\/ctenar-poezie-anna-ciprova\/","url_meta":{"origin":723,"position":5},"title":"\u010cten\u00e1\u0159 poezie: Anna Ciprov\u00e1","author":"Pavel Kotrla","date":"3.10.2007","format":false,"excerpt":"Vlaky, autobusy, prost\u011b cel\u00e1 Morava von\u00ed bur\u010d\u00e1kem. Je to n\u00e1ro\u010dn\u00e9 obdob\u00ed, nelze zapomenout na sobotn\u00ed v\u00fdlet do Jakubova sklepa. (Ostatn\u011b zde mal\u00e1 odbo\u010dka: \u010cmel\u00e1k a sv\u011bt si v p\u0159\u00edpisu Dva p\u0159eti\u0161t\u011bn\u00e9 materi\u00e1ly v\u0161\u00edm\u00e1 polemiky mezi n\u00edm a kritikem Vladim\u00edrem Novotn\u00fdm. Jak si Petr Mot\u00fdl spr\u00e1vn\u011b v\u0161\u00edm\u00e1, jedn\u00e1 se o dva\u2026","rel":"","context":"V \u201e\u010cten\u00e1\u0159sk\u00fd den\u00edk\u201c","block_context":{"text":"\u010cten\u00e1\u0159sk\u00fd den\u00edk","link":"https:\/\/kotrla.com\/pmpro\/category\/ctenarsky-denik\/"},"img":{"alt_text":"Anna Ciprov\u00e1: Tv\u00e1\u0159\u00ed v tv\u00e1\u0159","src":"https:\/\/i0.wp.com\/kotrla.com\/pmpro\/images\/uploads\/ciprova_tvari_v_tvar.jpg?resize=350%2C200&ssl=1","width":350,"height":200},"classes":[]}],"jetpack_sharing_enabled":true,"_links":{"self":[{"href":"https:\/\/kotrla.com\/pmpro\/wp-json\/wp\/v2\/posts\/723","targetHints":{"allow":["GET"]}}],"collection":[{"href":"https:\/\/kotrla.com\/pmpro\/wp-json\/wp\/v2\/posts"}],"about":[{"href":"https:\/\/kotrla.com\/pmpro\/wp-json\/wp\/v2\/types\/post"}],"author":[{"embeddable":true,"href":"https:\/\/kotrla.com\/pmpro\/wp-json\/wp\/v2\/users\/1"}],"replies":[{"embeddable":true,"href":"https:\/\/kotrla.com\/pmpro\/wp-json\/wp\/v2\/comments?post=723"}],"version-history":[{"count":0,"href":"https:\/\/kotrla.com\/pmpro\/wp-json\/wp\/v2\/posts\/723\/revisions"}],"wp:attachment":[{"href":"https:\/\/kotrla.com\/pmpro\/wp-json\/wp\/v2\/media?parent=723"}],"wp:term":[{"taxonomy":"category","embeddable":true,"href":"https:\/\/kotrla.com\/pmpro\/wp-json\/wp\/v2\/categories?post=723"},{"taxonomy":"post_tag","embeddable":true,"href":"https:\/\/kotrla.com\/pmpro\/wp-json\/wp\/v2\/tags?post=723"}],"curies":[{"name":"wp","href":"https:\/\/api.w.org\/{rel}","templated":true}]}}