{"id":727,"date":"2005-06-30T20:38:31","date_gmt":"2005-06-30T19:38:31","guid":{"rendered":"http:\/\/kotrla.com\/wordpress\/?p=727"},"modified":"2019-11-20T22:33:26","modified_gmt":"2019-11-20T21:33:26","slug":"pro-radost","status":"publish","type":"post","link":"https:\/\/kotrla.com\/pmpro\/2005\/06\/pro-radost\/","title":{"rendered":"Pro radost"},"content":{"rendered":"<p><img loading=\"lazy\" decoding=\"async\" src=\"https:\/\/kotrla.com\/pmpro\/images\/uploads\/neff_verne.gif\" border=\"0\" alt=\"Neff: Verne\" name=\"image\" width=\"100\" height=\"142\" align=\"right\" \/>V leto\u0161n\u00edm roce uplynulo sto let od \u00famrt\u00ed <a href=\"http:\/\/www.jules-verne.net\/\">Julese Verna<\/a>. Jeho knihy za tu dobu neztratily sv\u00e9 kouzlo. Zato se mi kdysi byla ukradena jedna z nejobl\u00edben\u011bj\u0161\u00edch knih m\u00e9ho dosp\u00edv\u00e1n\u00ed: Hv\u011bzda jihu. Jin\u00e9 verneovky z\u016fstaly p\u011bkn\u011b v knihovn\u011b.<br \/>\nProto\u017ee na Tajupln\u00fd ostrov, Tajemn\u00fd hrad v Karatech, Dva roky pr\u00e1znin, Ocelov\u00e9 m\u011bsto a mnoh\u00e9 dal\u0161\u00ed nejde zapomenout, musel jsem si po\u0159\u00eddit i dopln\u011bk: knihu <a href=\"http:\/\/pes.internet.cz\/scifi\/clanky\/44136_0_0_0.html\">Ond\u0159eje Neffa<\/a>: Jules Verne a jeho sv\u011bt. Tu vydala <a href=\"http:\/\/www.mf.cz\">Mlad\u00e1 Fronta<\/a> v druh\u00e9m, upraven\u00e9m vyd\u00e1n\u00ed. Tro\u0161ku mne zamrzelo, \u017ee jsem narazil na dv\u011b t\u0159i chyby, kter\u00e9 unikly p\u0159i korektur\u00e1ch, ale i tak je to skv\u011bl\u00fd dopln\u011bk skv\u011bl\u00fdch knih. P\u0159ed lety jsem \u010detl prvn\u00ed vyd\u00e1n\u00ed, ale druh\u00e9 je ve sv\u00e9m l\u00ed\u010den\u00ed vztahu autora a nakladatele p\u0159ece jen plasti\u010dt\u011bj\u0161\u00ed.<br \/>\nKterou verneovku m\u00e1te nejrad\u011bji vy?<\/p>\n","protected":false},"excerpt":{"rendered":"<p>V leto\u0161n\u00edm roce uplynulo sto let od \u00famrt\u00ed Julese Verna. Jeho knihy za tu dobu neztratily sv\u00e9 kouzlo. Zato se mi kdysi byla ukradena jedna z nejobl\u00edben\u011bj\u0161\u00edch knih m\u00e9ho dosp\u00edv\u00e1n\u00ed: Hv\u011bzda jihu. Jin\u00e9 verneovky z\u016fstaly p\u011bkn\u011b v knihovn\u011b. Proto\u017ee na Tajupln\u00fd ostrov, Tajemn\u00fd hrad v Karatech, Dva roky pr\u00e1znin, Ocelov\u00e9 m\u011bsto a mnoh\u00e9 dal\u0161\u00ed nejde [&hellip;]<\/p>\n","protected":false},"author":1,"featured_media":0,"comment_status":"open","ping_status":"open","sticky":false,"template":"","format":"standard","meta":{"site-sidebar-layout":"default","site-content-layout":"","ast-site-content-layout":"default","site-content-style":"default","site-sidebar-style":"default","ast-global-header-display":"","ast-banner-title-visibility":"","ast-main-header-display":"","ast-hfb-above-header-display":"","ast-hfb-below-header-display":"","ast-hfb-mobile-header-display":"","site-post-title":"","ast-breadcrumbs-content":"","ast-featured-img":"","footer-sml-layout":"","ast-disable-related-posts":"","theme-transparent-header-meta":"","adv-header-id-meta":"","stick-header-meta":"","header-above-stick-meta":"","header-main-stick-meta":"","header-below-stick-meta":"","astra-migrate-meta-layouts":"default","ast-page-background-enabled":"default","ast-page-background-meta":{"desktop":{"background-color":"var(--ast-global-color-5)","background-image":"","background-repeat":"repeat","background-position":"center center","background-size":"auto","background-attachment":"scroll","background-type":"","background-media":"","overlay-type":"","overlay-color":"","overlay-opacity":"","overlay-gradient":""},"tablet":{"background-color":"","background-image":"","background-repeat":"repeat","background-position":"center center","background-size":"auto","background-attachment":"scroll","background-type":"","background-media":"","overlay-type":"","overlay-color":"","overlay-opacity":"","overlay-gradient":""},"mobile":{"background-color":"","background-image":"","background-repeat":"repeat","background-position":"center center","background-size":"auto","background-attachment":"scroll","background-type":"","background-media":"","overlay-type":"","overlay-color":"","overlay-opacity":"","overlay-gradient":""}},"ast-content-background-meta":{"desktop":{"background-color":"var(--ast-global-color-4)","background-image":"","background-repeat":"repeat","background-position":"center center","background-size":"auto","background-attachment":"scroll","background-type":"","background-media":"","overlay-type":"","overlay-color":"","overlay-opacity":"","overlay-gradient":""},"tablet":{"background-color":"var(--ast-global-color-4)","background-image":"","background-repeat":"repeat","background-position":"center center","background-size":"auto","background-attachment":"scroll","background-type":"","background-media":"","overlay-type":"","overlay-color":"","overlay-opacity":"","overlay-gradient":""},"mobile":{"background-color":"var(--ast-global-color-4)","background-image":"","background-repeat":"repeat","background-position":"center center","background-size":"auto","background-attachment":"scroll","background-type":"","background-media":"","overlay-type":"","overlay-color":"","overlay-opacity":"","overlay-gradient":""}},"jetpack_post_was_ever_published":false,"_jetpack_newsletter_access":"","_jetpack_dont_email_post_to_subs":false,"_jetpack_newsletter_tier_id":0,"_jetpack_memberships_contains_paywalled_content":false,"_jetpack_memberships_contains_paid_content":false,"footnotes":""},"categories":[6,2],"tags":[],"class_list":["post-727","post","type-post","status-publish","format-standard","hentry","category-ctenarsky-denik","category-literatura"],"jetpack_featured_media_url":"","jetpack_shortlink":"https:\/\/wp.me\/p4mLP7-bJ","jetpack-related-posts":[{"id":1357,"url":"https:\/\/kotrla.com\/pmpro\/2003\/05\/2x-mojmir-travnicek\/","url_meta":{"origin":727,"position":0},"title":"2x Mojm\u00edr Tr\u00e1vn\u00ed\u010dek","author":"Pavel Kotrla","date":"3.5.2003","format":false,"excerpt":"\u00a0 P\u016fvodn\u011b jsem myslel, \u017ee tento \u010dl\u00e1nek se objev\u00ed na str\u00e1nk\u00e1ch u\u017e v pr\u016fb\u011bhu v\u010derej\u0161\u00ed noci. Ale jak vid\u00edte, nestalo se tak. Zabr\u00e1nily v tom v\u00e1\u017en\u00e9 okolnosti, a to hlavn\u011b skute\u010dnost, \u017ee hospoda U Lva, p\u0159es st\u00e1le ohla\u0161ovan\u00fd konec, doposud funguje. Sice jsem dom\u016f nemusel jet tax\u00edkem, ale ps\u00e1t se\u2026","rel":"","context":"V \u201eNeza\u0159azen\u00e9\u201c","block_context":{"text":"Neza\u0159azen\u00e9","link":"https:\/\/kotrla.com\/pmpro\/category\/nezarazene\/"},"img":{"alt_text":"image","src":"https:\/\/i0.wp.com\/kotrla.com\/pmpro\/images\/uploads\/travnicek_krelina.jpg?resize=350%2C200&ssl=1","width":350,"height":200},"classes":[]},{"id":181,"url":"https:\/\/kotrla.com\/pmpro\/2010\/10\/amazon-kindle\/","url_meta":{"origin":727,"position":1},"title":"Amazon Kindle","author":"Pavel Kotrla","date":"20.10.2010","format":false,"excerpt":"ps\u00e1no pro Host 8\/2010 Tak tady jsem v\u00e1hal, kterou verzi d\u00e1t. Zda tu p\u016fvodn\u00ed, nebo tu, kter\u00e1 vy\u0161la po redak\u010dn\u00ed \u00faprav\u011b. Osobn\u011b bych tvar \"i-book\" nenapsal. Amazon Kindle a n\u00e1stup i-book\u016f Dnes se u\u017e i v regionech objevuj\u00ed knihovny, kde si m\u016f\u017eete n\u011bjakou tu \u010dte\u010dku knih p\u016fj\u010dit. Pokud tou\u017e\u00edte po\u2026","rel":"","context":"V \u201eInternet\u201c","block_context":{"text":"Internet","link":"https:\/\/kotrla.com\/pmpro\/category\/internet\/"},"img":{"alt_text":"Amazon Kindle","src":"https:\/\/i0.wp.com\/kotrla.com\/pmpro\/images\/uploads\/kindle.jpg?resize=350%2C200&ssl=1","width":350,"height":200},"classes":[]},{"id":170,"url":"https:\/\/kotrla.com\/pmpro\/2011\/02\/nove-cislo-revue-aluze-nove-i-pro-elektronicke-ctecky-kindle\/","url_meta":{"origin":727,"position":2},"title":"Nov\u00e9 \u010d\u00edslo revue Aluze, nov\u011b i pro elektronick\u00e9 \u010dte\u010dky (Kindle)","author":"Pavel Kotrla","date":"3.2.2011","format":false,"excerpt":"Finalizace posledn\u00edho lo\u0148sk\u00e9ho \u010d\u00edsla, se trochu prot\u00e1hla, ale nov\u00e9 \u010d\u00edslo je zde. Jako obvykle na str\u00e1nk\u00e1ch http:\/\/aluze.cz naleznete jak jeho on-line podobu, tak jednotliv\u00e9 p\u0159\u00edsp\u011bvky i cel\u00e9 \u010d\u00edslo ke sta\u017een\u00ed ve form\u00e1tu PDF. Nov\u011b jsem p\u0159ipravil ke sta\u017een\u00ed tak\u00e9 verzi ve dvou nejroz\u0161\u00ed\u0159en\u011bj\u0161\u00edch form\u00e1tech elektronick\u00fdch knih: EPUB a MOBI. Nechci\u2026","rel":"","context":"V \u201eLiteratura\u201c","block_context":{"text":"Literatura","link":"https:\/\/kotrla.com\/pmpro\/category\/literatura\/"},"img":{"alt_text":"Aluze 3\/2010 ve \u010dte\u010dce Amazon Kindle","src":"https:\/\/i0.wp.com\/kotrla.com\/pmpro\/images\/uploads\/aluze_kindle_screenshot.gif?resize=350%2C200&ssl=1","width":350,"height":200},"classes":[]},{"id":150,"url":"https:\/\/kotrla.com\/pmpro\/2011\/06\/martin-pecina-knihy-a-typografie\/","url_meta":{"origin":727,"position":3},"title":"Martin Pecina: Knihy a typografie","author":"Pavel Kotrla","date":"6.6.2011","format":false,"excerpt":"Minul\u00fd t\u00fdden byl na \u00falovky bohat\u00fd podobn\u011b jako ty p\u0159edchoz\u00ed a nov\u00fdch knih se se\u0161lo hned n\u011bkolik. Jednou z nich je i mnou o\u010dek\u00e1van\u00e1 nov\u00e1 kniha Knihy a typografie Martina Peciny. Vy\u0161la jako 500. publikace nakladatelstv\u00ed Host. T\u011b\u0161il jsem se na ni a o v\u00edkendu ji do\u010detl. Vzhledem k tomu,\u2026","rel":"","context":"V \u201e\u010cten\u00e1\u0159sk\u00fd den\u00edk\u201c","block_context":{"text":"\u010cten\u00e1\u0159sk\u00fd den\u00edk","link":"https:\/\/kotrla.com\/pmpro\/category\/ctenarsky-denik\/"},"img":{"alt_text":"Martin Pecina - Knihy a typografie","src":"https:\/\/i0.wp.com\/kotrla.com\/pmpro\/images\/uploads\/martin_pecina_knihy_a_typografie.jpg?resize=350%2C200&ssl=1","width":350,"height":200},"classes":[]},{"id":1176,"url":"https:\/\/kotrla.com\/pmpro\/2003\/11\/polyedit-stihla-alternativa\/","url_meta":{"origin":727,"position":4},"title":"PolyEdit &#8211; \u0161t\u00edhl\u00e1 alternativa","author":"Pavel Kotrla","date":"1.11.2003","format":false,"excerpt":"Kancel\u00e1\u0159sk\u00fd bal\u00edk od Microsoftu je mou no\u010dn\u00ed m\u016frou. No, sp\u00ed\u0161 lid\u00e9, kte\u0159\u00ed tento produkt dosud pou\u017e\u00edvaj\u00ed. Jsem prost\u011b p\u0159\u00edznivce alternativ, kter\u00fd st\u00e1le nem\u016f\u017ee zapomenout na star\u00e9 dobr\u00e9 AmiPro, jeho re\u017eim konceptu, kter\u00fd se dal vyvolat pomoc\u00ed kl\u00e1vesov\u00e9 zkratky, nebo k pln\u00e9mu uspokojen\u00ed vy\u0159e\u0161en\u00fd re\u017eim korektury. Jeho n\u00e1stupce Lotus SmartSuite (\u2026","rel":"","context":"V \u201eNeza\u0159azen\u00e9\u201c","block_context":{"text":"Neza\u0159azen\u00e9","link":"https:\/\/kotrla.com\/pmpro\/category\/nezarazene\/"},"img":{"alt_text":"PolyEdit","src":"https:\/\/i0.wp.com\/kotrla.com\/pmpro\/images\/uploads\/polyedit.gif?resize=350%2C200&ssl=1","width":350,"height":200},"classes":[]},{"id":595,"url":"https:\/\/kotrla.com\/pmpro\/2006\/03\/spadane-listi\/","url_meta":{"origin":727,"position":5},"title":"Spadan\u00e9 list\u00ed","author":"Pavel Kotrla","date":"17.3.2006","format":false,"excerpt":"Pod t\u00edmto n\u00e1zvem jsem opravdu dlouho o\u010dek\u00e1val vyd\u00e1n\u00ed prvn\u00edho rom\u00e1nu Gabriela Garc\u00edi M\u00e1rqueze. Vyjma toho, \u017ee tento dlouho avizovan\u00fd n\u00e1zev je jaksi poeti\u010dt\u011bj\u0161\u00ed a v\u00edc odpov\u00eddaj\u00edc\u00ed \u0161pan\u011blsk\u00e9mu origin\u00e1lu La horajasca, nevyjad\u0159uje tak doslovn\u011b obsah knihy, jako aktu\u00e1ln\u00ed \u010desk\u00e9 vyd\u00e1n\u00ed V\u0161echna \u0161p\u00edna sv\u011bta. Ponech\u00e1v\u00e1 v\u011bt\u0161\u00ed prostor pro vlastn\u00ed imaginaci. Ale na\u2026","rel":"","context":"V \u201e\u010cten\u00e1\u0159sk\u00fd den\u00edk\u201c","block_context":{"text":"\u010cten\u00e1\u0159sk\u00fd den\u00edk","link":"https:\/\/kotrla.com\/pmpro\/category\/ctenarsky-denik\/"},"img":{"alt_text":"Spadan\u00e9 list\u00ed","src":"https:\/\/i0.wp.com\/kotrla.com\/pmpro\/images\/uploads\/ggm_horajasca.gif?resize=350%2C200&ssl=1","width":350,"height":200},"classes":[]}],"jetpack_sharing_enabled":true,"_links":{"self":[{"href":"https:\/\/kotrla.com\/pmpro\/wp-json\/wp\/v2\/posts\/727","targetHints":{"allow":["GET"]}}],"collection":[{"href":"https:\/\/kotrla.com\/pmpro\/wp-json\/wp\/v2\/posts"}],"about":[{"href":"https:\/\/kotrla.com\/pmpro\/wp-json\/wp\/v2\/types\/post"}],"author":[{"embeddable":true,"href":"https:\/\/kotrla.com\/pmpro\/wp-json\/wp\/v2\/users\/1"}],"replies":[{"embeddable":true,"href":"https:\/\/kotrla.com\/pmpro\/wp-json\/wp\/v2\/comments?post=727"}],"version-history":[{"count":0,"href":"https:\/\/kotrla.com\/pmpro\/wp-json\/wp\/v2\/posts\/727\/revisions"}],"wp:attachment":[{"href":"https:\/\/kotrla.com\/pmpro\/wp-json\/wp\/v2\/media?parent=727"}],"wp:term":[{"taxonomy":"category","embeddable":true,"href":"https:\/\/kotrla.com\/pmpro\/wp-json\/wp\/v2\/categories?post=727"},{"taxonomy":"post_tag","embeddable":true,"href":"https:\/\/kotrla.com\/pmpro\/wp-json\/wp\/v2\/tags?post=727"}],"curies":[{"name":"wp","href":"https:\/\/api.w.org\/{rel}","templated":true}]}}