{"id":742,"date":"2005-06-13T19:20:01","date_gmt":"2005-06-13T18:20:01","guid":{"rendered":"http:\/\/kotrla.com\/wordpress\/?p=742"},"modified":"2019-11-20T22:29:03","modified_gmt":"2019-11-20T21:29:03","slug":"kdo-je-autorem-nasledujicich-versu-93","status":"publish","type":"post","link":"https:\/\/kotrla.com\/pmpro\/2005\/06\/kdo-je-autorem-nasledujicich-versu-93\/","title":{"rendered":"Kdo je autorem n\u00e1sleduj\u00edc\u00edch ver\u0161\u016f? (93)"},"content":{"rendered":"<pre>* * *\nMiluji \u017eivot\njako velk\u00fd div,\np\u0159esto\u017ee dob\u0159e v\u00edm,\n\u017ee za p\u00e1r let\na mo\u017en\u00e1 je\u0161t\u011b d\u0159\u00edv\nj\u00e1 s \u017eivotem\nse rozlou\u010d\u00edm\nUpadnu\nna kameny,\nspout\u00e1n\n\u010dernou tmou\na\u017e k smrti znaven\u00fd.\nZem vezmu do rukou.\nChci,\naby nev\u011b\u0159ili\np\u0159\u00e1tel\u00e9 m\u00ed\na chci\naby se za malou chv\u00edli\nzalkli\nSlav\u00edci!\nChci,\naby vbou\u0159i jara\nneplakal\nnikdo z v\u00e1s.\nChci\naby ses sm\u00e1la!\nA byla \u0161\u0165astn\u00e1\nzas.<\/pre>\n<p>&nbsp;<\/p>\n","protected":false},"excerpt":{"rendered":"<p>* * * Miluji \u017eivot jako velk\u00fd div, p\u0159esto\u017ee dob\u0159e v\u00edm, \u017ee za p\u00e1r let a mo\u017en\u00e1 je\u0161t\u011b d\u0159\u00edv j\u00e1 s \u017eivotem se rozlou\u010d\u00edm Upadnu na kameny, spout\u00e1n \u010dernou tmou a\u017e k smrti znaven\u00fd. Zem vezmu do rukou. Chci, aby nev\u011b\u0159ili p\u0159\u00e1tel\u00e9 m\u00ed a chci aby se za malou chv\u00edli zalkli Slav\u00edci! Chci, aby vbou\u0159i [&hellip;]<\/p>\n","protected":false},"author":1,"featured_media":0,"comment_status":"open","ping_status":"open","sticky":false,"template":"","format":"standard","meta":{"site-sidebar-layout":"default","site-content-layout":"","ast-site-content-layout":"default","site-content-style":"default","site-sidebar-style":"default","ast-global-header-display":"","ast-banner-title-visibility":"","ast-main-header-display":"","ast-hfb-above-header-display":"","ast-hfb-below-header-display":"","ast-hfb-mobile-header-display":"","site-post-title":"","ast-breadcrumbs-content":"","ast-featured-img":"","footer-sml-layout":"","ast-disable-related-posts":"","theme-transparent-header-meta":"","adv-header-id-meta":"","stick-header-meta":"","header-above-stick-meta":"","header-main-stick-meta":"","header-below-stick-meta":"","astra-migrate-meta-layouts":"default","ast-page-background-enabled":"default","ast-page-background-meta":{"desktop":{"background-color":"var(--ast-global-color-5)","background-image":"","background-repeat":"repeat","background-position":"center center","background-size":"auto","background-attachment":"scroll","background-type":"","background-media":"","overlay-type":"","overlay-color":"","overlay-opacity":"","overlay-gradient":""},"tablet":{"background-color":"","background-image":"","background-repeat":"repeat","background-position":"center center","background-size":"auto","background-attachment":"scroll","background-type":"","background-media":"","overlay-type":"","overlay-color":"","overlay-opacity":"","overlay-gradient":""},"mobile":{"background-color":"","background-image":"","background-repeat":"repeat","background-position":"center center","background-size":"auto","background-attachment":"scroll","background-type":"","background-media":"","overlay-type":"","overlay-color":"","overlay-opacity":"","overlay-gradient":""}},"ast-content-background-meta":{"desktop":{"background-color":"var(--ast-global-color-4)","background-image":"","background-repeat":"repeat","background-position":"center center","background-size":"auto","background-attachment":"scroll","background-type":"","background-media":"","overlay-type":"","overlay-color":"","overlay-opacity":"","overlay-gradient":""},"tablet":{"background-color":"var(--ast-global-color-4)","background-image":"","background-repeat":"repeat","background-position":"center center","background-size":"auto","background-attachment":"scroll","background-type":"","background-media":"","overlay-type":"","overlay-color":"","overlay-opacity":"","overlay-gradient":""},"mobile":{"background-color":"var(--ast-global-color-4)","background-image":"","background-repeat":"repeat","background-position":"center center","background-size":"auto","background-attachment":"scroll","background-type":"","background-media":"","overlay-type":"","overlay-color":"","overlay-opacity":"","overlay-gradient":""}},"jetpack_post_was_ever_published":false,"_jetpack_newsletter_access":"","_jetpack_dont_email_post_to_subs":false,"_jetpack_newsletter_tier_id":0,"_jetpack_memberships_contains_paywalled_content":false,"_jetpack_memberships_contains_paid_content":false,"footnotes":""},"categories":[17],"tags":[],"class_list":["post-742","post","type-post","status-publish","format-standard","hentry","category-kdo-je-autorem"],"jetpack_featured_media_url":"","jetpack_shortlink":"https:\/\/wp.me\/p4mLP7-bY","jetpack-related-posts":[{"id":904,"url":"https:\/\/kotrla.com\/pmpro\/2004\/10\/kdo-je-autorem-nasledujicich-versu-58\/","url_meta":{"origin":742,"position":0},"title":"Kdo je autorem n\u00e1sleduj\u00edc\u00edch ver\u0161\u016f? (58)","author":"Pavel Kotrla","date":"11.10.2004","format":false,"excerpt":"Je pond\u011bl\u00ed, ach! Tady m\u00e1te ot\u00e1zku: Kdo je autorem n\u00e1sleduj\u00edc\u00edho textu? po\u0159\u00e1d p\u00ed\u0161u m\u00e1m skv\u011bl\u00fd kalhoty v\u016fbec sem skv\u011blej ka\u017edej to \u0159\u00edk\u00e1 moje milenka se na m\u011b v\u0161ude vypt\u00e1v\u00e1 je\u0161t\u011b se moc nezn\u00e1me a v\u0161ude m\u011b chv\u00e1lej produkuju kila p\u0159\u00ed\u0161ern\u00fdho psan\u00ed v\u0161e to p\u00e1l\u00edm v okam\u017een\u00ed vypiju 14 piv kdy\u017e\u2026","rel":"","context":"V \u201eKdo je autorem?\u201c","block_context":{"text":"Kdo je autorem?","link":"https:\/\/kotrla.com\/pmpro\/category\/kdo-je-autorem\/"},"img":{"alt_text":"","src":"","width":0,"height":0},"classes":[]},{"id":812,"url":"https:\/\/kotrla.com\/pmpro\/2005\/02\/kdo-je-autorem-nasledujicich-versu-77\/","url_meta":{"origin":742,"position":1},"title":"Kdo je autorem n\u00e1sleduj\u00edc\u00edch ver\u0161\u016f? (77)","author":"Pavel Kotrla","date":"21.2.2005","format":false,"excerpt":"Op\u011bt pravideln\u00e1 pond\u011bln\u00ed ot\u00e1zka. Pou\u0165 k \u010dern\u00e9 Madon\u011b na Loretu Kter\u00fdpak b\u00e1sn\u00edk nen\u00ed negrem? (Marina Cv\u011btajevov\u00e1) K tob\u011b te\u010f s prosbou jdu, m\u00e1 \u010dern\u00e1 Matko z Lorety, nebo\u0165 jsem \u010dern\u00fd jako ty a z ur\u010dit\u00e9ho pohledu jsem negr od hlavy a\u017e po paty, dle jist\u00fdch n\u00e1hled\u016f jsem negr, negr proklat\u00fd,\u2026","rel":"","context":"V \u201eKdo je autorem?\u201c","block_context":{"text":"Kdo je autorem?","link":"https:\/\/kotrla.com\/pmpro\/category\/kdo-je-autorem\/"},"img":{"alt_text":"","src":"","width":0,"height":0},"classes":[]},{"id":1209,"url":"https:\/\/kotrla.com\/pmpro\/2003\/09\/kdo-je-autorem-nasledujicich-versu-8\/","url_meta":{"origin":742,"position":2},"title":"Kdo je autorem n\u00e1sleduj\u00edc\u00edch ver\u0161\u016f? (8)","author":"Pavel Kotrla","date":"25.9.2003","format":false,"excerpt":"Ot\u00e1zka z\u016fst\u00e1v\u00e1 st\u00e1le stejn\u00e1: Kdo je autorem n\u00e1sleduj\u00edc\u00edch ver\u0161\u016f? H\u00c1DEJTE a BAVTE SE! Literatura nen\u00ed o vyhled\u00e1v\u00e1n\u00ed pomoc\u00ed Googlu, Jyxa a jin\u00fdch! Literatura je o n\u011b\u010dem zcela jin\u00e9m. Dopis Ann\u011b Achmatovov\u00e9 V\u00e1\u017een\u00e1 Anno Andrejevno a\u010d je u\u017e pozd\u011b a nen\u00ed vlastn\u011b kam mus\u00edm V\u00e1m napsat \u017ee na V\u00e1s \u010dasto mysl\u00edv\u00e1m\u2026","rel":"","context":"V \u201eKdo je autorem?\u201c","block_context":{"text":"Kdo je autorem?","link":"https:\/\/kotrla.com\/pmpro\/category\/kdo-je-autorem\/"},"img":{"alt_text":"","src":"","width":0,"height":0},"classes":[]},{"id":1229,"url":"https:\/\/kotrla.com\/pmpro\/2003\/09\/kdo-je-autorem-nasledujicich-versu-4\/","url_meta":{"origin":742,"position":3},"title":"Kdo je autorem n\u00e1sleduj\u00edc\u00edch ver\u0161\u016f? (4)","author":"Pavel Kotrla","date":"11.9.2003","format":false,"excerpt":"P\u0159\u00e1tel\u00e9, v\u00edm, \u017ee je o\u0161idn\u00e9 d\u00e1vat h\u00e1dat text vytr\u017een\u00fd z kontextu. V n\u011bkter\u00fdch p\u0159\u00edpadech je to ot\u00e1zka n\u00e1hody. Nemysl\u00edm si, \u017ee je nutn\u00e9 uhodnout p\u0159\u00edmo autora, ale t\u0159eba v odpov\u011bd\u00edch na posledn\u00ed ot\u00e1zku bylo patrn\u00e9, \u017ee existuje ur\u010dit\u00fd okruh autor\u016f s p\u0159\u00edbuznou poetikou, kte\u0159\u00ed se setkali i v ur\u010dit\u00e9 dob\u011b.\u2026","rel":"","context":"V \u201eKdo je autorem?\u201c","block_context":{"text":"Kdo je autorem?","link":"https:\/\/kotrla.com\/pmpro\/category\/kdo-je-autorem\/"},"img":{"alt_text":"","src":"","width":0,"height":0},"classes":[]},{"id":736,"url":"https:\/\/kotrla.com\/pmpro\/2005\/06\/kdo-je-autorem-nasledujicich-versu-94\/","url_meta":{"origin":742,"position":4},"title":"Kdo je autorem n\u00e1sleduj\u00edc\u00edch ver\u0161\u016f? (94)","author":"Pavel Kotrla","date":"20.6.2005","format":false,"excerpt":"Ot\u00e1zka pro \u010dervnov\u00fd ve\u010der: Kdo je autorem n\u00e1sleduj\u00edc\u00edho textu? podobenstv\u00ed II. \u017eena s uhran\u010div\u00fdma o\u010dima nab\u00edr\u00e1 na jatk\u00e1ch \u010derstvou zv\u00ed\u0159ec\u00ed krev, aby nasytila hladov\u00e9 potuln\u00e9 psy, za h\u0159bitovn\u00ed zd\u00ed; Olomouc 96","rel":"","context":"V \u201eKdo je autorem?\u201c","block_context":{"text":"Kdo je autorem?","link":"https:\/\/kotrla.com\/pmpro\/category\/kdo-je-autorem\/"},"img":{"alt_text":"","src":"","width":0,"height":0},"classes":[]},{"id":957,"url":"https:\/\/kotrla.com\/pmpro\/2004\/07\/kdo-je-autorem-nasledujicich-versu-47\/","url_meta":{"origin":742,"position":5},"title":"Kdo je autorem n\u00e1sleduj\u00edc\u00edch ver\u0161\u016f? (47)","author":"Pavel Kotrla","date":"26.7.2004","format":false,"excerpt":"P\u0159i pond\u011bln\u00edm r\u00e1nu mal\u00fd test\u00edk znalost\u00ed: Pozn\u00e1te autora? M\u00edt zelen\u00e9 t\u011blo M\u011bsto a v\u0161echno v n\u011bm je zelen\u00e9. V nejkrat\u0161\u00ed dob\u011b zezelenaj\u00ed v\u0161ichni kdo toto m\u011bsto nav\u0161t\u00edv\u00ed. Mnoz\u00ed sem sp\u011bchaj\u00ed ze vzd\u00e1len\u00fdch zem\u00ed aby zezelenali. N\u011bkte\u0159\u00ed s sebou p\u0159iv\u00e1\u017eej\u00ed i sv\u00e9 kon\u011b a psy aby i oni zezelenali. V\u0161ichni obyvatel\u00e9\u2026","rel":"","context":"V \u201eKdo je autorem?\u201c","block_context":{"text":"Kdo je autorem?","link":"https:\/\/kotrla.com\/pmpro\/category\/kdo-je-autorem\/"},"img":{"alt_text":"","src":"","width":0,"height":0},"classes":[]}],"jetpack_sharing_enabled":true,"_links":{"self":[{"href":"https:\/\/kotrla.com\/pmpro\/wp-json\/wp\/v2\/posts\/742","targetHints":{"allow":["GET"]}}],"collection":[{"href":"https:\/\/kotrla.com\/pmpro\/wp-json\/wp\/v2\/posts"}],"about":[{"href":"https:\/\/kotrla.com\/pmpro\/wp-json\/wp\/v2\/types\/post"}],"author":[{"embeddable":true,"href":"https:\/\/kotrla.com\/pmpro\/wp-json\/wp\/v2\/users\/1"}],"replies":[{"embeddable":true,"href":"https:\/\/kotrla.com\/pmpro\/wp-json\/wp\/v2\/comments?post=742"}],"version-history":[{"count":0,"href":"https:\/\/kotrla.com\/pmpro\/wp-json\/wp\/v2\/posts\/742\/revisions"}],"wp:attachment":[{"href":"https:\/\/kotrla.com\/pmpro\/wp-json\/wp\/v2\/media?parent=742"}],"wp:term":[{"taxonomy":"category","embeddable":true,"href":"https:\/\/kotrla.com\/pmpro\/wp-json\/wp\/v2\/categories?post=742"},{"taxonomy":"post_tag","embeddable":true,"href":"https:\/\/kotrla.com\/pmpro\/wp-json\/wp\/v2\/tags?post=742"}],"curies":[{"name":"wp","href":"https:\/\/api.w.org\/{rel}","templated":true}]}}