{"id":748,"date":"2005-06-05T10:46:15","date_gmt":"2005-06-05T09:46:15","guid":{"rendered":"http:\/\/kotrla.com\/wordpress\/?p=748"},"modified":"2020-03-04T10:37:24","modified_gmt":"2020-03-04T09:37:24","slug":"ceska-poezie-19-stoleti","status":"publish","type":"post","link":"https:\/\/kotrla.com\/pmpro\/2005\/06\/ceska-poezie-19-stoleti\/","title":{"rendered":"\u010cesk\u00e1 poezie 19. stolet\u00ed"},"content":{"rendered":"<p>O <a href=\"http:\/\/www.ceska-poezie.cz\">\u010cesk\u00e9 elektronick\u00e9 knihovn\u011b<\/a> jsem se u\u017e p\u00e1rkr\u00e1t zmi\u0148oval. Tedy ne p\u0159\u00edmo o str\u00e1nk\u00e1ch, na kter\u00e9 odkazuji, ale o t\u011b\u017ekop\u00e1dn\u00e9 a p\u0159edra\u017een\u00e9 aplikaci b\u011b\u017e\u00edc\u00ed z CD a ptal se, pro\u010d nen\u00ed na internetu? Te\u010f u\u017e je. Datab\u00e1ze \u010desk\u00e9 poezie 19. stolet\u00ed je kone\u010dn\u011b voln\u011b p\u0159\u00edstupn\u00e1 i pro ve\u0159ejnost. Podm\u00ednkou je pouze registrace. M\u016f\u017eete tak proch\u00e1zet 1200 b\u00e1snick\u00fdch sb\u00edrek. Po\u010det se m\u00e1 je\u0161t\u011b roz\u0161i\u0159ovat o sb\u00edrky autor\u016f debutuj\u00edc\u00edch v letech 1900 &#8211; 1918. Str\u00e1nky jsou optimalizov\u00e1ny pro prohl\u00ed\u017ee\u010de  Internet Explorer 6.0 a <a href=\"http:\/\/www.mozilla.org\">Mozilla<\/a> Firefox 1.0, ale funguj\u00ed bez probl\u00e9m\u016f i v <a href=\"http:\/\/www.opera.com\">Ope\u0159e<\/a>.<br \/>\nTak\u017ee aspo\u0148 mal\u00e1 pochvala pro <a href=\"http:\/\/www.ucl.cas.cz\/\">\u00dastav \u010desk\u00e9 literatury<\/a>, kterou si zaslou\u017e\u00ed. Krok spr\u00e1vn\u00fdm sm\u011brem.<\/p>\n","protected":false},"excerpt":{"rendered":"<p>O \u010cesk\u00e9 elektronick\u00e9 knihovn\u011b jsem se u\u017e p\u00e1rkr\u00e1t zmi\u0148oval. Tedy ne p\u0159\u00edmo o str\u00e1nk\u00e1ch, na kter\u00e9 odkazuji, ale o t\u011b\u017ekop\u00e1dn\u00e9 a p\u0159edra\u017een\u00e9 aplikaci b\u011b\u017e\u00edc\u00ed z CD a ptal se, pro\u010d nen\u00ed na internetu? Te\u010f u\u017e je. Datab\u00e1ze \u010desk\u00e9 poezie 19. stolet\u00ed je kone\u010dn\u011b voln\u011b p\u0159\u00edstupn\u00e1 i pro ve\u0159ejnost. Podm\u00ednkou je pouze registrace. M\u016f\u017eete tak proch\u00e1zet [&hellip;]<\/p>\n","protected":false},"author":1,"featured_media":0,"comment_status":"open","ping_status":"open","sticky":false,"template":"","format":"standard","meta":{"site-sidebar-layout":"default","site-content-layout":"","ast-site-content-layout":"default","site-content-style":"default","site-sidebar-style":"default","ast-global-header-display":"","ast-banner-title-visibility":"","ast-main-header-display":"","ast-hfb-above-header-display":"","ast-hfb-below-header-display":"","ast-hfb-mobile-header-display":"","site-post-title":"","ast-breadcrumbs-content":"","ast-featured-img":"","footer-sml-layout":"","ast-disable-related-posts":"","theme-transparent-header-meta":"","adv-header-id-meta":"","stick-header-meta":"","header-above-stick-meta":"","header-main-stick-meta":"","header-below-stick-meta":"","astra-migrate-meta-layouts":"default","ast-page-background-enabled":"default","ast-page-background-meta":{"desktop":{"background-color":"var(--ast-global-color-5)","background-image":"","background-repeat":"repeat","background-position":"center center","background-size":"auto","background-attachment":"scroll","background-type":"","background-media":"","overlay-type":"","overlay-color":"","overlay-opacity":"","overlay-gradient":""},"tablet":{"background-color":"","background-image":"","background-repeat":"repeat","background-position":"center center","background-size":"auto","background-attachment":"scroll","background-type":"","background-media":"","overlay-type":"","overlay-color":"","overlay-opacity":"","overlay-gradient":""},"mobile":{"background-color":"","background-image":"","background-repeat":"repeat","background-position":"center center","background-size":"auto","background-attachment":"scroll","background-type":"","background-media":"","overlay-type":"","overlay-color":"","overlay-opacity":"","overlay-gradient":""}},"ast-content-background-meta":{"desktop":{"background-color":"var(--ast-global-color-4)","background-image":"","background-repeat":"repeat","background-position":"center center","background-size":"auto","background-attachment":"scroll","background-type":"","background-media":"","overlay-type":"","overlay-color":"","overlay-opacity":"","overlay-gradient":""},"tablet":{"background-color":"var(--ast-global-color-4)","background-image":"","background-repeat":"repeat","background-position":"center center","background-size":"auto","background-attachment":"scroll","background-type":"","background-media":"","overlay-type":"","overlay-color":"","overlay-opacity":"","overlay-gradient":""},"mobile":{"background-color":"var(--ast-global-color-4)","background-image":"","background-repeat":"repeat","background-position":"center center","background-size":"auto","background-attachment":"scroll","background-type":"","background-media":"","overlay-type":"","overlay-color":"","overlay-opacity":"","overlay-gradient":""}},"jetpack_post_was_ever_published":false,"_jetpack_newsletter_access":"","_jetpack_dont_email_post_to_subs":false,"_jetpack_newsletter_tier_id":0,"_jetpack_memberships_contains_paywalled_content":false,"_jetpack_memberships_contains_paid_content":false,"footnotes":""},"categories":[2,1],"tags":[],"class_list":["post-748","post","type-post","status-publish","format-standard","hentry","category-literatura","category-nezarazene"],"jetpack_featured_media_url":"","jetpack_shortlink":"https:\/\/wp.me\/p4mLP7-c4","jetpack-related-posts":[{"id":474,"url":"https:\/\/kotrla.com\/pmpro\/2007\/03\/osobnost-mojmira-travnicka-v-ceske-literature-ebook-zdarma\/","url_meta":{"origin":748,"position":0},"title":"Osobnost Mojm\u00edra Tr\u00e1vn\u00ed\u010dka v \u010desk\u00e9 literatu\u0159e (ebook zdarma)","author":"Pavel Kotrla","date":"11.3.2007","format":false,"excerpt":"V p\u00e1tek jsme v r\u00e1mci ve\u010d\u00edrku Text\u016f slavnostn\u011b pok\u0159tili sborn\u00edk z konference Osobnost Mojm\u00edra Tr\u00e1vn\u00ed\u010dka v \u010desk\u00e9 literatu\u0159e, kter\u00e1 se uskute\u010dnila ve dnech 18.-19. \u0159\u00edjna 2006 ve Vset\u00edn\u011b. Zbyly ji\u017e jen posledn\u00ed v\u00fdtisky. Ale pokud m\u00e1te o sborn\u00edk z\u00e1jem, je zde dobr\u00e1 zpr\u00e1va. Kompletn\u00ed sborn\u00edk si m\u016f\u017eete nyn\u00ed st\u00e1hnout: zde\u2026","rel":"","context":"V \u201eLiteratura\u201c","block_context":{"text":"Literatura","link":"https:\/\/kotrla.com\/pmpro\/category\/literatura\/"},"img":{"alt_text":"Osobnost Mojm\u00edra Tr\u00e1vn\u00ed\u010dka v \u010desk\u00e9 literatu\u0159e","src":"https:\/\/i0.wp.com\/kotrla.com\/pmpro\/images\/uploads\/osobnost_mojmira_travnicka.gif?resize=350%2C200&ssl=1","width":350,"height":200},"classes":[]},{"id":233,"url":"https:\/\/kotrla.com\/pmpro\/2009\/12\/moje-kniha-roku\/","url_meta":{"origin":748,"position":1},"title":"Moje kniha roku?","author":"Pavel Kotrla","date":"26.12.2009","format":false,"excerpt":"Tradi\u010dn\u00ed anketu Lidov\u00fdch novin m\u00e1m celkem r\u00e1d. Mal\u00e9 srovn\u00e1n\u00ed toho, co \u010dtou druz\u00ed a co by mi mo\u017en\u00e1 jinak uniklo je u\u017eite\u010dn\u00e9 a p\u0159\u00ednosn\u00e9. No, v\u00fdsledek leto\u0161n\u00ed ankety mne tro\u0161ku p\u0159ekvapil. Samoz\u0159ejm\u011b, z druh\u00e9ho m\u00edsta Se\u0161it\u016f m\u00e1m radost, ale z prvn\u00edho - ocen\u011bn\u00ed B\u00e1sn\u00ed a Pov\u00eddek Josefa Kostohryze - jsem\u2026","rel":"","context":"V \u201e\u010cten\u00e1\u0159sk\u00fd den\u00edk\u201c","block_context":{"text":"\u010cten\u00e1\u0159sk\u00fd den\u00edk","link":"https:\/\/kotrla.com\/pmpro\/category\/ctenarsky-denik\/"},"img":{"alt_text":"Nejlep\u0161\u00ed \u010desk\u00e9 b\u00e1sn\u011b 2009","src":"https:\/\/i0.wp.com\/kotrla.com\/pmpro\/images\/uploads\/nejlepsi_ceske_basne_2009.jpg?resize=350%2C200&ssl=1","width":350,"height":200},"classes":[]},{"id":349,"url":"https:\/\/kotrla.com\/pmpro\/2008\/05\/z-bloku-01-ctenar-casopisu-na-konci-obdobi-zimniho-spanku\/","url_meta":{"origin":748,"position":2},"title":"Z bloku 01: \u010cten\u00e1\u0159 \u010dasopis\u016f na konci obdob\u00ed zimn\u00edho sp\u00e1nku","author":"Pavel Kotrla","date":"16.5.2008","format":false,"excerpt":"Tak jsem se nechal ukecat. \u0158\u00edkal jsem si, \u017ee po t\u0159\u00edap\u016fllet\u00e9m psan\u00ed sloupk\u016f (snad se dokopu k tomu, aby tam bylo \u010dasem v\u0161ech t\u0159iat\u0159icet) pro Host u\u017e do toho jen tak nep\u016fjdu. No, ale pro Tvar jsem v\u017edycky m\u011bl tak trochu slabost. Sloupek vy\u0161el v Tvaru \u010d.9 (01.05.2008) \u010cten\u00e1\u0159 \u010dasopis\u016f\u2026","rel":"","context":"V \u201eSloupky pro Tvar\u201c","block_context":{"text":"Sloupky pro Tvar","link":"https:\/\/kotrla.com\/pmpro\/category\/sloupky-pro-tvar\/"},"img":{"alt_text":"","src":"","width":0,"height":0},"classes":[]},{"id":143,"url":"https:\/\/kotrla.com\/pmpro\/2011\/07\/zlate-fondy-nejen-slovenske-literatury\/","url_meta":{"origin":748,"position":3},"title":"Zlat\u00e9 fondy (nejen) slovensk\u00e9 literatury","author":"Pavel Kotrla","date":"6.7.2011","format":false,"excerpt":"ps\u00e1no pro Host 5\/2011 Nejedn\u00e1 se o \u017e\u00e1dnou novinku a mo\u017en\u00e1 jste na tento projekt (http:\/\/zlatyfond.sme.sk) p\u0159in\u00e1\u0161ej\u00edc\u00ed des\u00edtky digitalizovan\u00fdch d\u011bl p\u0159edn\u00edch slovensk\u00fdch autor\u016f ji\u017e n\u011bkdy narazili. A mo\u017en\u00e1 pr\u00e1v\u011b v ne\u010dekan\u00e9 souvislosti. V posledn\u00ed dob\u011b se i na \u010desk\u00fdch str\u00e1nk\u00e1ch v\u011bnovan\u00fdch prodeji elektronick\u00fdch knih pr\u00e1v\u011b d\u00edla digitalizovan\u00e1 v r\u00e1mci tohoto\u2026","rel":"","context":"V \u201eInternet\u201c","block_context":{"text":"Internet","link":"https:\/\/kotrla.com\/pmpro\/category\/internet\/"},"img":{"alt_text":"Zlat\u00fd fond SME","src":"https:\/\/i0.wp.com\/kotrla.com\/pmpro\/images\/uploads\/zlaty_fond_sme.jpg?resize=350%2C200&ssl=1","width":350,"height":200},"classes":[]},{"id":1280,"url":"https:\/\/kotrla.com\/pmpro\/2003\/07\/poezie-nejen-pro-vsedni-den\/","url_meta":{"origin":748,"position":4},"title":"Poezie (nejen) pro v\u0161edn\u00ed den","author":"Pavel Kotrla","date":"24.7.2003","format":false,"excerpt":"Bloger\u016f p\u0159ib\u00fdv\u00e1. Jako hub po de\u0161ti. \u0158ady roz\u0161\u00ed\u0159il i Michala Jare\u0161e sv\u00fdmi str\u00e1nkami Poezie (nejen) pro v\u0161edn\u00ed den, se kter\u00fdmi jsem mu trochu pomohl a kter\u00e9 by m\u011bly b\u00fdt v\u011bnov\u00e1ny poezii. Proto\u017ee mo\u017en\u00e1 netu\u0161\u00edte, kdo Michal Jare\u0161 je, tak si zde dovol\u00edm zve\u0159ejnit m\u00edrn\u011b upraven\u00e9 informace, kter\u00e9 u\u017e jsou na\u2026","rel":"","context":"V \u201eNeza\u0159azen\u00e9\u201c","block_context":{"text":"Neza\u0159azen\u00e9","link":"https:\/\/kotrla.com\/pmpro\/category\/nezarazene\/"},"img":{"alt_text":"","src":"","width":0,"height":0},"classes":[]},{"id":715,"url":"https:\/\/kotrla.com\/pmpro\/2005\/07\/stari-dobri-vladimir-holan-xcii\/","url_meta":{"origin":748,"position":5},"title":"STA\u0158\u00cd DOB\u0158\u00cd: Vladim\u00edr Holan (XCII.)","author":"Pavel Kotrla","date":"24.7.2005","format":false,"excerpt":"St\u011b\u017e\u00ed minuteln\u00fd balvan v \u010desk\u00e9 poezii (1905-1980). Jeskyn\u011b slov Ne beztrestn\u011b vstupuje jinoch se sv\u011btlem do jeskyn\u011b slov\u2026 Odv\u00e1\u017en\u00fd, sotva tu\u0161\u00ed, kde se to octl\u2026 Ml\u00e1d, i kdy\u017e trp\u00edc\u00ed, nev\u00ed, co\u017ee je bolest\u2026 P\u0159ed\u010dasn\u011b mistrovsk\u00fd, uprchne, ani\u017e vkro\u010dil, a vymluv\u00ed se na neplnolet\u00e9 stolet\u00ed... Jeskyn\u011b slov!... Jen skute\u010dn\u00fd b\u00e1sn\u00edk a\u2026","rel":"","context":"V \u201eSta\u0159\u00ed dob\u0159\u00ed\u201c","block_context":{"text":"Sta\u0159\u00ed dob\u0159\u00ed","link":"https:\/\/kotrla.com\/pmpro\/category\/stari-dobri\/"},"img":{"alt_text":"","src":"","width":0,"height":0},"classes":[]}],"jetpack_sharing_enabled":true,"_links":{"self":[{"href":"https:\/\/kotrla.com\/pmpro\/wp-json\/wp\/v2\/posts\/748","targetHints":{"allow":["GET"]}}],"collection":[{"href":"https:\/\/kotrla.com\/pmpro\/wp-json\/wp\/v2\/posts"}],"about":[{"href":"https:\/\/kotrla.com\/pmpro\/wp-json\/wp\/v2\/types\/post"}],"author":[{"embeddable":true,"href":"https:\/\/kotrla.com\/pmpro\/wp-json\/wp\/v2\/users\/1"}],"replies":[{"embeddable":true,"href":"https:\/\/kotrla.com\/pmpro\/wp-json\/wp\/v2\/comments?post=748"}],"version-history":[{"count":0,"href":"https:\/\/kotrla.com\/pmpro\/wp-json\/wp\/v2\/posts\/748\/revisions"}],"wp:attachment":[{"href":"https:\/\/kotrla.com\/pmpro\/wp-json\/wp\/v2\/media?parent=748"}],"wp:term":[{"taxonomy":"category","embeddable":true,"href":"https:\/\/kotrla.com\/pmpro\/wp-json\/wp\/v2\/categories?post=748"},{"taxonomy":"post_tag","embeddable":true,"href":"https:\/\/kotrla.com\/pmpro\/wp-json\/wp\/v2\/tags?post=748"}],"curies":[{"name":"wp","href":"https:\/\/api.w.org\/{rel}","templated":true}]}}