{"id":756,"date":"2005-05-25T05:00:13","date_gmt":"2005-05-25T04:00:13","guid":{"rendered":"http:\/\/kotrla.com\/wordpress\/?p=756"},"modified":"2019-11-20T22:29:04","modified_gmt":"2019-11-20T21:29:04","slug":"literarni-kveten-zmeny","status":"publish","type":"post","link":"https:\/\/kotrla.com\/pmpro\/2005\/05\/literarni-kveten-zmeny\/","title":{"rendered":"Liter\u00e1rn\u00ed kv\u011bten &#8211; zm\u011bny"},"content":{"rendered":"<p>M\u00e1m dojem, \u017ee organiz\u00e1to\u0159i leto\u0161n\u00edho ro\u010dn\u00edku maj\u00ed r\u00e1di zm\u011bny na pochodu. Podud se chyst\u00e1te na dne\u0161n\u00ed besedu do vset\u00ednsk\u00e9 knihovny, kterou budu moderovat a na kterou jsem v\u00e1s p\u0159ed \u010dasem zval, tak se setk\u00e1te s Jaroslavem Viesem, Janou \u010cervenkovou, \u0159editelem nakladatelstv\u00ed MF Ji\u0159\u00edm Kole\u010dkem a redaktorem nakladatelstv\u00ed Robertem Kub\u00e1nkem.<\/p>\n<p>Str\u00e1nky festivalu: <a href=\"http:\/\/www.literarnikveten.cz\/\">http:\/\/www.literarnikveten.cz\/<\/a><\/p>\n","protected":false},"excerpt":{"rendered":"<p>M\u00e1m dojem, \u017ee organiz\u00e1to\u0159i leto\u0161n\u00edho ro\u010dn\u00edku maj\u00ed r\u00e1di zm\u011bny na pochodu. Podud se chyst\u00e1te na dne\u0161n\u00ed besedu do vset\u00ednsk\u00e9 knihovny, kterou budu moderovat a na kterou jsem v\u00e1s p\u0159ed \u010dasem zval, tak se setk\u00e1te s Jaroslavem Viesem, Janou \u010cervenkovou, \u0159editelem nakladatelstv\u00ed MF Ji\u0159\u00edm Kole\u010dkem a redaktorem nakladatelstv\u00ed Robertem Kub\u00e1nkem. Str\u00e1nky festivalu: http:\/\/www.literarnikveten.cz\/<\/p>\n","protected":false},"author":1,"featured_media":0,"comment_status":"open","ping_status":"open","sticky":false,"template":"","format":"standard","meta":{"site-sidebar-layout":"default","site-content-layout":"","ast-site-content-layout":"default","site-content-style":"default","site-sidebar-style":"default","ast-global-header-display":"","ast-banner-title-visibility":"","ast-main-header-display":"","ast-hfb-above-header-display":"","ast-hfb-below-header-display":"","ast-hfb-mobile-header-display":"","site-post-title":"","ast-breadcrumbs-content":"","ast-featured-img":"","footer-sml-layout":"","ast-disable-related-posts":"","theme-transparent-header-meta":"","adv-header-id-meta":"","stick-header-meta":"","header-above-stick-meta":"","header-main-stick-meta":"","header-below-stick-meta":"","astra-migrate-meta-layouts":"default","ast-page-background-enabled":"default","ast-page-background-meta":{"desktop":{"background-color":"var(--ast-global-color-5)","background-image":"","background-repeat":"repeat","background-position":"center center","background-size":"auto","background-attachment":"scroll","background-type":"","background-media":"","overlay-type":"","overlay-color":"","overlay-opacity":"","overlay-gradient":""},"tablet":{"background-color":"","background-image":"","background-repeat":"repeat","background-position":"center center","background-size":"auto","background-attachment":"scroll","background-type":"","background-media":"","overlay-type":"","overlay-color":"","overlay-opacity":"","overlay-gradient":""},"mobile":{"background-color":"","background-image":"","background-repeat":"repeat","background-position":"center center","background-size":"auto","background-attachment":"scroll","background-type":"","background-media":"","overlay-type":"","overlay-color":"","overlay-opacity":"","overlay-gradient":""}},"ast-content-background-meta":{"desktop":{"background-color":"var(--ast-global-color-4)","background-image":"","background-repeat":"repeat","background-position":"center center","background-size":"auto","background-attachment":"scroll","background-type":"","background-media":"","overlay-type":"","overlay-color":"","overlay-opacity":"","overlay-gradient":""},"tablet":{"background-color":"var(--ast-global-color-4)","background-image":"","background-repeat":"repeat","background-position":"center center","background-size":"auto","background-attachment":"scroll","background-type":"","background-media":"","overlay-type":"","overlay-color":"","overlay-opacity":"","overlay-gradient":""},"mobile":{"background-color":"var(--ast-global-color-4)","background-image":"","background-repeat":"repeat","background-position":"center center","background-size":"auto","background-attachment":"scroll","background-type":"","background-media":"","overlay-type":"","overlay-color":"","overlay-opacity":"","overlay-gradient":""}},"jetpack_post_was_ever_published":false,"_jetpack_newsletter_access":"","_jetpack_dont_email_post_to_subs":false,"_jetpack_newsletter_tier_id":0,"_jetpack_memberships_contains_paywalled_content":false,"_jetpack_memberships_contains_paid_content":false,"footnotes":""},"categories":[1],"tags":[],"class_list":["post-756","post","type-post","status-publish","format-standard","hentry","category-nezarazene"],"jetpack_featured_media_url":"","jetpack_shortlink":"https:\/\/wp.me\/p4mLP7-cc","jetpack-related-posts":[{"id":7013,"url":"https:\/\/kotrla.com\/pmpro\/2021\/01\/rozhovor-oldricha-sulere-ke-knize-ukradeny-smich\/","url_meta":{"origin":756,"position":0},"title":"Rozhovor Old\u0159icha \u0160ule\u0159e ke knize Ukraden\u00fd sm\u00edch","author":"Pavel Kotrla","date":"10.1.2021","format":false,"excerpt":"\u010cesk\u00fd rozhlas Ostrava odvys\u00edlal rozhovor s Old\u0159ichem \u0160ule\u0159em o jeho prozaick\u00e9 prvotin\u011b Ukraden\u00fd sm\u00edch, kterou vydal v m\u00e9m mal\u00e9m nakladatelstv\u00ed Klenov. Knihu si m\u016f\u017eete zakoupit nap\u0159\u00edklad p\u0159\u00edmo na str\u00e1nk\u00e1ch autora. Stejn\u011b tak si zde m\u016f\u017eete zakoupit i jeho novou knihu autora V o\u010d\u00edch m\u011bli plameny, kter\u00e1 je v\u011bnov\u00e1na osudu Jana\u2026","rel":"","context":"V \u201eKnihy\u201c","block_context":{"text":"Knihy","link":"https:\/\/kotrla.com\/pmpro\/category\/knihy\/"},"img":{"alt_text":"","src":"https:\/\/i0.wp.com\/kotrla.com\/pmpro\/wp-content\/uploads\/2021\/01\/oldrich_suler_cro_ostrava.jpg?resize=350%2C200&ssl=1","width":350,"height":200,"srcset":"https:\/\/i0.wp.com\/kotrla.com\/pmpro\/wp-content\/uploads\/2021\/01\/oldrich_suler_cro_ostrava.jpg?resize=350%2C200&ssl=1 1x, https:\/\/i0.wp.com\/kotrla.com\/pmpro\/wp-content\/uploads\/2021\/01\/oldrich_suler_cro_ostrava.jpg?resize=525%2C300&ssl=1 1.5x, https:\/\/i0.wp.com\/kotrla.com\/pmpro\/wp-content\/uploads\/2021\/01\/oldrich_suler_cro_ostrava.jpg?resize=700%2C400&ssl=1 2x, https:\/\/i0.wp.com\/kotrla.com\/pmpro\/wp-content\/uploads\/2021\/01\/oldrich_suler_cro_ostrava.jpg?resize=1050%2C600&ssl=1 3x, https:\/\/i0.wp.com\/kotrla.com\/pmpro\/wp-content\/uploads\/2021\/01\/oldrich_suler_cro_ostrava.jpg?resize=1400%2C800&ssl=1 4x"},"classes":[]},{"id":12473,"url":"https:\/\/kotrla.com\/pmpro\/2025\/02\/na-cestach-plnych-nebezpeci-i-bizarnosti\/","url_meta":{"origin":756,"position":1},"title":"Na cest\u00e1ch pln\u00fdch nebezpe\u010d\u00ed i bizarnost\u00ed","author":"Pavel Kotrla","date":"10.2.2025","format":false,"excerpt":"Recenze Pavla Hork\u00e9ho z aktu\u00e1ln\u00edho \u010d\u00edsla \u010dasopisu Tvar (\u010d. 3\/2025, s. 21) na sb\u00edrku Moudrost stezky Miroslava \u010cern\u00e9ho, kterou vydalo m\u00e9 jednomu\u017en\u00e9 nakladatelstv\u00ed Klenov.","rel":"","context":"V \u201eLiteratura\u201c","block_context":{"text":"Literatura","link":"https:\/\/kotrla.com\/pmpro\/category\/literatura\/"},"img":{"alt_text":"","src":"https:\/\/i0.wp.com\/kotrla.com\/pmpro\/wp-content\/uploads\/2025\/02\/cerny_recenze_tvar_2025_2.jpg?resize=350%2C200&ssl=1","width":350,"height":200,"srcset":"https:\/\/i0.wp.com\/kotrla.com\/pmpro\/wp-content\/uploads\/2025\/02\/cerny_recenze_tvar_2025_2.jpg?resize=350%2C200&ssl=1 1x, https:\/\/i0.wp.com\/kotrla.com\/pmpro\/wp-content\/uploads\/2025\/02\/cerny_recenze_tvar_2025_2.jpg?resize=525%2C300&ssl=1 1.5x, https:\/\/i0.wp.com\/kotrla.com\/pmpro\/wp-content\/uploads\/2025\/02\/cerny_recenze_tvar_2025_2.jpg?resize=700%2C400&ssl=1 2x, https:\/\/i0.wp.com\/kotrla.com\/pmpro\/wp-content\/uploads\/2025\/02\/cerny_recenze_tvar_2025_2.jpg?resize=1050%2C600&ssl=1 3x, https:\/\/i0.wp.com\/kotrla.com\/pmpro\/wp-content\/uploads\/2025\/02\/cerny_recenze_tvar_2025_2.jpg?resize=1400%2C800&ssl=1 4x"},"classes":[]},{"id":9397,"url":"https:\/\/kotrla.com\/pmpro\/2022\/02\/krvaviny-jakuba-chrobaka-nominovany-na-cenu-jantar\/","url_meta":{"origin":756,"position":2},"title":"Krvaviny Jakuba Chrob\u00e1ka nominov\u00e1ny na Cenu Jantar","author":"Pavel Kotrla","date":"4.2.2022","format":false,"excerpt":"Mezi nominovan\u00fdmi knihami na Cenu Jantar za literaturu je i sb\u00edrka Jakuba Chrob\u00e1ka Krvaviny, kterou vydalo m\u00e9 jednomu\u017en\u00e9 nakladatelstv\u00ed Klenov vydalo z\u00e1v\u011brem lo\u0148sk\u00e9ho roku. Gratuluji i dal\u0161\u00edm nominovan\u00fdm.","rel":"","context":"V \u201eKnihy\u201c","block_context":{"text":"Knihy","link":"https:\/\/kotrla.com\/pmpro\/category\/knihy\/"},"img":{"alt_text":"","src":"https:\/\/i0.wp.com\/kotrla.com\/pmpro\/wp-content\/uploads\/2022\/02\/ceny-jantar-nominace-za-literaturu-2021.jpg?resize=350%2C200&ssl=1","width":350,"height":200,"srcset":"https:\/\/i0.wp.com\/kotrla.com\/pmpro\/wp-content\/uploads\/2022\/02\/ceny-jantar-nominace-za-literaturu-2021.jpg?resize=350%2C200&ssl=1 1x, https:\/\/i0.wp.com\/kotrla.com\/pmpro\/wp-content\/uploads\/2022\/02\/ceny-jantar-nominace-za-literaturu-2021.jpg?resize=525%2C300&ssl=1 1.5x, https:\/\/i0.wp.com\/kotrla.com\/pmpro\/wp-content\/uploads\/2022\/02\/ceny-jantar-nominace-za-literaturu-2021.jpg?resize=700%2C400&ssl=1 2x, https:\/\/i0.wp.com\/kotrla.com\/pmpro\/wp-content\/uploads\/2022\/02\/ceny-jantar-nominace-za-literaturu-2021.jpg?resize=1050%2C600&ssl=1 3x, https:\/\/i0.wp.com\/kotrla.com\/pmpro\/wp-content\/uploads\/2022\/02\/ceny-jantar-nominace-za-literaturu-2021.jpg?resize=1400%2C800&ssl=1 4x"},"classes":[]},{"id":9965,"url":"https:\/\/kotrla.com\/pmpro\/2022\/10\/stanislav-denk-uvedeni-nove-sbirky-hlava-vody\/","url_meta":{"origin":756,"position":3},"title":"STANISLAV DENK: Uveden\u00ed nov\u00e9 sb\u00edrky Hlava vody","author":"Pavel Kotrla","date":"10.10.2022","format":false,"excerpt":"Srde\u010dn\u011b zveme na uveden\u00ed nov\u00e9 knihy Stanislava Denka Hlava vody, kterou vydalo nakladatelstv\u00ed Klenov. Ve\u010der se uskute\u010dn\u00ed v pond\u011bl\u00ed 17. 10. 2022 v 19:00 v olomouck\u00e9 \u010dajovn\u011b Kratochv\u00edle. Podrobnosti najdete tak\u00e9 na str\u00e1nce akce na Facebooku.","rel":"","context":"V \u201eKnihy\u201c","block_context":{"text":"Knihy","link":"https:\/\/kotrla.com\/pmpro\/category\/knihy\/"},"img":{"alt_text":"","src":"https:\/\/i0.wp.com\/kotrla.com\/pmpro\/wp-content\/uploads\/2022\/06\/olomouc_IMGP0725.jpg?resize=350%2C200&ssl=1","width":350,"height":200,"srcset":"https:\/\/i0.wp.com\/kotrla.com\/pmpro\/wp-content\/uploads\/2022\/06\/olomouc_IMGP0725.jpg?resize=350%2C200&ssl=1 1x, https:\/\/i0.wp.com\/kotrla.com\/pmpro\/wp-content\/uploads\/2022\/06\/olomouc_IMGP0725.jpg?resize=525%2C300&ssl=1 1.5x, https:\/\/i0.wp.com\/kotrla.com\/pmpro\/wp-content\/uploads\/2022\/06\/olomouc_IMGP0725.jpg?resize=700%2C400&ssl=1 2x, https:\/\/i0.wp.com\/kotrla.com\/pmpro\/wp-content\/uploads\/2022\/06\/olomouc_IMGP0725.jpg?resize=1050%2C600&ssl=1 3x, https:\/\/i0.wp.com\/kotrla.com\/pmpro\/wp-content\/uploads\/2022\/06\/olomouc_IMGP0725.jpg?resize=1400%2C800&ssl=1 4x"},"classes":[]},{"id":1020,"url":"https:\/\/kotrla.com\/pmpro\/2004\/04\/letenka-do-noci\/","url_meta":{"origin":756,"position":4},"title":"Letenka do noci","author":"Pavel Kotrla","date":"26.4.2004","format":false,"excerpt":"Moje recenze na antologii surrealistick\u00e9 poezie, kterou vydalo nakladatelstv\u00ed Petrov, na port\u00e1lu \u010cesk\u00e9ho rozhlasu: http:\/\/www.rozhlas.cz\/kultura\/portal\/_zprava\/113594","rel":"","context":"V \u201eNeza\u0159azen\u00e9\u201c","block_context":{"text":"Neza\u0159azen\u00e9","link":"https:\/\/kotrla.com\/pmpro\/category\/nezarazene\/"},"img":{"alt_text":"","src":"","width":0,"height":0},"classes":[]},{"id":1259,"url":"https:\/\/kotrla.com\/pmpro\/2003\/08\/letmy-pohled-zpet\/","url_meta":{"origin":756,"position":5},"title":"Letm\u00fd pohled zp\u011bt","author":"Pavel Kotrla","date":"19.8.2003","format":false,"excerpt":"Moje recenze na knihu Petra Vacka Hovada, kterou vydalo nakladatelstv\u00ed Petrov.","rel":"","context":"V \u201eNeza\u0159azen\u00e9\u201c","block_context":{"text":"Neza\u0159azen\u00e9","link":"https:\/\/kotrla.com\/pmpro\/category\/nezarazene\/"},"img":{"alt_text":"","src":"","width":0,"height":0},"classes":[]}],"jetpack_sharing_enabled":true,"_links":{"self":[{"href":"https:\/\/kotrla.com\/pmpro\/wp-json\/wp\/v2\/posts\/756","targetHints":{"allow":["GET"]}}],"collection":[{"href":"https:\/\/kotrla.com\/pmpro\/wp-json\/wp\/v2\/posts"}],"about":[{"href":"https:\/\/kotrla.com\/pmpro\/wp-json\/wp\/v2\/types\/post"}],"author":[{"embeddable":true,"href":"https:\/\/kotrla.com\/pmpro\/wp-json\/wp\/v2\/users\/1"}],"replies":[{"embeddable":true,"href":"https:\/\/kotrla.com\/pmpro\/wp-json\/wp\/v2\/comments?post=756"}],"version-history":[{"count":0,"href":"https:\/\/kotrla.com\/pmpro\/wp-json\/wp\/v2\/posts\/756\/revisions"}],"wp:attachment":[{"href":"https:\/\/kotrla.com\/pmpro\/wp-json\/wp\/v2\/media?parent=756"}],"wp:term":[{"taxonomy":"category","embeddable":true,"href":"https:\/\/kotrla.com\/pmpro\/wp-json\/wp\/v2\/categories?post=756"},{"taxonomy":"post_tag","embeddable":true,"href":"https:\/\/kotrla.com\/pmpro\/wp-json\/wp\/v2\/tags?post=756"}],"curies":[{"name":"wp","href":"https:\/\/api.w.org\/{rel}","templated":true}]}}