{"id":757,"date":"2005-05-23T21:01:00","date_gmt":"2005-05-23T20:01:00","guid":{"rendered":"http:\/\/kotrla.com\/wordpress\/?p=757"},"modified":"2019-11-20T22:29:05","modified_gmt":"2019-11-20T21:29:05","slug":"kdo-je-autorem-nasledujicich-versu-90","status":"publish","type":"post","link":"https:\/\/kotrla.com\/pmpro\/2005\/05\/kdo-je-autorem-nasledujicich-versu-90\/","title":{"rendered":"Kdo je autorem n\u00e1sleduj\u00edc\u00edch ver\u0161\u016f? (90)"},"content":{"rendered":"<p>Dal\u0161\u00ed d\u00edl h\u00e1dankov\u00e9ho seri\u00e1lu. <i>Kdopak n\u00e1m napsal n\u00e1sleduj\u00edc\u00ed b\u00e1se\u0148?<\/i><br \/>\nN\u00e1pov\u011bda? Ale ano, autor p\u00ed\u0161e \u010desky.<\/p>\n<p>* * * <br \/>\nnic v\u00edc ne\u017e krajina:<br \/>\nco \u017eene vzh\u016fru<br \/>\ndot\u00fdk\u00e1 se zas kame<br \/>\nne: jen<br \/>\nkamene: co<br \/>\nje tu k \u00fadivu?<br \/>\nbezbarvo: hlas<br \/>\nkter\u00fd se ztr\u00e1c\u00ed<br \/>\nkdy\u017e dole bij\u00ed: ale i tam<br \/>\ncosi roste<br \/>\nza balvanem<br \/>\nopod\u00e1l: to nepodstatn\u00e9<br \/>\nv loveck\u00e9 sc\u00e9n\u011b<\/p>\n<p>12. 2. 1989<\/p>\n","protected":false},"excerpt":{"rendered":"<p>Dal\u0161\u00ed d\u00edl h\u00e1dankov\u00e9ho seri\u00e1lu. Kdopak n\u00e1m napsal n\u00e1sleduj\u00edc\u00ed b\u00e1se\u0148? N\u00e1pov\u011bda? Ale ano, autor p\u00ed\u0161e \u010desky. * * * nic v\u00edc ne\u017e krajina: co \u017eene vzh\u016fru dot\u00fdk\u00e1 se zas kame ne: jen kamene: co je tu k \u00fadivu? bezbarvo: hlas kter\u00fd se ztr\u00e1c\u00ed kdy\u017e dole bij\u00ed: ale i tam cosi roste za balvanem opod\u00e1l: to nepodstatn\u00e9 [&hellip;]<\/p>\n","protected":false},"author":1,"featured_media":0,"comment_status":"open","ping_status":"open","sticky":false,"template":"","format":"standard","meta":{"site-sidebar-layout":"default","site-content-layout":"","ast-site-content-layout":"default","site-content-style":"default","site-sidebar-style":"default","ast-global-header-display":"","ast-banner-title-visibility":"","ast-main-header-display":"","ast-hfb-above-header-display":"","ast-hfb-below-header-display":"","ast-hfb-mobile-header-display":"","site-post-title":"","ast-breadcrumbs-content":"","ast-featured-img":"","footer-sml-layout":"","ast-disable-related-posts":"","theme-transparent-header-meta":"","adv-header-id-meta":"","stick-header-meta":"","header-above-stick-meta":"","header-main-stick-meta":"","header-below-stick-meta":"","astra-migrate-meta-layouts":"default","ast-page-background-enabled":"default","ast-page-background-meta":{"desktop":{"background-color":"var(--ast-global-color-5)","background-image":"","background-repeat":"repeat","background-position":"center center","background-size":"auto","background-attachment":"scroll","background-type":"","background-media":"","overlay-type":"","overlay-color":"","overlay-opacity":"","overlay-gradient":""},"tablet":{"background-color":"","background-image":"","background-repeat":"repeat","background-position":"center center","background-size":"auto","background-attachment":"scroll","background-type":"","background-media":"","overlay-type":"","overlay-color":"","overlay-opacity":"","overlay-gradient":""},"mobile":{"background-color":"","background-image":"","background-repeat":"repeat","background-position":"center center","background-size":"auto","background-attachment":"scroll","background-type":"","background-media":"","overlay-type":"","overlay-color":"","overlay-opacity":"","overlay-gradient":""}},"ast-content-background-meta":{"desktop":{"background-color":"var(--ast-global-color-4)","background-image":"","background-repeat":"repeat","background-position":"center center","background-size":"auto","background-attachment":"scroll","background-type":"","background-media":"","overlay-type":"","overlay-color":"","overlay-opacity":"","overlay-gradient":""},"tablet":{"background-color":"var(--ast-global-color-4)","background-image":"","background-repeat":"repeat","background-position":"center center","background-size":"auto","background-attachment":"scroll","background-type":"","background-media":"","overlay-type":"","overlay-color":"","overlay-opacity":"","overlay-gradient":""},"mobile":{"background-color":"var(--ast-global-color-4)","background-image":"","background-repeat":"repeat","background-position":"center center","background-size":"auto","background-attachment":"scroll","background-type":"","background-media":"","overlay-type":"","overlay-color":"","overlay-opacity":"","overlay-gradient":""}},"jetpack_post_was_ever_published":false,"_jetpack_newsletter_access":"","_jetpack_dont_email_post_to_subs":false,"_jetpack_newsletter_tier_id":0,"_jetpack_memberships_contains_paywalled_content":false,"_jetpack_memberships_contains_paid_content":false,"footnotes":""},"categories":[17],"tags":[],"class_list":["post-757","post","type-post","status-publish","format-standard","hentry","category-kdo-je-autorem"],"jetpack_featured_media_url":"","jetpack_shortlink":"https:\/\/wp.me\/p4mLP7-cd","jetpack-related-posts":[{"id":1082,"url":"https:\/\/kotrla.com\/pmpro\/2004\/02\/kdo-je-autorem-nasledujicich-versu-23\/","url_meta":{"origin":757,"position":0},"title":"Kdo je autorem n\u00e1sleduj\u00edc\u00edch ver\u0161\u016f? (23)","author":"Pavel Kotrla","date":"12.2.2004","format":false,"excerpt":"Dnes je to bez n\u00e1pov\u011bdy. Ale i tak, nechejte chytr\u00e9 stroje sp\u00e1t\u2026 Bavte se. Ot\u00e1zka je st\u00e1le stejn\u00e1: Kdo je autorem n\u00e1sleduj\u00edc\u00edch ver\u0161\u016f? *** N\u011bkde tam kousek p\u0159ed brankou kde bl\u00e1to\u00a0\u00a0\u00a0kde voda\u00a0\u00a0\u00a0kde sn\u00edh p\u016flnoc si p\u0159i\u0161la s h\u00e1dankou co zlato\u00a0\u00a0\u00a0co hlod\u00e1\u00a0\u00a0\u00a0co sn\u00ed N\u011bkde tam kousek za stolem co zlato \u017e\u00edlu\u2026","rel":"","context":"V \u201eKdo je autorem?\u201c","block_context":{"text":"Kdo je autorem?","link":"https:\/\/kotrla.com\/pmpro\/category\/kdo-je-autorem\/"},"img":{"alt_text":"","src":"","width":0,"height":0},"classes":[]},{"id":1192,"url":"https:\/\/kotrla.com\/pmpro\/2003\/10\/kdo-je-autorem-nasledujicich-versu-11\/","url_meta":{"origin":757,"position":1},"title":"Kdo je autorem n\u00e1sleduj\u00edc\u00edch ver\u0161\u016f? (11)","author":"Pavel Kotrla","date":"16.10.2003","format":false,"excerpt":"Po krat\u0161\u00ed pauze je tu op\u011bt mal\u00e1 h\u00e1danka. Tentokr\u00e1t zabrous\u00edme do kon\u010din soci\u00e1ln\u00ed lyriky. Pravda, tro\u0161ku nekonven\u010dn\u00edch. Ot\u00e1zka ale z\u016fst\u00e1v\u00e1 po\u0159\u00e1d stejn\u00e1: Kdo je autorem n\u00e1sleduj\u00edc\u00edch ver\u0161\u016f? x x x Vyholuje si ohanb\u00ed \u00a0\u00a0\u00a0aby vypadala p\u011bkn\u011b \u00a0\u00a0\u00a0v\u016fbec nehanb\u00ed za to se \u00a0\u00a0\u00a0co je za\u010d vyholuje si pek\u00e1\u010d \u00a0\u00a0\u00a0(slangov\u00fd v\u00fdraz pro\u2026","rel":"","context":"V \u201eKdo je autorem?\u201c","block_context":{"text":"Kdo je autorem?","link":"https:\/\/kotrla.com\/pmpro\/category\/kdo-je-autorem\/"},"img":{"alt_text":"","src":"","width":0,"height":0},"classes":[]},{"id":331,"url":"https:\/\/kotrla.com\/pmpro\/2008\/08\/kdo-je-autorem-nasledujicich-versu-115\/","url_meta":{"origin":757,"position":2},"title":"Kdo je autorem n\u00e1sleduj\u00edc\u00edch ver\u0161\u016f? (115)","author":"Pavel Kotrla","date":"19.8.2008","format":false,"excerpt":"Tak v t\u00e9to rubrice jsem naposledy zve\u0159ejnil n\u011bco p\u0159ed rokem a p\u016fl. Ne, \u017ee bych za dobu \u017e\u00e1dnou poezii ne\u010detl, nebo ji zcela zanedb\u00e1val. Pravda, mo\u017en\u00e1 ji u\u017e nen\u00ed tolik, jako kdysi. Ale dnes ale dostal jsem sb\u00edrku, na kterou jsem se t\u011b\u0161il. Von\u00ed novotou. St\u0159\u00eddm\u00e1 \u00faprava, st\u0159\u00eddm\u00e9 proveden\u00ed. Tak\u017ee\u2026","rel":"","context":"V \u201eKdo je autorem?\u201c","block_context":{"text":"Kdo je autorem?","link":"https:\/\/kotrla.com\/pmpro\/category\/kdo-je-autorem\/"},"img":{"alt_text":"","src":"","width":0,"height":0},"classes":[]},{"id":893,"url":"https:\/\/kotrla.com\/pmpro\/2004\/10\/kdo-je-autorem-nasledujicich-versu-60\/","url_meta":{"origin":757,"position":3},"title":"Kdo je autorem n\u00e1sleduj\u00edc\u00edch ver\u0161\u016f? (60)","author":"Pavel Kotrla","date":"25.10.2004","format":false,"excerpt":"Dne\u0161n\u00ed r\u00e1no vzd\u00e1len jsem od kl\u00e1vesnice, ale pravideln\u00e1 pond\u011bln\u00ed ot\u00e1zka je tu: Kdo je autorem n\u00e1sleduj\u00edc\u00ed b\u00e1sn\u011b? * * * Tato slova p\u00ed\u0161u tesa\u0159skou tu\u017ekou nem\u00e1m jinou ve sv\u00e9m d\u0159ev\u011bn\u00e9m dom\u011b bol\u00ed m\u011b z toho ruce","rel":"","context":"V \u201eKdo je autorem?\u201c","block_context":{"text":"Kdo je autorem?","link":"https:\/\/kotrla.com\/pmpro\/category\/kdo-je-autorem\/"},"img":{"alt_text":"","src":"","width":0,"height":0},"classes":[]},{"id":458,"url":"https:\/\/kotrla.com\/pmpro\/2007\/04\/kdo-je-autorem-nasledujicich-versu-114\/","url_meta":{"origin":757,"position":4},"title":"Kdo je autorem n\u00e1sleduj\u00edc\u00edch ver\u0161\u016f? (114)","author":"Pavel Kotrla","date":"30.4.2007","format":false,"excerpt":"Posledn\u00ed h\u00e1danka se s p\u0159\u00edli\u0161 velk\u00fdm \u00fasp\u011bchem nesetkala. Ale aspo\u0148 dopln\u00edm jm\u00e9no autora a sb\u00edrku: Ivo Odehnal: Oho\u0159elec (Host 2006). Ale dnes je tu dal\u0161\u00ed. Rovnou d\u00e1m n\u011bkolik n\u00e1pov\u011bd: autorem n\u00e1sleduj\u00edch ver\u0161\u016f je \u017eena, kter\u00e9 vy\u0161la sb\u00edrka v tomto roce a publikovala tak\u00e9 v Textech, Dobr\u00e9 adrese\u2026 Text jsem vybral\u2026","rel":"","context":"V \u201eKdo je autorem?\u201c","block_context":{"text":"Kdo je autorem?","link":"https:\/\/kotrla.com\/pmpro\/category\/kdo-je-autorem\/"},"img":{"alt_text":"","src":"","width":0,"height":0},"classes":[]},{"id":851,"url":"https:\/\/kotrla.com\/pmpro\/2004\/12\/kdo-je-autorem-nasledujicich-versu-69\/","url_meta":{"origin":757,"position":5},"title":"Kdo je autorem n\u00e1sleduj\u00edc\u00edch ver\u0161\u016f? (69)","author":"Pavel Kotrla","date":"27.12.2004","format":false,"excerpt":"Pond\u011bl\u00ed mezi sv\u00e1tky. A volno. :) Ale ani tak nebudete ochuzeni o svou porci pond\u011bln\u00edho dotazu: Tak\u017ee, kdopak je autorem n\u00e1sleduj\u00edc\u00ed b\u00e1sn\u011b? Tentokr\u00e1t to nen\u00ed nic lehk\u00e9ho, ale snad se n\u011bkdo najde. \u010casu je dost. Pravopis je p\u016fvodn\u00ed. T\u0159eba n\u011bco napov\u00ed. GOLGOTA POD KL\u00c1\u0160\u0164OVEM Ohnivou noc\u00ed krm\u00ed ove\u010dky hor Dali\u2026","rel":"","context":"V \u201eKdo je autorem?\u201c","block_context":{"text":"Kdo je autorem?","link":"https:\/\/kotrla.com\/pmpro\/category\/kdo-je-autorem\/"},"img":{"alt_text":"","src":"","width":0,"height":0},"classes":[]}],"jetpack_sharing_enabled":true,"_links":{"self":[{"href":"https:\/\/kotrla.com\/pmpro\/wp-json\/wp\/v2\/posts\/757","targetHints":{"allow":["GET"]}}],"collection":[{"href":"https:\/\/kotrla.com\/pmpro\/wp-json\/wp\/v2\/posts"}],"about":[{"href":"https:\/\/kotrla.com\/pmpro\/wp-json\/wp\/v2\/types\/post"}],"author":[{"embeddable":true,"href":"https:\/\/kotrla.com\/pmpro\/wp-json\/wp\/v2\/users\/1"}],"replies":[{"embeddable":true,"href":"https:\/\/kotrla.com\/pmpro\/wp-json\/wp\/v2\/comments?post=757"}],"version-history":[{"count":0,"href":"https:\/\/kotrla.com\/pmpro\/wp-json\/wp\/v2\/posts\/757\/revisions"}],"wp:attachment":[{"href":"https:\/\/kotrla.com\/pmpro\/wp-json\/wp\/v2\/media?parent=757"}],"wp:term":[{"taxonomy":"category","embeddable":true,"href":"https:\/\/kotrla.com\/pmpro\/wp-json\/wp\/v2\/categories?post=757"},{"taxonomy":"post_tag","embeddable":true,"href":"https:\/\/kotrla.com\/pmpro\/wp-json\/wp\/v2\/tags?post=757"}],"curies":[{"name":"wp","href":"https:\/\/api.w.org\/{rel}","templated":true}]}}