{"id":766,"date":"2005-05-07T22:25:45","date_gmt":"2005-05-07T21:25:45","guid":{"rendered":"http:\/\/kotrla.com\/wordpress\/?p=766"},"modified":"2020-03-04T10:37:24","modified_gmt":"2020-03-04T09:37:24","slug":"literarni-casopisy-na-pocatku-kvetna","status":"publish","type":"post","link":"https:\/\/kotrla.com\/pmpro\/2005\/05\/literarni-casopisy-na-pocatku-kvetna\/","title":{"rendered":"Liter\u00e1rn\u00ed \u010dasopisy na po\u010d\u00e1tku kv\u011btna"},"content":{"rendered":"<p>Neb\u00fdt toho, \u017ee pravideln\u011b poslouch\u00e1m Vltavu, asi bych nezaregistroval, \u017ee m\u016fj obl\u00edben\u00fd \u010dasopis <a href=\"http:\/\/www.splav.cz\/plav\/\">Plav<\/a> existuj\u00edc\u00ed doposud pouze v internetov\u00e9 verzi za\u010d\u00edn\u00e1 vych\u00e1zet i v ti\u0161t\u011bn\u00e9 podob\u011b. Tato verze m\u00e1 dom\u00e9nu na adrese <a href=\"http:\/\/www.svetovka.cz\">http:\/\/www.svetovka.cz<\/a>. U\u017e z toho je patrn\u00e9, na chce navazovat na starou dobrou, ale neexistuj\u00edc\u00ed Sv\u011btovou literaturu. Tento nov\u00fd m\u011bs\u00ed\u010dn\u00edk by m\u011bl j\u00edt do distribuce v pond\u011bl\u00ed a \u010d\u00edslo by m\u011blo b\u00fdt v\u011bnov\u00e1no p\u0159eklad\u016fm ze sou\u010dasn\u00fdch slovansk\u00fdch literatur. Douf\u00e1m, \u017ee bude i v m\u00e9m obl\u00edben\u00e9m knihkupectv\u00ed. \ud83d\ude42<br \/>\nDorazil i Tvar, u\u017e ve (staro)nov\u00e9 redakci, tedy pod veden\u00edm \u0161\u00e9fredaktora Lubora Kasala. Obsahov\u00e9 zm\u011bny zat\u00edm p\u0159\u00edli\u0161 patrn\u00e9 nejsou, person\u00e1ln\u00ed ano. Ne v\u0161em se l\u00edb\u00ed, soud\u00edm tak nejenom podle email\u016f ob\u00edhaj\u00edc\u00edch internetem.<br \/>\nLiter\u00e1rn\u00ed noviny op\u011bt zprovoznily <a href=\"http:\/\/literarky.cz\/\">internetov\u00e9 str\u00e1nky<\/a>. Obsahov\u011b je to b\u00edda. No, nen\u00ed se \u010demu divit. Moc se to \u010d\u00edst ned\u00e1 ano ti\u0161t\u011bn\u00e9. Ale proto\u017ee situaci sledujeme, ob\u010dasn\u00e9mu n\u00e1kupu se nevyhneme. Tak se aspo\u0148 <a href=\"http:\/\/malyctenar.bloguje.cz\/144768_item.php%23koment\">p\u0159imluvte<\/a> se za znovuo\u017eiven\u00ed archivu u webmastera str\u00e1nek.<\/p>\n","protected":false},"excerpt":{"rendered":"<p>Neb\u00fdt toho, \u017ee pravideln\u011b poslouch\u00e1m Vltavu, asi bych nezaregistroval, \u017ee m\u016fj obl\u00edben\u00fd \u010dasopis Plav existuj\u00edc\u00ed doposud pouze v internetov\u00e9 verzi za\u010d\u00edn\u00e1 vych\u00e1zet i v ti\u0161t\u011bn\u00e9 podob\u011b. Tato verze m\u00e1 dom\u00e9nu na adrese http:\/\/www.svetovka.cz. U\u017e z toho je patrn\u00e9, na chce navazovat na starou dobrou, ale neexistuj\u00edc\u00ed Sv\u011btovou literaturu. Tento nov\u00fd m\u011bs\u00ed\u010dn\u00edk by m\u011bl j\u00edt do [&hellip;]<\/p>\n","protected":false},"author":1,"featured_media":0,"comment_status":"open","ping_status":"open","sticky":false,"template":"","format":"standard","meta":{"site-sidebar-layout":"default","site-content-layout":"","ast-site-content-layout":"default","site-content-style":"default","site-sidebar-style":"default","ast-global-header-display":"","ast-banner-title-visibility":"","ast-main-header-display":"","ast-hfb-above-header-display":"","ast-hfb-below-header-display":"","ast-hfb-mobile-header-display":"","site-post-title":"","ast-breadcrumbs-content":"","ast-featured-img":"","footer-sml-layout":"","ast-disable-related-posts":"","theme-transparent-header-meta":"","adv-header-id-meta":"","stick-header-meta":"","header-above-stick-meta":"","header-main-stick-meta":"","header-below-stick-meta":"","astra-migrate-meta-layouts":"default","ast-page-background-enabled":"default","ast-page-background-meta":{"desktop":{"background-color":"var(--ast-global-color-5)","background-image":"","background-repeat":"repeat","background-position":"center center","background-size":"auto","background-attachment":"scroll","background-type":"","background-media":"","overlay-type":"","overlay-color":"","overlay-opacity":"","overlay-gradient":""},"tablet":{"background-color":"","background-image":"","background-repeat":"repeat","background-position":"center center","background-size":"auto","background-attachment":"scroll","background-type":"","background-media":"","overlay-type":"","overlay-color":"","overlay-opacity":"","overlay-gradient":""},"mobile":{"background-color":"","background-image":"","background-repeat":"repeat","background-position":"center center","background-size":"auto","background-attachment":"scroll","background-type":"","background-media":"","overlay-type":"","overlay-color":"","overlay-opacity":"","overlay-gradient":""}},"ast-content-background-meta":{"desktop":{"background-color":"var(--ast-global-color-4)","background-image":"","background-repeat":"repeat","background-position":"center center","background-size":"auto","background-attachment":"scroll","background-type":"","background-media":"","overlay-type":"","overlay-color":"","overlay-opacity":"","overlay-gradient":""},"tablet":{"background-color":"var(--ast-global-color-4)","background-image":"","background-repeat":"repeat","background-position":"center center","background-size":"auto","background-attachment":"scroll","background-type":"","background-media":"","overlay-type":"","overlay-color":"","overlay-opacity":"","overlay-gradient":""},"mobile":{"background-color":"var(--ast-global-color-4)","background-image":"","background-repeat":"repeat","background-position":"center center","background-size":"auto","background-attachment":"scroll","background-type":"","background-media":"","overlay-type":"","overlay-color":"","overlay-opacity":"","overlay-gradient":""}},"jetpack_post_was_ever_published":false,"_jetpack_newsletter_access":"","_jetpack_dont_email_post_to_subs":false,"_jetpack_newsletter_tier_id":0,"_jetpack_memberships_contains_paywalled_content":false,"_jetpack_memberships_contains_paid_content":false,"footnotes":""},"categories":[2,1],"tags":[],"class_list":["post-766","post","type-post","status-publish","format-standard","hentry","category-literatura","category-nezarazene"],"jetpack_featured_media_url":"","jetpack_shortlink":"https:\/\/wp.me\/p4mLP7-cm","jetpack-related-posts":[{"id":525,"url":"https:\/\/kotrla.com\/pmpro\/2006\/09\/literarni-casopisy-na-pocatku-skolniho-roku\/","url_meta":{"origin":766,"position":0},"title":"Liter\u00e1rn\u00ed \u010dasopisy na po\u010d\u00e1tku \u0161koln\u00edho roku","author":"Pavel Kotrla","date":"8.9.2006","format":false,"excerpt":"Moje kdysi pom\u011brn\u011b pravideln\u00e1 \u010dasopiseck\u00e1 hl\u00eddka tu ji\u017e del\u0161\u00ed dobu nebyla. Nen\u00ed to t\u00edm, \u017ee by v\u0161echny p\u0159estaly vych\u00e1zet, by\u0165 l\u00e9to je tradi\u010dn\u00edm oddechov\u00fdm \u010dasem pro Host nebo Tvar. Jenom se mi zd\u00e1lo, \u017ee nen\u00ed n\u011bjak o \u010dem ps\u00e1t. Za\u010dalo to t\u00edm, \u017ee jsem si p\u0159ed n\u011bkolika t\u00fddny pod dlouh\u00e9m\u2026","rel":"","context":"V \u201e\u010cten\u00e1\u0159sk\u00fd den\u00edk\u201c","block_context":{"text":"\u010cten\u00e1\u0159sk\u00fd den\u00edk","link":"https:\/\/kotrla.com\/pmpro\/category\/ctenarsky-denik\/"},"img":{"alt_text":"\u017divel 27","src":"https:\/\/i0.wp.com\/kotrla.com\/pmpro\/images\/uploads\/zivel_27.gif?resize=350%2C200&ssl=1","width":350,"height":200},"classes":[]},{"id":320,"url":"https:\/\/kotrla.com\/pmpro\/2008\/11\/z-bloku-05-prazdna-mista-na-okraji\/","url_meta":{"origin":766,"position":1},"title":"Z bloku 05: Pr\u00e1zdn\u00e1 m\u00edsta na okraji","author":"Pavel Kotrla","date":"4.11.2008","format":false,"excerpt":"Sloupek vy\u0161el v Tvaru \u010d. 17 (16.10.2008). Ohlas pak v pond\u011bln\u00edku Vladim\u00edra Novotn\u00e9ho Hroz\u00ed n\u00e1m tis\u00edce \u0160pirit\u016f? P\u0159i brouzd\u00e1n\u00ed, kter\u00e9 se mi v l\u00e9t\u011b a na podzim poda\u0159ilo na\u0161t\u011bst\u00ed omezit na nejnutn\u011bj\u0161\u00ed minimum, jsem narazil sv\u00e9ho \u010dasu na rusk\u00e9 str\u00e1nky, kter\u00e9 se v\u011bnovaly geografick\u00e9mu rozm\u00edst\u011bn\u00ed spisovatel\u016f v t\u00e9to rozs\u00e1hl\u00e9 zemi.\u2026","rel":"","context":"V \u201eSloupky pro Tvar\u201c","block_context":{"text":"Sloupky pro Tvar","link":"https:\/\/kotrla.com\/pmpro\/category\/sloupky-pro-tvar\/"},"img":{"alt_text":"","src":"","width":0,"height":0},"classes":[]},{"id":349,"url":"https:\/\/kotrla.com\/pmpro\/2008\/05\/z-bloku-01-ctenar-casopisu-na-konci-obdobi-zimniho-spanku\/","url_meta":{"origin":766,"position":2},"title":"Z bloku 01: \u010cten\u00e1\u0159 \u010dasopis\u016f na konci obdob\u00ed zimn\u00edho sp\u00e1nku","author":"Pavel Kotrla","date":"16.5.2008","format":false,"excerpt":"Tak jsem se nechal ukecat. \u0158\u00edkal jsem si, \u017ee po t\u0159\u00edap\u016fllet\u00e9m psan\u00ed sloupk\u016f (snad se dokopu k tomu, aby tam bylo \u010dasem v\u0161ech t\u0159iat\u0159icet) pro Host u\u017e do toho jen tak nep\u016fjdu. No, ale pro Tvar jsem v\u017edycky m\u011bl tak trochu slabost. Sloupek vy\u0161el v Tvaru \u010d.9 (01.05.2008) \u010cten\u00e1\u0159 \u010dasopis\u016f\u2026","rel":"","context":"V \u201eSloupky pro Tvar\u201c","block_context":{"text":"Sloupky pro Tvar","link":"https:\/\/kotrla.com\/pmpro\/category\/sloupky-pro-tvar\/"},"img":{"alt_text":"","src":"","width":0,"height":0},"classes":[]},{"id":1335,"url":"https:\/\/kotrla.com\/pmpro\/2003\/05\/cteni-na-vikend-3\/","url_meta":{"origin":766,"position":3},"title":"\u010cten\u00ed na v\u00edkend","author":"Pavel Kotrla","date":"30.5.2003","format":false,"excerpt":"V\u010dera v e-mailu mne \u010dekalo mil\u00e9 p\u0159ekvapen\u00ed. Pov\u00eddka Jakuba Gromb\u00ed\u0159e Podzim s v\u016fn\u00ed merkaptanu, ze kter\u00e9 \u010dten\u00e1\u0159i Text\u016f ji\u017e znaj\u00ed \u00faryvek. Te\u010f si ji m\u016f\u017eete p\u0159e\u010d\u00edst celou. A stoj\u00ed to za to. Ale stejn\u011b v hlav\u011b furt \u0159e\u0161\u00edm jednu z\u00e1hadu: Pro\u010d u\u017e jsi Kubo nevydal n\u011bjakou kn\u00ed\u017eku? Kur\u0148a. Ani bych\u2026","rel":"","context":"V \u201eNeza\u0159azen\u00e9\u201c","block_context":{"text":"Neza\u0159azen\u00e9","link":"https:\/\/kotrla.com\/pmpro\/category\/nezarazene\/"},"img":{"alt_text":"","src":"","width":0,"height":0},"classes":[]},{"id":995,"url":"https:\/\/kotrla.com\/pmpro\/2004\/06\/ohlednuti-za-literarnim-kvetnem\/","url_meta":{"origin":766,"position":4},"title":"Ohl\u00e9dnut\u00ed za Liter\u00e1rn\u00edm kv\u011btnem","author":"Pavel Kotrla","date":"2.6.2004","format":false,"excerpt":"Zl\u00ednsk\u00fd Liter\u00e1rn\u00ed kv\u011bten je jeden z m\u00e1la liter\u00e1rn\u00edch festival\u016f, kter\u00e9 m\u00e1m v oblib\u011b. Za hlavn\u00ed klad pova\u017euji, \u017ee nen\u00ed organizov\u00e1n samotn\u00fdmi liter\u00e1ty, ale studenty multimedi\u00e1ln\u00edch komunikac\u00ed. Spojen\u00ed, kter\u00e9 je mo\u017en\u00e1 zar\u00e1\u017eej\u00edc\u00ed, ale kter\u00e9 se vypl\u00e1c\u00ed. Festival funguje velmi dob\u0159e, bez z\u00e1drhel\u016f, kter\u00e9 by byly patrn\u00e9 \u00fa\u010dastn\u00edk\u016fm. Jen tak d\u00e1l! Na\u2026","rel":"","context":"V \u201eNeza\u0159azen\u00e9\u201c","block_context":{"text":"Neza\u0159azen\u00e9","link":"https:\/\/kotrla.com\/pmpro\/category\/nezarazene\/"},"img":{"alt_text":"","src":"","width":0,"height":0},"classes":[]},{"id":1319,"url":"https:\/\/kotrla.com\/pmpro\/2003\/06\/je-cas-byt-proti\/","url_meta":{"origin":766,"position":5},"title":"Je \u010das b\u00fdt proti","author":"Pavel Kotrla","date":"16.6.2003","format":false,"excerpt":"Tak i na na\u0161\u00ed mal\u00e9 d\u011bdin\u011b se volilo pro vstup do EU. N\u00e1sleduj\u00edc\u00edm pom\u011brem ANO - 353 x NE - 71. \u00da\u010dast byla 57,7%. Ne\u010dekal jsem tak jednostrann\u00fd v\u00fdsledek. V t\u00e9 mas\u00e1\u017ei hlav v minul\u00fdch t\u00fddnech n\u011bkter\u00e9 podstatn\u00e9 v\u011bci nezazn\u011bly. Vad\u00ed mi to a nez\u00e1le\u017e\u00ed na tom, \u017ee s\u00e1m osobn\u011b\u2026","rel":"","context":"V \u201eNeza\u0159azen\u00e9\u201c","block_context":{"text":"Neza\u0159azen\u00e9","link":"https:\/\/kotrla.com\/pmpro\/category\/nezarazene\/"},"img":{"alt_text":"","src":"","width":0,"height":0},"classes":[]}],"jetpack_sharing_enabled":true,"_links":{"self":[{"href":"https:\/\/kotrla.com\/pmpro\/wp-json\/wp\/v2\/posts\/766","targetHints":{"allow":["GET"]}}],"collection":[{"href":"https:\/\/kotrla.com\/pmpro\/wp-json\/wp\/v2\/posts"}],"about":[{"href":"https:\/\/kotrla.com\/pmpro\/wp-json\/wp\/v2\/types\/post"}],"author":[{"embeddable":true,"href":"https:\/\/kotrla.com\/pmpro\/wp-json\/wp\/v2\/users\/1"}],"replies":[{"embeddable":true,"href":"https:\/\/kotrla.com\/pmpro\/wp-json\/wp\/v2\/comments?post=766"}],"version-history":[{"count":0,"href":"https:\/\/kotrla.com\/pmpro\/wp-json\/wp\/v2\/posts\/766\/revisions"}],"wp:attachment":[{"href":"https:\/\/kotrla.com\/pmpro\/wp-json\/wp\/v2\/media?parent=766"}],"wp:term":[{"taxonomy":"category","embeddable":true,"href":"https:\/\/kotrla.com\/pmpro\/wp-json\/wp\/v2\/categories?post=766"},{"taxonomy":"post_tag","embeddable":true,"href":"https:\/\/kotrla.com\/pmpro\/wp-json\/wp\/v2\/tags?post=766"}],"curies":[{"name":"wp","href":"https:\/\/api.w.org\/{rel}","templated":true}]}}