{"id":770,"date":"2005-04-27T21:41:03","date_gmt":"2005-04-27T20:41:03","guid":{"rendered":"http:\/\/kotrla.com\/wordpress\/?p=770"},"modified":"2019-11-20T22:29:06","modified_gmt":"2019-11-20T21:29:06","slug":"stredoevropsky-prekladatelsky-tabor-2005","status":"publish","type":"post","link":"https:\/\/kotrla.com\/pmpro\/2005\/04\/stredoevropsky-prekladatelsky-tabor-2005\/","title":{"rendered":"St\u0159edoevropsk\u00fd p\u0159ekladatelsk\u00fd t\u00e1bor 2005"},"content":{"rendered":"<p>Aspo\u0148 \u010d\u00e1ste\u010dn\u011b jsem aktualizoval str\u00e1nky na\u0161eho p\u0159ekladatelsk\u00e9ho t\u00e1bora, kter\u00fd se bude konat i letos. Hl\u00e1s\u00ed se nejenom nov\u00ed z\u00e1jemci, ale i lon\u0161t\u00ed \u00fa\u010dastn\u00edci. V\u00edce informac\u00ed o t\u00e9to akci na podporu nejenom \u010desk\u00e9 literatury najdete na str\u00e1nk\u00e1ch <a href=\"http:\/\/prekladatelskytabor.kotrla.com\/\">http:\/\/prekladatelskytabor.kotrla.com\/<\/a>. V dohledn\u00e9 dob\u011b budou dopln\u011bny o dal\u0161\u00ed informace.<\/p>\n","protected":false},"excerpt":{"rendered":"<p>Aspo\u0148 \u010d\u00e1ste\u010dn\u011b jsem aktualizoval str\u00e1nky na\u0161eho p\u0159ekladatelsk\u00e9ho t\u00e1bora, kter\u00fd se bude konat i letos. Hl\u00e1s\u00ed se nejenom nov\u00ed z\u00e1jemci, ale i lon\u0161t\u00ed \u00fa\u010dastn\u00edci. V\u00edce informac\u00ed o t\u00e9to akci na podporu nejenom \u010desk\u00e9 literatury najdete na str\u00e1nk\u00e1ch http:\/\/prekladatelskytabor.kotrla.com\/. V dohledn\u00e9 dob\u011b budou dopln\u011bny o dal\u0161\u00ed informace.<\/p>\n","protected":false},"author":1,"featured_media":0,"comment_status":"open","ping_status":"open","sticky":false,"template":"","format":"standard","meta":{"site-sidebar-layout":"default","site-content-layout":"","ast-site-content-layout":"default","site-content-style":"default","site-sidebar-style":"default","ast-global-header-display":"","ast-banner-title-visibility":"","ast-main-header-display":"","ast-hfb-above-header-display":"","ast-hfb-below-header-display":"","ast-hfb-mobile-header-display":"","site-post-title":"","ast-breadcrumbs-content":"","ast-featured-img":"","footer-sml-layout":"","ast-disable-related-posts":"","theme-transparent-header-meta":"","adv-header-id-meta":"","stick-header-meta":"","header-above-stick-meta":"","header-main-stick-meta":"","header-below-stick-meta":"","astra-migrate-meta-layouts":"default","ast-page-background-enabled":"default","ast-page-background-meta":{"desktop":{"background-color":"var(--ast-global-color-5)","background-image":"","background-repeat":"repeat","background-position":"center center","background-size":"auto","background-attachment":"scroll","background-type":"","background-media":"","overlay-type":"","overlay-color":"","overlay-opacity":"","overlay-gradient":""},"tablet":{"background-color":"","background-image":"","background-repeat":"repeat","background-position":"center center","background-size":"auto","background-attachment":"scroll","background-type":"","background-media":"","overlay-type":"","overlay-color":"","overlay-opacity":"","overlay-gradient":""},"mobile":{"background-color":"","background-image":"","background-repeat":"repeat","background-position":"center center","background-size":"auto","background-attachment":"scroll","background-type":"","background-media":"","overlay-type":"","overlay-color":"","overlay-opacity":"","overlay-gradient":""}},"ast-content-background-meta":{"desktop":{"background-color":"var(--ast-global-color-4)","background-image":"","background-repeat":"repeat","background-position":"center center","background-size":"auto","background-attachment":"scroll","background-type":"","background-media":"","overlay-type":"","overlay-color":"","overlay-opacity":"","overlay-gradient":""},"tablet":{"background-color":"var(--ast-global-color-4)","background-image":"","background-repeat":"repeat","background-position":"center center","background-size":"auto","background-attachment":"scroll","background-type":"","background-media":"","overlay-type":"","overlay-color":"","overlay-opacity":"","overlay-gradient":""},"mobile":{"background-color":"var(--ast-global-color-4)","background-image":"","background-repeat":"repeat","background-position":"center center","background-size":"auto","background-attachment":"scroll","background-type":"","background-media":"","overlay-type":"","overlay-color":"","overlay-opacity":"","overlay-gradient":""}},"jetpack_post_was_ever_published":false,"_jetpack_newsletter_access":"","_jetpack_dont_email_post_to_subs":false,"_jetpack_newsletter_tier_id":0,"_jetpack_memberships_contains_paywalled_content":false,"_jetpack_memberships_contains_paid_content":false,"footnotes":""},"categories":[1],"tags":[],"class_list":["post-770","post","type-post","status-publish","format-standard","hentry","category-nezarazene"],"jetpack_featured_media_url":"","jetpack_shortlink":"https:\/\/wp.me\/p4mLP7-cq","jetpack-related-posts":[{"id":1094,"url":"https:\/\/kotrla.com\/pmpro\/2004\/01\/z-rusofilova-koutku\/","url_meta":{"origin":770,"position":0},"title":"Z rusofilova koutku","author":"Pavel Kotrla","date":"26.1.2004","format":false,"excerpt":"Nejenom psan\u00e9 slovo pat\u0159\u00ed k literatu\u0159e, ale tak\u00e9 slovo mluven\u00e9. Pap\u00edr je pap\u00edr, ale i audioknihy maj\u00ed sv\u016fj nezam\u011bniteln\u00fd p\u016fvab. T\u0159eba takov\u00fd \u0160vejk v ru\u0161tin\u011b! No, to chce sly\u0161et! Nejenom tuto knihu, ale mnoh\u00e9 dal\u0161\u00ed m\u016f\u017eete naj\u00edt na str\u00e1nk\u00e1ch aKniga.com. Jedn\u00e1 se ale o soubory ur\u010den\u00e9 P2P s\u00ed\u0165 eMule a\u2026","rel":"","context":"V \u201eInternet\u201c","block_context":{"text":"Internet","link":"https:\/\/kotrla.com\/pmpro\/category\/internet\/"},"img":{"alt_text":"","src":"","width":0,"height":0},"classes":[]},{"id":246,"url":"https:\/\/kotrla.com\/pmpro\/2009\/10\/tri-setkani-v-jednom-aneb-vecirek-nejenom-textu\/","url_meta":{"origin":770,"position":1},"title":"T\u0159i setk\u00e1n\u00ed v jednom (aneb ve\u010d\u00edrek nejenom Text\u016f)","author":"Pavel Kotrla","date":"7.10.2009","format":false,"excerpt":"Srde\u010dn\u011b zveme na T\u0159i setk\u00e1n\u00ed v jednom - s Mojm\u00edrem Tr\u00e1vn\u00ed\u010dkem a jeho novou kn\u00ed\u017ekou vzpom\u00ednek V letokruz\u00edch naboso, - se \u010dten\u00e1\u0159i, autory a redaktory liter\u00e1rn\u00edho \u010dtvrtletn\u00edku Texty, - s cimb\u00e1lovou muzikou vykazuj\u00edc\u00ed l\u00e9\u010div\u00e9 \u00fa\u010dinky. M\u00edsto: Knihkupectv\u00ed Malina Vset\u00edn, p\u00e1tek 23. \u0159\u00edjna 2009 od 17 hodin, n\u00e1sledn\u011b v restauraci Snaha\u2026","rel":"","context":"V \u201eLiteratura\u201c","block_context":{"text":"Literatura","link":"https:\/\/kotrla.com\/pmpro\/category\/literatura\/"},"img":{"alt_text":"Mojm\u00edr Tr\u00e1vn\u00ed\u010dek - V letokruz\u00edch naboso","src":"https:\/\/i0.wp.com\/kotrla.com\/pmpro\/images\/uploads\/v_letokruzich.gif?resize=350%2C200&ssl=1","width":350,"height":200},"classes":[]},{"id":3032,"url":"https:\/\/kotrla.com\/pmpro\/2016\/12\/zemrel-zdenek-hartinger-1938-2016\/","url_meta":{"origin":770,"position":2},"title":"Zem\u0159el Zden\u011bk Hartinger (1938-2016)","author":"Pavel Kotrla","date":"3.12.2016","format":false,"excerpt":"Jedna smutn\u00e1 zpr\u00e1va z tohoto t\u00fddne. \u0160koda, \u017ee jedinou jeho vydanou knihou z\u016fst\u00e1v\u00e1 jen ta, kterou jsme spole\u010dn\u011b dali dohromady pro sol\u00e1\u0148skou edici (foto ze k\u0159tu). P\u0159itom z\u00e1b\u011br\u016f by bylo na n\u011bkolik dal\u0161\u00edch. A to nejenom vala\u0161sk\u00e9 krajiny, kter\u00e9 se v\u011bnoval nejv\u00edc. Sta\u010d\u00ed si vzpomenout na jeho retrospektivn\u00ed v\u00fdstavy sahaj\u00edc\u00ed\u2026","rel":"","context":"V \u201eFotografie\u201c","block_context":{"text":"Fotografie","link":"https:\/\/kotrla.com\/pmpro\/category\/fotografie\/"},"img":{"alt_text":"Zden\u011bk Hartinger (1938-2016)","src":"https:\/\/i0.wp.com\/kotrla.com\/pmpro\/wp-content\/uploads\/2016\/12\/zdenek_hartinger_IMG6375.jpg?resize=350%2C200&ssl=1","width":350,"height":200,"srcset":"https:\/\/i0.wp.com\/kotrla.com\/pmpro\/wp-content\/uploads\/2016\/12\/zdenek_hartinger_IMG6375.jpg?resize=350%2C200&ssl=1 1x, https:\/\/i0.wp.com\/kotrla.com\/pmpro\/wp-content\/uploads\/2016\/12\/zdenek_hartinger_IMG6375.jpg?resize=525%2C300&ssl=1 1.5x, https:\/\/i0.wp.com\/kotrla.com\/pmpro\/wp-content\/uploads\/2016\/12\/zdenek_hartinger_IMG6375.jpg?resize=700%2C400&ssl=1 2x, https:\/\/i0.wp.com\/kotrla.com\/pmpro\/wp-content\/uploads\/2016\/12\/zdenek_hartinger_IMG6375.jpg?resize=1050%2C600&ssl=1 3x"},"classes":[]},{"id":10688,"url":"https:\/\/kotrla.com\/pmpro\/2023\/08\/letni-cteni-na-strese-2\/","url_meta":{"origin":770,"position":3},"title":"Letn\u00ed \u010dten\u00ed na st\u0159e\u0161e","author":"Pavel Kotrla","date":"21.8.2023","format":false,"excerpt":"Tak je\u0161t\u011b jednou pozv\u00e1n\u00ed na vset\u00ednskou liter\u00e1rn\u00ed akci, kter\u00e1 ka\u017edoro\u010dn\u011b prob\u00edh\u00e1 v m\u00e9 re\u017eii. Letos ji m\u016f\u017eete nav\u0161t\u00edvit 30. 8. v 17.00 na st\u0159e\u0161e Masarykovy ve\u0159ejn\u00e9 knihovny. Tentokr\u00e1t nebudeme \u010d\u00edst texty jin\u00fdch autor\u016f, ale bude to na\u0161e autorsk\u00e9 \u010dten\u00ed. A to nejenom z text\u016f ji\u017e vydan\u00fdch, ale i t\u011bch nov\u00fdch.","rel":"","context":"V \u201eLiteratura\u201c","block_context":{"text":"Literatura","link":"https:\/\/kotrla.com\/pmpro\/category\/literatura\/"},"img":{"alt_text":"","src":"https:\/\/i0.wp.com\/kotrla.com\/pmpro\/wp-content\/uploads\/2023\/08\/cteme.jpg?resize=350%2C200&ssl=1","width":350,"height":200,"srcset":"https:\/\/i0.wp.com\/kotrla.com\/pmpro\/wp-content\/uploads\/2023\/08\/cteme.jpg?resize=350%2C200&ssl=1 1x, https:\/\/i0.wp.com\/kotrla.com\/pmpro\/wp-content\/uploads\/2023\/08\/cteme.jpg?resize=525%2C300&ssl=1 1.5x, https:\/\/i0.wp.com\/kotrla.com\/pmpro\/wp-content\/uploads\/2023\/08\/cteme.jpg?resize=700%2C400&ssl=1 2x, https:\/\/i0.wp.com\/kotrla.com\/pmpro\/wp-content\/uploads\/2023\/08\/cteme.jpg?resize=1050%2C600&ssl=1 3x, https:\/\/i0.wp.com\/kotrla.com\/pmpro\/wp-content\/uploads\/2023\/08\/cteme.jpg?resize=1400%2C800&ssl=1 4x"},"classes":[]},{"id":26,"url":"https:\/\/kotrla.com\/pmpro\/2013\/08\/sesty-rocnik-prekladatelskeho-tabora-je-za-nami\/","url_meta":{"origin":770,"position":4},"title":"\u0160est\u00fd ro\u010dn\u00edk p\u0159ekladatelsk\u00e9ho t\u00e1bora je za n\u00e1mi","author":"Pavel Kotrla","date":"26.8.2013","format":false,"excerpt":"Tak skon\u010dil dal\u0161\u00ed ro\u010dn\u00edk. Jsme r\u00e1di, \u017ee za dobu jeho existence jsme mohli hostit ji\u017e v\u00edce ne\u017e sto z\u00e1jemc\u016f o \u010deskou literaturu, a to nejenom z r\u016fzn\u00fdch zem\u00ed Evropy. V\u00edce fotografi\u00ed naleznete v albu na Google+","rel":"","context":"V \u201eFotografie\u201c","block_context":{"text":"Fotografie","link":"https:\/\/kotrla.com\/pmpro\/category\/fotografie\/"},"img":{"alt_text":"image","src":"https:\/\/i0.wp.com\/kotrla.com\/pmpro\/images\/uploads\/tabor_067__IGP4341.jpg?resize=350%2C200&ssl=1","width":350,"height":200},"classes":[]},{"id":80,"url":"https:\/\/kotrla.com\/pmpro\/2012\/09\/vladci-slov-vystava-mych-fotografii\/","url_meta":{"origin":770,"position":5},"title":"Vl\u00e1dci slov (v\u00fdstava m\u00fdch fotografi\u00ed)","author":"Pavel Kotrla","date":"30.9.2012","format":false,"excerpt":"Je\u0161t\u011b st\u00e1le jsem v\u00e1\u0161niv\u00fd \u010dten\u00e1\u0159. L\u00e1ska ke \u010dten\u00ed a knih\u00e1m a ke \u010dten\u00ed mne nakonec dovedla i k tomu, \u017ee literaturu jsem vystudoval a o knih\u00e1ch za\u010dal i ps\u00e1t. A m\u00e1m to \u0161t\u011bst\u00ed, \u017ee postupn\u011b jsem se setkal a setk\u00e1v\u00e1m s \u0159adou zaj\u00edmav\u00fdch osob, kter\u00e9 se pod\u00edl\u00ed nejenom na \u010desk\u00e9m\u2026","rel":"","context":"V \u201eFotografie\u201c","block_context":{"text":"Fotografie","link":"https:\/\/kotrla.com\/pmpro\/category\/fotografie\/"},"img":{"alt_text":"","src":"","width":0,"height":0},"classes":[]}],"jetpack_sharing_enabled":true,"_links":{"self":[{"href":"https:\/\/kotrla.com\/pmpro\/wp-json\/wp\/v2\/posts\/770","targetHints":{"allow":["GET"]}}],"collection":[{"href":"https:\/\/kotrla.com\/pmpro\/wp-json\/wp\/v2\/posts"}],"about":[{"href":"https:\/\/kotrla.com\/pmpro\/wp-json\/wp\/v2\/types\/post"}],"author":[{"embeddable":true,"href":"https:\/\/kotrla.com\/pmpro\/wp-json\/wp\/v2\/users\/1"}],"replies":[{"embeddable":true,"href":"https:\/\/kotrla.com\/pmpro\/wp-json\/wp\/v2\/comments?post=770"}],"version-history":[{"count":0,"href":"https:\/\/kotrla.com\/pmpro\/wp-json\/wp\/v2\/posts\/770\/revisions"}],"wp:attachment":[{"href":"https:\/\/kotrla.com\/pmpro\/wp-json\/wp\/v2\/media?parent=770"}],"wp:term":[{"taxonomy":"category","embeddable":true,"href":"https:\/\/kotrla.com\/pmpro\/wp-json\/wp\/v2\/categories?post=770"},{"taxonomy":"post_tag","embeddable":true,"href":"https:\/\/kotrla.com\/pmpro\/wp-json\/wp\/v2\/tags?post=770"}],"curies":[{"name":"wp","href":"https:\/\/api.w.org\/{rel}","templated":true}]}}