{"id":772,"date":"2005-04-25T21:19:00","date_gmt":"2005-04-25T20:19:00","guid":{"rendered":"http:\/\/kotrla.com\/wordpress\/?p=772"},"modified":"2019-11-20T22:29:06","modified_gmt":"2019-11-20T21:29:06","slug":"kdo-je-autorem-nasledujicich-versu-86","status":"publish","type":"post","link":"https:\/\/kotrla.com\/pmpro\/2005\/04\/kdo-je-autorem-nasledujicich-versu-86\/","title":{"rendered":"Kdo je autorem n\u00e1sleduj\u00edc\u00edch ver\u0161\u016f? (86)"},"content":{"rendered":"<p>Tak i toto pond\u011bl\u00ed je zde mal\u00e1 h\u00e1danka. <i>Kdopak je autorem n\u00e1sleduj\u00edc\u00ed b\u00e1sn\u011b?<\/i><\/p>\n<p><b>ZA MO\u0158E<\/b><\/p>\n<p>Kdybych j\u00e1 v\u011bd\u011bla,<br \/>\n\u017ee tam zm\u00edr\u00e1 ho\u0159e,<br \/>\nsp\u011bla bych po lodi<br \/>\nza dalek\u00e9 mo\u0159e.<\/p>\n<p>Za mo\u0159e dalek\u00e9<br \/>\nna jih vonn\u00fd, vnadn\u00fd, &#8211;<br \/>\nkde by se nerouhal<br \/>\nho\u0159i m\u00e9mu \u017e\u00e1dn\u00fd.<\/p>\n","protected":false},"excerpt":{"rendered":"<p>Tak i toto pond\u011bl\u00ed je zde mal\u00e1 h\u00e1danka. Kdopak je autorem n\u00e1sleduj\u00edc\u00ed b\u00e1sn\u011b? ZA MO\u0158E Kdybych j\u00e1 v\u011bd\u011bla, \u017ee tam zm\u00edr\u00e1 ho\u0159e, sp\u011bla bych po lodi za dalek\u00e9 mo\u0159e. Za mo\u0159e dalek\u00e9 na jih vonn\u00fd, vnadn\u00fd, &#8211; kde by se nerouhal ho\u0159i m\u00e9mu \u017e\u00e1dn\u00fd.<\/p>\n","protected":false},"author":1,"featured_media":0,"comment_status":"open","ping_status":"open","sticky":false,"template":"","format":"standard","meta":{"site-sidebar-layout":"default","site-content-layout":"","ast-site-content-layout":"default","site-content-style":"default","site-sidebar-style":"default","ast-global-header-display":"","ast-banner-title-visibility":"","ast-main-header-display":"","ast-hfb-above-header-display":"","ast-hfb-below-header-display":"","ast-hfb-mobile-header-display":"","site-post-title":"","ast-breadcrumbs-content":"","ast-featured-img":"","footer-sml-layout":"","ast-disable-related-posts":"","theme-transparent-header-meta":"","adv-header-id-meta":"","stick-header-meta":"","header-above-stick-meta":"","header-main-stick-meta":"","header-below-stick-meta":"","astra-migrate-meta-layouts":"default","ast-page-background-enabled":"default","ast-page-background-meta":{"desktop":{"background-color":"var(--ast-global-color-5)","background-image":"","background-repeat":"repeat","background-position":"center center","background-size":"auto","background-attachment":"scroll","background-type":"","background-media":"","overlay-type":"","overlay-color":"","overlay-opacity":"","overlay-gradient":""},"tablet":{"background-color":"","background-image":"","background-repeat":"repeat","background-position":"center center","background-size":"auto","background-attachment":"scroll","background-type":"","background-media":"","overlay-type":"","overlay-color":"","overlay-opacity":"","overlay-gradient":""},"mobile":{"background-color":"","background-image":"","background-repeat":"repeat","background-position":"center center","background-size":"auto","background-attachment":"scroll","background-type":"","background-media":"","overlay-type":"","overlay-color":"","overlay-opacity":"","overlay-gradient":""}},"ast-content-background-meta":{"desktop":{"background-color":"var(--ast-global-color-4)","background-image":"","background-repeat":"repeat","background-position":"center center","background-size":"auto","background-attachment":"scroll","background-type":"","background-media":"","overlay-type":"","overlay-color":"","overlay-opacity":"","overlay-gradient":""},"tablet":{"background-color":"var(--ast-global-color-4)","background-image":"","background-repeat":"repeat","background-position":"center center","background-size":"auto","background-attachment":"scroll","background-type":"","background-media":"","overlay-type":"","overlay-color":"","overlay-opacity":"","overlay-gradient":""},"mobile":{"background-color":"var(--ast-global-color-4)","background-image":"","background-repeat":"repeat","background-position":"center center","background-size":"auto","background-attachment":"scroll","background-type":"","background-media":"","overlay-type":"","overlay-color":"","overlay-opacity":"","overlay-gradient":""}},"jetpack_post_was_ever_published":false,"_jetpack_newsletter_access":"","_jetpack_dont_email_post_to_subs":false,"_jetpack_newsletter_tier_id":0,"_jetpack_memberships_contains_paywalled_content":false,"_jetpack_memberships_contains_paid_content":false,"footnotes":""},"categories":[17],"tags":[],"class_list":["post-772","post","type-post","status-publish","format-standard","hentry","category-kdo-je-autorem"],"jetpack_featured_media_url":"","jetpack_shortlink":"https:\/\/wp.me\/p4mLP7-cs","jetpack-related-posts":[{"id":736,"url":"https:\/\/kotrla.com\/pmpro\/2005\/06\/kdo-je-autorem-nasledujicich-versu-94\/","url_meta":{"origin":772,"position":0},"title":"Kdo je autorem n\u00e1sleduj\u00edc\u00edch ver\u0161\u016f? (94)","author":"Pavel Kotrla","date":"20.6.2005","format":false,"excerpt":"Ot\u00e1zka pro \u010dervnov\u00fd ve\u010der: Kdo je autorem n\u00e1sleduj\u00edc\u00edho textu? podobenstv\u00ed II. \u017eena s uhran\u010div\u00fdma o\u010dima nab\u00edr\u00e1 na jatk\u00e1ch \u010derstvou zv\u00ed\u0159ec\u00ed krev, aby nasytila hladov\u00e9 potuln\u00e9 psy, za h\u0159bitovn\u00ed zd\u00ed; Olomouc 96","rel":"","context":"V \u201eKdo je autorem?\u201c","block_context":{"text":"Kdo je autorem?","link":"https:\/\/kotrla.com\/pmpro\/category\/kdo-je-autorem\/"},"img":{"alt_text":"","src":"","width":0,"height":0},"classes":[]},{"id":1052,"url":"https:\/\/kotrla.com\/pmpro\/2004\/03\/kdo-je-autorem-nasledujicich-versu-28\/","url_meta":{"origin":772,"position":1},"title":"Kdo je autorem n\u00e1sleduj\u00edc\u00edch ver\u0161\u016f? (28)","author":"Pavel Kotrla","date":"15.3.2004","format":false,"excerpt":"Ot\u00e1zka je stejn\u00e1: Kdo je autorem n\u00e1sleduj\u00edc\u00edch ver\u0161\u016f? Vyhled\u00e1va\u010de nechejte sp\u00e1t, kdy\u017e tak se objev\u00ed n\u00e1pov\u011bda. ;-) *** Bo\u017ee k \u010demu zkou\u0161en\u00ed a krvav\u00e9 plody v\u017edy\u0165 jdeme jak ovce kam je n\u00e1m j\u00edt Kr\u00e1vy je\u017e klop\u00fdtly v\u011b\u0161\u00ed a zvedaj\u00ed za nohy a\u017e praskaj\u00ed klouby dny a dny tolik bolesti v\u2026","rel":"","context":"V \u201eKdo je autorem?\u201c","block_context":{"text":"Kdo je autorem?","link":"https:\/\/kotrla.com\/pmpro\/category\/kdo-je-autorem\/"},"img":{"alt_text":"","src":"","width":0,"height":0},"classes":[]},{"id":1082,"url":"https:\/\/kotrla.com\/pmpro\/2004\/02\/kdo-je-autorem-nasledujicich-versu-23\/","url_meta":{"origin":772,"position":2},"title":"Kdo je autorem n\u00e1sleduj\u00edc\u00edch ver\u0161\u016f? (23)","author":"Pavel Kotrla","date":"12.2.2004","format":false,"excerpt":"Dnes je to bez n\u00e1pov\u011bdy. Ale i tak, nechejte chytr\u00e9 stroje sp\u00e1t\u2026 Bavte se. Ot\u00e1zka je st\u00e1le stejn\u00e1: Kdo je autorem n\u00e1sleduj\u00edc\u00edch ver\u0161\u016f? *** N\u011bkde tam kousek p\u0159ed brankou kde bl\u00e1to\u00a0\u00a0\u00a0kde voda\u00a0\u00a0\u00a0kde sn\u00edh p\u016flnoc si p\u0159i\u0161la s h\u00e1dankou co zlato\u00a0\u00a0\u00a0co hlod\u00e1\u00a0\u00a0\u00a0co sn\u00ed N\u011bkde tam kousek za stolem co zlato \u017e\u00edlu\u2026","rel":"","context":"V \u201eKdo je autorem?\u201c","block_context":{"text":"Kdo je autorem?","link":"https:\/\/kotrla.com\/pmpro\/category\/kdo-je-autorem\/"},"img":{"alt_text":"","src":"","width":0,"height":0},"classes":[]},{"id":833,"url":"https:\/\/kotrla.com\/pmpro\/2005\/01\/kdo-je-autorem-nasledujicich-versu-73\/","url_meta":{"origin":772,"position":3},"title":"Kdo je autorem n\u00e1sleduj\u00edc\u00edch ver\u0161\u016f? (73)","author":"Pavel Kotrla","date":"24.1.2005","format":false,"excerpt":"A op\u011bt je tu pond\u011bln\u00ed r\u00e1no. Ech! Tak, kdopak je autorem n\u00e1sleduj\u00edc\u00edho textu? H\u0158BITOV V M\u011aST\u011a PE nesou temnou v\u011bc je\u0161t\u011b se p\u0159iznat a pak u\u017e dostanu kon\u011b bude mi osmn\u00e1ct a \u017e\u00e1dn\u00fd okr u\u017e se do m\u011b nevejde bude to v poledne a j\u00e1 se vyklon\u00edm z javoru a\u2026","rel":"","context":"V \u201eKdo je autorem?\u201c","block_context":{"text":"Kdo je autorem?","link":"https:\/\/kotrla.com\/pmpro\/category\/kdo-je-autorem\/"},"img":{"alt_text":"","src":"","width":0,"height":0},"classes":[]},{"id":917,"url":"https:\/\/kotrla.com\/pmpro\/2004\/09\/kdo-je-autorem-nasledujicich-versu-55\/","url_meta":{"origin":772,"position":4},"title":"Kdo je autorem n\u00e1sleduj\u00edc\u00edch ver\u0161\u016f? (55)","author":"Pavel Kotrla","date":"20.9.2004","format":false,"excerpt":"Pokud n\u011bkdo uhodne, m\u00e1 m\u016fj respekt. Tak\u017ee: Kdo je autorem n\u00e1sleduj\u00edc\u00edho textu? \u010dek\u00e1m s tebou d\u00edt\u011b moje mil\u00e1 pod\u00edvej: tady jsi mne v\u010dera oplodnila m\u011bla bys v\u011bd\u011bt \u017ee se to nesm\u00ed \u010dek\u00e1 n\u00e1s krimin\u00e1l za \u010din d\u011bsn\u00fd! oplodnit mu\u017ee je proti \u0159\u00e1du: \u0159\u00edznout mi do b\u0159icha odhal\u00ed zradu vzk\u00e1\u017eu d\u011bcku\u2026","rel":"","context":"V \u201eKdo je autorem?\u201c","block_context":{"text":"Kdo je autorem?","link":"https:\/\/kotrla.com\/pmpro\/category\/kdo-je-autorem\/"},"img":{"alt_text":"","src":"","width":0,"height":0},"classes":[]},{"id":742,"url":"https:\/\/kotrla.com\/pmpro\/2005\/06\/kdo-je-autorem-nasledujicich-versu-93\/","url_meta":{"origin":772,"position":5},"title":"Kdo je autorem n\u00e1sleduj\u00edc\u00edch ver\u0161\u016f? (93)","author":"Pavel Kotrla","date":"13.6.2005","format":false,"excerpt":"* * * Miluji \u017eivot jako velk\u00fd div, p\u0159esto\u017ee dob\u0159e v\u00edm, \u017ee za p\u00e1r let a mo\u017en\u00e1 je\u0161t\u011b d\u0159\u00edv j\u00e1 s \u017eivotem se rozlou\u010d\u00edm Upadnu na kameny, spout\u00e1n \u010dernou tmou a\u017e k smrti znaven\u00fd. Zem vezmu do rukou. Chci, aby nev\u011b\u0159ili p\u0159\u00e1tel\u00e9 m\u00ed a chci aby se za malou chv\u00edli\u2026","rel":"","context":"V \u201eKdo je autorem?\u201c","block_context":{"text":"Kdo je autorem?","link":"https:\/\/kotrla.com\/pmpro\/category\/kdo-je-autorem\/"},"img":{"alt_text":"","src":"","width":0,"height":0},"classes":[]}],"jetpack_sharing_enabled":true,"_links":{"self":[{"href":"https:\/\/kotrla.com\/pmpro\/wp-json\/wp\/v2\/posts\/772","targetHints":{"allow":["GET"]}}],"collection":[{"href":"https:\/\/kotrla.com\/pmpro\/wp-json\/wp\/v2\/posts"}],"about":[{"href":"https:\/\/kotrla.com\/pmpro\/wp-json\/wp\/v2\/types\/post"}],"author":[{"embeddable":true,"href":"https:\/\/kotrla.com\/pmpro\/wp-json\/wp\/v2\/users\/1"}],"replies":[{"embeddable":true,"href":"https:\/\/kotrla.com\/pmpro\/wp-json\/wp\/v2\/comments?post=772"}],"version-history":[{"count":0,"href":"https:\/\/kotrla.com\/pmpro\/wp-json\/wp\/v2\/posts\/772\/revisions"}],"wp:attachment":[{"href":"https:\/\/kotrla.com\/pmpro\/wp-json\/wp\/v2\/media?parent=772"}],"wp:term":[{"taxonomy":"category","embeddable":true,"href":"https:\/\/kotrla.com\/pmpro\/wp-json\/wp\/v2\/categories?post=772"},{"taxonomy":"post_tag","embeddable":true,"href":"https:\/\/kotrla.com\/pmpro\/wp-json\/wp\/v2\/tags?post=772"}],"curies":[{"name":"wp","href":"https:\/\/api.w.org\/{rel}","templated":true}]}}