{"id":782,"date":"2005-04-03T11:12:01","date_gmt":"2005-04-03T10:12:01","guid":{"rendered":"http:\/\/kotrla.com\/wordpress\/?p=782"},"modified":"2019-11-20T22:29:07","modified_gmt":"2019-11-20T21:29:07","slug":"stari-dobri-pierre-reverdy-lxxix","status":"publish","type":"post","link":"https:\/\/kotrla.com\/pmpro\/2005\/04\/stari-dobri-pierre-reverdy-lxxix\/","title":{"rendered":"STA\u0158\u00cd DOB\u0158\u00cd: Pierre Reverdy (LXXIX.)"},"content":{"rendered":"<p>Francouzsk\u00fd b\u00e1sn\u00edk, bl\u00ed\u017eenec surrealismu (* 13. 9. 1889 &#8211; &#8224; 17. 6. 1960)<\/p>\n<p><b>Tma<\/b><\/p>\n<p>Velik\u00e1 jehla probod\u00e1v\u00e1 kruh<br \/>\nStrom<br \/>\nPrst<br \/>\nA luna jednook\u00e1<br \/>\nOkno je\u017e na n\u00e1s mrk\u00e1<br \/>\nD\u016fm unaven\u00fd us\u00edn\u00e1<br \/>\nU vody v\u00fdk\u0159ik jen\u017e se ztr\u00e1c\u00ed<br \/>\nProud st\u0159\u00edbra vroub\u00ed oboru<br \/>\nTvoje tv\u00e1\u0159 je kus mramoru<br \/>\nKam pod\u011bli se v\u0161ichni pt\u00e1ci<br \/>\nZ tmy<br \/>\nCosi zn\u00ed<br \/>\nPrst na \u00fastech u\u017e ani slova<\/p>\n<p>Kdosi jde alej\u00ed je\u017e vede od h\u0159bitova<\/p>\n<p><i>p\u0159elo\u017eil Jan Vladislav<\/i><\/p>\n","protected":false},"excerpt":{"rendered":"<p>Francouzsk\u00fd b\u00e1sn\u00edk, bl\u00ed\u017eenec surrealismu (* 13. 9. 1889 &#8211; &#8224; 17. 6. 1960) Tma Velik\u00e1 jehla probod\u00e1v\u00e1 kruh Strom Prst A luna jednook\u00e1 Okno je\u017e na n\u00e1s mrk\u00e1 D\u016fm unaven\u00fd us\u00edn\u00e1 U vody v\u00fdk\u0159ik jen\u017e se ztr\u00e1c\u00ed Proud st\u0159\u00edbra vroub\u00ed oboru Tvoje tv\u00e1\u0159 je kus mramoru Kam pod\u011bli se v\u0161ichni pt\u00e1ci Z tmy Cosi zn\u00ed [&hellip;]<\/p>\n","protected":false},"author":1,"featured_media":0,"comment_status":"open","ping_status":"open","sticky":false,"template":"","format":"standard","meta":{"site-sidebar-layout":"default","site-content-layout":"","ast-site-content-layout":"default","site-content-style":"default","site-sidebar-style":"default","ast-global-header-display":"","ast-banner-title-visibility":"","ast-main-header-display":"","ast-hfb-above-header-display":"","ast-hfb-below-header-display":"","ast-hfb-mobile-header-display":"","site-post-title":"","ast-breadcrumbs-content":"","ast-featured-img":"","footer-sml-layout":"","ast-disable-related-posts":"","theme-transparent-header-meta":"","adv-header-id-meta":"","stick-header-meta":"","header-above-stick-meta":"","header-main-stick-meta":"","header-below-stick-meta":"","astra-migrate-meta-layouts":"default","ast-page-background-enabled":"default","ast-page-background-meta":{"desktop":{"background-color":"var(--ast-global-color-5)","background-image":"","background-repeat":"repeat","background-position":"center center","background-size":"auto","background-attachment":"scroll","background-type":"","background-media":"","overlay-type":"","overlay-color":"","overlay-opacity":"","overlay-gradient":""},"tablet":{"background-color":"","background-image":"","background-repeat":"repeat","background-position":"center center","background-size":"auto","background-attachment":"scroll","background-type":"","background-media":"","overlay-type":"","overlay-color":"","overlay-opacity":"","overlay-gradient":""},"mobile":{"background-color":"","background-image":"","background-repeat":"repeat","background-position":"center center","background-size":"auto","background-attachment":"scroll","background-type":"","background-media":"","overlay-type":"","overlay-color":"","overlay-opacity":"","overlay-gradient":""}},"ast-content-background-meta":{"desktop":{"background-color":"var(--ast-global-color-4)","background-image":"","background-repeat":"repeat","background-position":"center center","background-size":"auto","background-attachment":"scroll","background-type":"","background-media":"","overlay-type":"","overlay-color":"","overlay-opacity":"","overlay-gradient":""},"tablet":{"background-color":"var(--ast-global-color-4)","background-image":"","background-repeat":"repeat","background-position":"center center","background-size":"auto","background-attachment":"scroll","background-type":"","background-media":"","overlay-type":"","overlay-color":"","overlay-opacity":"","overlay-gradient":""},"mobile":{"background-color":"var(--ast-global-color-4)","background-image":"","background-repeat":"repeat","background-position":"center center","background-size":"auto","background-attachment":"scroll","background-type":"","background-media":"","overlay-type":"","overlay-color":"","overlay-opacity":"","overlay-gradient":""}},"jetpack_post_was_ever_published":false,"_jetpack_newsletter_access":"","_jetpack_dont_email_post_to_subs":false,"_jetpack_newsletter_tier_id":0,"_jetpack_memberships_contains_paywalled_content":false,"_jetpack_memberships_contains_paid_content":false,"footnotes":""},"categories":[8],"tags":[],"class_list":["post-782","post","type-post","status-publish","format-standard","hentry","category-stari-dobri"],"jetpack_featured_media_url":"","jetpack_shortlink":"https:\/\/wp.me\/p4mLP7-cC","jetpack-related-posts":[{"id":884,"url":"https:\/\/kotrla.com\/pmpro\/2004\/11\/stari-dobri-henri-michaux-lix\/","url_meta":{"origin":782,"position":0},"title":"STA\u0158\u00cd DOB\u0158\u00cd: Henri Michaux (LIX.)","author":"Pavel Kotrla","date":"14.11.2004","format":false,"excerpt":"Na p\u0159\u00eddi Na vysok\u00e9 p\u0159\u00eddi, je\u017e prot\u00edn\u00e1 kter\u00e9si nehybn\u00e9 mo\u0159e, se ty\u010d\u00ed bytost nach\u00fdlen\u00e1 kup\u0159edu \u0160ikmo m\u00edjej\u00ed jin\u00e9 p\u0159\u00edd\u011b S postavou podobn\u011b nach\u00fdlenou P\u0159\u00edstav nikde. P\u0159\u00edstavy nezn\u00e1my. Ob\u010das n\u011bkter\u00e9 znamen\u00ed z p\u0159\u00edd\u011b na p\u0159\u00ed\u010f, je\u017e se pak p\u0159ibl\u00ed\u017e\u00ed.","rel":"","context":"V \u201eSta\u0159\u00ed dob\u0159\u00ed\u201c","block_context":{"text":"Sta\u0159\u00ed dob\u0159\u00ed","link":"https:\/\/kotrla.com\/pmpro\/category\/stari-dobri\/"},"img":{"alt_text":"","src":"","width":0,"height":0},"classes":[]},{"id":186,"url":"https:\/\/kotrla.com\/pmpro\/2010\/10\/stari-dobri-karel-siktanc-cxxv\/","url_meta":{"origin":782,"position":1},"title":"STA\u0158\u00cd DOB\u0158\u00cd: Karel \u0160iktanc (CXXV.)","author":"Pavel Kotrla","date":"10.10.2010","format":false,"excerpt":"P\u0159ed z\u00edt\u0159ej\u0161\u00edm v\u00fdletem, u p\u0159\u00edle\u017eitosti k\u0159tu monografie Petra Hru\u0161ky N\u011bkde tady. \u010cesk\u00fd b\u00e1sn\u00edk Karel \u0160iktanc. (Ostatn\u011b, uk\u00e1zku jste si mohli p\u0159e\u010d\u00edst v minul\u00e9m \u010d\u00edsle Text\u016f. ADAM A EVA (1968) Byl Den. A byla Noc. A Zem\u011b byla nesli\u010dn\u00e1 a pust\u00e1. \u201cKdo jsi?\u201d k\u0159i\u010del j\u00ed do tv\u00e1\u0159e, jak by m\u011bl \u00fazkost,\u2026","rel":"","context":"V \u201eLiteratura\u201c","block_context":{"text":"Literatura","link":"https:\/\/kotrla.com\/pmpro\/category\/literatura\/"},"img":{"alt_text":"","src":"","width":0,"height":0},"classes":[]},{"id":973,"url":"https:\/\/kotrla.com\/pmpro\/2004\/07\/stari-dobri-florbela-espanca-xxxxv\/","url_meta":{"origin":782,"position":2},"title":"STA\u0158\u00cd DOB\u0158\u00cd: Florbela Espanca (XXXXV.)","author":"Pavel Kotrla","date":"4.7.2004","format":false,"excerpt":"Portugalsk\u00e1 b\u00e1sn\u00ed\u0159ka (1894 - 1930), kter\u00e1 sv\u016fj kr\u00e1tk\u00fd \u017eivot se t\u0159emi man\u017eelstv\u00edmi ukon\u010dila p\u0159ed\u00e1vkov\u00e1n\u00edm pr\u00e1\u0161k\u016f na span\u00ed, sv\u00e9 prvn\u00ed sonety napsala ji\u017e v osmi letech. J\u00e1 nejsem ni\u010d\u00ed\u2026 \u2026 \u2026 \u2026 \u2026 \u2026 \u2026 \u2026 \u2026 \u2026 \u2026 \u2026 \u2026 \u2026 \u2026 \u2026 \u2026 \u2026 \u2026 \u2026 \u2026 \u2026 \u2026\u2026","rel":"","context":"V \u201eSta\u0159\u00ed dob\u0159\u00ed\u201c","block_context":{"text":"Sta\u0159\u00ed dob\u0159\u00ed","link":"https:\/\/kotrla.com\/pmpro\/category\/stari-dobri\/"},"img":{"alt_text":"","src":"","width":0,"height":0},"classes":[]},{"id":1022,"url":"https:\/\/kotrla.com\/pmpro\/2004\/04\/stari-dobri-giuseppe-ungaretti-xxxv\/","url_meta":{"origin":782,"position":3},"title":"STA\u0158\u00cd DOB\u0158\u00cd: Giuseppe Ungaretti (XXXV.)","author":"Pavel Kotrla","date":"25.4.2004","format":false,"excerpt":"(* 8. 2. 1888, \u2020 1. 6. 1970) Pro\u010d Pot\u0159ebuje trochu posily to moje temn\u00e9 srdce na padr\u0165 V bl\u00e1tiv\u00fdch sp\u00e1r\u00e1ch balvan\u016f se chce jak st\u00e9blo tr\u00e1vy toho kraje t\u0159\u00e1st ti\u0161e ke sv\u011btu Ale j\u00e1 jsem v tom praku \u010dasu jen zlomkem \u010derviv\u00e9ho kamene z t\u00e9 nakvap postaven\u00e9 silnice v\u00e1lky\u2026","rel":"","context":"V \u201eSta\u0159\u00ed dob\u0159\u00ed\u201c","block_context":{"text":"Sta\u0159\u00ed dob\u0159\u00ed","link":"https:\/\/kotrla.com\/pmpro\/category\/stari-dobri\/"},"img":{"alt_text":"","src":"","width":0,"height":0},"classes":[]},{"id":792,"url":"https:\/\/kotrla.com\/pmpro\/2005\/03\/stari-dobri-yvan-goll-lxxvii\/","url_meta":{"origin":782,"position":4},"title":"STA\u0158\u00cd DOB\u0158\u00cd: Yvan Goll (LXXVII.)","author":"Pavel Kotrla","date":"20.3.2005","format":false,"excerpt":"Vlastn\u00edm jm\u00e9nem Isaac Lang (* 29. 3. 1891 - \u2020 27. 2. 1950), autor pat\u0159\u00edc\u00ed francouzsk\u00e9 i n\u011bmeck\u00e9 literatu\u0159e, expresionista, surrealista, sv\u011btoob\u010dan. NYMFA A KENTAUR Jsi nymfa je\u017e uprchla z b\u0159\u00edzek U tv\u00fdch zlat\u00fdch nohou se sebevra\u017ed\u00ed psi A hv\u011bzdy se rozpou\u0161t\u011bj\u00ed v tv\u00fdch o\u010d\u00edch Z \u010das\u016f kdy tekly \u0159eky\u2026","rel":"","context":"V \u201eSta\u0159\u00ed dob\u0159\u00ed\u201c","block_context":{"text":"Sta\u0159\u00ed dob\u0159\u00ed","link":"https:\/\/kotrla.com\/pmpro\/category\/stari-dobri\/"},"img":{"alt_text":"","src":"","width":0,"height":0},"classes":[]},{"id":1127,"url":"https:\/\/kotrla.com\/pmpro\/2003\/12\/stari-dobri-vitezslav-nezval-xviii\/","url_meta":{"origin":782,"position":5},"title":"STA\u0158\u00cd DOB\u0158\u00cd: V\u00edt\u011bzslav Nezval (XVIII.)","author":"Pavel Kotrla","date":"21.12.2003","format":false,"excerpt":"M\u00e1m r\u00e1d tohoto b\u00e1sn\u00edka. Spousta jeho poezie sice \u010dasem notn\u011b zastarala, ale i tak se v jeho rozs\u00e1hl\u00e9m d\u00edle d\u00e1 narazit na mnoh\u00e9 p\u0159ekvapen\u00ed. B\u00e1se\u0148 je citov\u00e1na podle III. svazku D\u00edla (1951), odd\u00edl\/sb\u00edrka Hra v kostky (1927-1928). Kdysi jsem cht\u011bl vlastnit v\u0161echny svazky, ale n\u011bkde po dvac\u00e1t\u00e9m jsem to vzdal.\u2026","rel":"","context":"V \u201eSta\u0159\u00ed dob\u0159\u00ed\u201c","block_context":{"text":"Sta\u0159\u00ed dob\u0159\u00ed","link":"https:\/\/kotrla.com\/pmpro\/category\/stari-dobri\/"},"img":{"alt_text":"","src":"","width":0,"height":0},"classes":[]}],"jetpack_sharing_enabled":true,"_links":{"self":[{"href":"https:\/\/kotrla.com\/pmpro\/wp-json\/wp\/v2\/posts\/782","targetHints":{"allow":["GET"]}}],"collection":[{"href":"https:\/\/kotrla.com\/pmpro\/wp-json\/wp\/v2\/posts"}],"about":[{"href":"https:\/\/kotrla.com\/pmpro\/wp-json\/wp\/v2\/types\/post"}],"author":[{"embeddable":true,"href":"https:\/\/kotrla.com\/pmpro\/wp-json\/wp\/v2\/users\/1"}],"replies":[{"embeddable":true,"href":"https:\/\/kotrla.com\/pmpro\/wp-json\/wp\/v2\/comments?post=782"}],"version-history":[{"count":0,"href":"https:\/\/kotrla.com\/pmpro\/wp-json\/wp\/v2\/posts\/782\/revisions"}],"wp:attachment":[{"href":"https:\/\/kotrla.com\/pmpro\/wp-json\/wp\/v2\/media?parent=782"}],"wp:term":[{"taxonomy":"category","embeddable":true,"href":"https:\/\/kotrla.com\/pmpro\/wp-json\/wp\/v2\/categories?post=782"},{"taxonomy":"post_tag","embeddable":true,"href":"https:\/\/kotrla.com\/pmpro\/wp-json\/wp\/v2\/tags?post=782"}],"curies":[{"name":"wp","href":"https:\/\/api.w.org\/{rel}","templated":true}]}}