{"id":785,"date":"2005-03-28T19:45:38","date_gmt":"2005-03-28T18:45:38","guid":{"rendered":"http:\/\/kotrla.com\/wordpress\/?p=785"},"modified":"2019-11-20T22:29:07","modified_gmt":"2019-11-20T21:29:07","slug":"kdo-je-autorem-nasledujicich-versu-82","status":"publish","type":"post","link":"https:\/\/kotrla.com\/pmpro\/2005\/03\/kdo-je-autorem-nasledujicich-versu-82\/","title":{"rendered":"Kdo je autorem n\u00e1sleduj\u00edc\u00edch ver\u0161\u016f? (82)"},"content":{"rendered":"<p>Tak i o velikono\u010dn\u00edm pond\u011bl\u00ed je tu pro ty, co p\u0159e\u017eili, pravideln\u00e1 h\u00e1danka. Tentokr\u00e1t je se sb\u00edrky \u010desk\u00e9ho autora, kterou nem\u00e1m, ale kterou bych cht\u011bl. Tak\u017ee: <i>Kdopak je autorem?<\/i><br \/>\nA je\u0161t\u011b mal\u00e1 pozn\u00e1mka, v p\u00e1tek nastupuji do nov\u00e9ho zam\u011bstn\u00e1n\u00ed, tak\u017ee prodlevy mezi m\u00fdmi reakcemi v n\u00e1sleduj\u00edc\u00edch dnech a pravd\u011bpodobn\u011b i t\u00fddnech budou m\u00edt v\u011bt\u0161\u00ed rozestupy. <\/p>\n<p><b>* * *<\/b><\/p>\n<p>Pad\u00e1 hv\u011bzda<br \/>\nvos\u00edm hn\u00edzdem<br \/>\npolehou\u010dku<br \/>\nkolem o\u010d\u00ed do \u00fast<\/p>\n<p>jizva za rty<br \/>\npln\u00e1 sv\u011btla<br \/>\nzase miz\u00ed<br \/>\nto nic, to p\u0159ejde<\/p>\n<p>tenk\u00e1 blanka sv\u011btla<br \/>\nnak\u0159\u00e1pl\u00e1<br \/>\ntla\u010d\u00ed na v\u00ed\u010dka<br \/>\ndech se l\u00e1me<\/p>\n<p>hv\u011bzda naruby<br \/>\nnar\u00e1\u017e\u00ed na zuby<br \/>\na\u017e ji spolknu<br \/>\nsklouzne dol\u016f<\/p>\n<p>zr\u00e1na znovu<br \/>\no\u010dima u\u0161ima st\u0159emhlav ven<\/p>\n","protected":false},"excerpt":{"rendered":"<p>Tak i o velikono\u010dn\u00edm pond\u011bl\u00ed je tu pro ty, co p\u0159e\u017eili, pravideln\u00e1 h\u00e1danka. Tentokr\u00e1t je se sb\u00edrky \u010desk\u00e9ho autora, kterou nem\u00e1m, ale kterou bych cht\u011bl. Tak\u017ee: Kdopak je autorem? A je\u0161t\u011b mal\u00e1 pozn\u00e1mka, v p\u00e1tek nastupuji do nov\u00e9ho zam\u011bstn\u00e1n\u00ed, tak\u017ee prodlevy mezi m\u00fdmi reakcemi v n\u00e1sleduj\u00edc\u00edch dnech a pravd\u011bpodobn\u011b i t\u00fddnech budou m\u00edt v\u011bt\u0161\u00ed rozestupy. [&hellip;]<\/p>\n","protected":false},"author":1,"featured_media":0,"comment_status":"open","ping_status":"open","sticky":false,"template":"","format":"standard","meta":{"site-sidebar-layout":"default","site-content-layout":"","ast-site-content-layout":"default","site-content-style":"default","site-sidebar-style":"default","ast-global-header-display":"","ast-banner-title-visibility":"","ast-main-header-display":"","ast-hfb-above-header-display":"","ast-hfb-below-header-display":"","ast-hfb-mobile-header-display":"","site-post-title":"","ast-breadcrumbs-content":"","ast-featured-img":"","footer-sml-layout":"","ast-disable-related-posts":"","theme-transparent-header-meta":"","adv-header-id-meta":"","stick-header-meta":"","header-above-stick-meta":"","header-main-stick-meta":"","header-below-stick-meta":"","astra-migrate-meta-layouts":"default","ast-page-background-enabled":"default","ast-page-background-meta":{"desktop":{"background-color":"var(--ast-global-color-5)","background-image":"","background-repeat":"repeat","background-position":"center center","background-size":"auto","background-attachment":"scroll","background-type":"","background-media":"","overlay-type":"","overlay-color":"","overlay-opacity":"","overlay-gradient":""},"tablet":{"background-color":"","background-image":"","background-repeat":"repeat","background-position":"center center","background-size":"auto","background-attachment":"scroll","background-type":"","background-media":"","overlay-type":"","overlay-color":"","overlay-opacity":"","overlay-gradient":""},"mobile":{"background-color":"","background-image":"","background-repeat":"repeat","background-position":"center center","background-size":"auto","background-attachment":"scroll","background-type":"","background-media":"","overlay-type":"","overlay-color":"","overlay-opacity":"","overlay-gradient":""}},"ast-content-background-meta":{"desktop":{"background-color":"var(--ast-global-color-4)","background-image":"","background-repeat":"repeat","background-position":"center center","background-size":"auto","background-attachment":"scroll","background-type":"","background-media":"","overlay-type":"","overlay-color":"","overlay-opacity":"","overlay-gradient":""},"tablet":{"background-color":"var(--ast-global-color-4)","background-image":"","background-repeat":"repeat","background-position":"center center","background-size":"auto","background-attachment":"scroll","background-type":"","background-media":"","overlay-type":"","overlay-color":"","overlay-opacity":"","overlay-gradient":""},"mobile":{"background-color":"var(--ast-global-color-4)","background-image":"","background-repeat":"repeat","background-position":"center center","background-size":"auto","background-attachment":"scroll","background-type":"","background-media":"","overlay-type":"","overlay-color":"","overlay-opacity":"","overlay-gradient":""}},"jetpack_post_was_ever_published":false,"_jetpack_newsletter_access":"","_jetpack_dont_email_post_to_subs":false,"_jetpack_newsletter_tier_id":0,"_jetpack_memberships_contains_paywalled_content":false,"_jetpack_memberships_contains_paid_content":false,"footnotes":""},"categories":[17],"tags":[],"class_list":["post-785","post","type-post","status-publish","format-standard","hentry","category-kdo-je-autorem"],"jetpack_featured_media_url":"","jetpack_shortlink":"https:\/\/wp.me\/p4mLP7-cF","jetpack-related-posts":[{"id":602,"url":"https:\/\/kotrla.com\/pmpro\/2006\/03\/kdo-je-autorem-nasledujicich-versu-111\/","url_meta":{"origin":785,"position":0},"title":"Kdo je autorem n\u00e1sleduj\u00edc\u00edch ver\u0161\u016f? (111)","author":"Pavel Kotrla","date":"6.3.2006","format":false,"excerpt":"S dlouh\u00fdm \u010dasov\u00fdm odstupem je \u010das na h\u00e1danku. Koneckonc\u016f, n\u011bjak se ta \u010desk\u00e1 poezie propagovat mus\u00ed. Tak\u017ee n\u00e1pov\u011bdu jste u\u017e dostali :) A proto\u017ee je jaro v nedohlednu, je to dneska b\u00e1se\u0148 tematicky lad\u011bn\u00e1. V zim\u011b Sobota dopoledne Havrani zakrou\u017e\u00ed Okolo vodojemu Srdce se sev\u0159e Jako pry\u017eov\u00fd krou\u017eek Na posilov\u00e1n\u00ed\u2026","rel":"","context":"V \u201eKdo je autorem?\u201c","block_context":{"text":"Kdo je autorem?","link":"https:\/\/kotrla.com\/pmpro\/category\/kdo-je-autorem\/"},"img":{"alt_text":"","src":"","width":0,"height":0},"classes":[]},{"id":331,"url":"https:\/\/kotrla.com\/pmpro\/2008\/08\/kdo-je-autorem-nasledujicich-versu-115\/","url_meta":{"origin":785,"position":1},"title":"Kdo je autorem n\u00e1sleduj\u00edc\u00edch ver\u0161\u016f? (115)","author":"Pavel Kotrla","date":"19.8.2008","format":false,"excerpt":"Tak v t\u00e9to rubrice jsem naposledy zve\u0159ejnil n\u011bco p\u0159ed rokem a p\u016fl. Ne, \u017ee bych za dobu \u017e\u00e1dnou poezii ne\u010detl, nebo ji zcela zanedb\u00e1val. Pravda, mo\u017en\u00e1 ji u\u017e nen\u00ed tolik, jako kdysi. Ale dnes ale dostal jsem sb\u00edrku, na kterou jsem se t\u011b\u0161il. Von\u00ed novotou. St\u0159\u00eddm\u00e1 \u00faprava, st\u0159\u00eddm\u00e9 proveden\u00ed. Tak\u017ee\u2026","rel":"","context":"V \u201eKdo je autorem?\u201c","block_context":{"text":"Kdo je autorem?","link":"https:\/\/kotrla.com\/pmpro\/category\/kdo-je-autorem\/"},"img":{"alt_text":"","src":"","width":0,"height":0},"classes":[]},{"id":1106,"url":"https:\/\/kotrla.com\/pmpro\/2004\/01\/kdo-je-autorem-nasledujicich-versu-20\/","url_meta":{"origin":785,"position":2},"title":"Kdo je autorem n\u00e1sleduj\u00edc\u00edch ver\u0161\u016f? (20)","author":"Pavel Kotrla","date":"15.1.2004","format":false,"excerpt":"Ot\u00e1zka nov\u00e9ho kola je st\u00e1le stejn\u00e1: Kdo je autorem n\u00e1sleduj\u00edch ver\u0161\u016f? Zapojte hlavu, vyhled\u00e1va\u010de nechejte sp\u00e1t. Ka\u0161tany Ka\u0161tany b\u00edl\u00e9 a r\u016f\u017eov\u00e9, planete jak sv\u00edce chr\u00e1mov\u00e9, a p\u0159ece v\u00e1\u0161 plamen je zajat\u00fd potom v plod drsn\u00fd a ostnat\u00fd jak palc\u00e1t. L\u00e1sko m\u00e1, k\u0159ehce tak rozkvetl\u00e1 do klidu, pohody, do sv\u011btla, a\u017e\u2026","rel":"","context":"V \u201eKdo je autorem?\u201c","block_context":{"text":"Kdo je autorem?","link":"https:\/\/kotrla.com\/pmpro\/category\/kdo-je-autorem\/"},"img":{"alt_text":"","src":"","width":0,"height":0},"classes":[]},{"id":822,"url":"https:\/\/kotrla.com\/pmpro\/2005\/02\/kdo-je-autorem-nasledujicich-versu-75\/","url_meta":{"origin":785,"position":3},"title":"Kdo je autorem n\u00e1sleduj\u00edc\u00edch ver\u0161\u016f? (75)","author":"Pavel Kotrla","date":"7.2.2005","format":false,"excerpt":"Pond\u011bln\u00ed r\u00e1no pln\u00e9 mrazu. Ale vypad\u00e1 to, \u017ee p\u0159ece jenom bude o n\u011bco tepleji ne\u017e v noci. U n\u00e1s bylo - 20\u00b0 C. Tak, kdopak napsal napsal n\u00e1sleduj\u00edc\u00ed b\u00e1se\u0148? NOC Na nebi svobodn\u00e9 hv\u011bzdy ho\u0159\u00ed a rozkv\u00e9taj\u00ed potichu do pokojn\u00fdch kalich\u016f. Na zemi zam\u010deny mezi \u010dty\u0159i st\u011bny jsou lidsk\u00e9 hv\u011bzdy\u2026","rel":"","context":"V \u201eKdo je autorem?\u201c","block_context":{"text":"Kdo je autorem?","link":"https:\/\/kotrla.com\/pmpro\/category\/kdo-je-autorem\/"},"img":{"alt_text":"","src":"","width":0,"height":0},"classes":[]},{"id":1236,"url":"https:\/\/kotrla.com\/pmpro\/2003\/09\/kdo-je-autorem-nasledujicich-versu-2\/","url_meta":{"origin":785,"position":4},"title":"Kdo je autorem n\u00e1sleduj\u00edc\u00edch ver\u0161\u016f? (2)","author":"Pavel Kotrla","date":"5.9.2003","format":false,"excerpt":"Nehled\u011b k minul\u00e9mu ne\u00fasp\u011bchu n\u00e1v\u0161t\u011bvn\u00edku t\u011bchto str\u00e1nek, d\u00e1m na Ren\u00e9ho. A proto je zde n\u00e1sleduj\u00edc\u00ed \u00fakol. Douf\u00e1m, \u017ee zapoj\u00edte hlavu, a ne vyhled\u00e1va\u010de. Kdo je autorem n\u00e1sleduj\u00edc\u00edch ver\u0161\u016f: SLAVN\u00dd SMUTEK Okam\u017eiky slavn\u00e9ho smutku d\u00fdchal jsem z atmosf\u00e9r Tu\u0161en\u00ed, kdy\u017e paprsky V\u011b\u010dn\u00e9ho pro\u0165aly teskn\u00fd sen, jen\u017e mlhami kou\u0159\u00ed se v m\u00e9\u2026","rel":"","context":"V \u201eKdo je autorem?\u201c","block_context":{"text":"Kdo je autorem?","link":"https:\/\/kotrla.com\/pmpro\/category\/kdo-je-autorem\/"},"img":{"alt_text":"","src":"","width":0,"height":0},"classes":[]},{"id":891,"url":"https:\/\/kotrla.com\/pmpro\/2004\/11\/kdo-je-autorem-nasledujicich-versu-61\/","url_meta":{"origin":785,"position":5},"title":"Kdo je autorem n\u00e1sleduj\u00edc\u00edch ver\u0161\u016f? (61)","author":"Pavel Kotrla","date":"1.11.2004","format":false,"excerpt":"Kdo je autorem n\u00e1sleduj\u00edc\u00ed b\u00e1sn\u011b? (Mal\u00e1 n\u00e1pov\u011bda? \u017dena.) B\u011blostn\u00fd ov\u00e1l Hle \u2013 gondola smrti se m\u011bkce houpe na vln\u00e1ch rouna kr\u00e1sn\u00e9 mrtv\u00e9 noci. Ve v\u011b\u017ei v\u00edr\u016f pt\u00e1ci usedaj\u00ed; zrn\u00ed\u010dka p\u00edsku dopadaj\u00ed na dno jejich zp\u011bvu \u2013 \u00f3 \u00faplnosti \u010dasu\u2026 Chr\u00e1m mo\u0159e zp\u00edv\u00e1 o modr\u00e9 krvi, o krvi kr\u00e1lovsk\u00e9, o jej\u00edm\u2026","rel":"","context":"V \u201eKdo je autorem?\u201c","block_context":{"text":"Kdo je autorem?","link":"https:\/\/kotrla.com\/pmpro\/category\/kdo-je-autorem\/"},"img":{"alt_text":"","src":"","width":0,"height":0},"classes":[]}],"jetpack_sharing_enabled":true,"_links":{"self":[{"href":"https:\/\/kotrla.com\/pmpro\/wp-json\/wp\/v2\/posts\/785","targetHints":{"allow":["GET"]}}],"collection":[{"href":"https:\/\/kotrla.com\/pmpro\/wp-json\/wp\/v2\/posts"}],"about":[{"href":"https:\/\/kotrla.com\/pmpro\/wp-json\/wp\/v2\/types\/post"}],"author":[{"embeddable":true,"href":"https:\/\/kotrla.com\/pmpro\/wp-json\/wp\/v2\/users\/1"}],"replies":[{"embeddable":true,"href":"https:\/\/kotrla.com\/pmpro\/wp-json\/wp\/v2\/comments?post=785"}],"version-history":[{"count":0,"href":"https:\/\/kotrla.com\/pmpro\/wp-json\/wp\/v2\/posts\/785\/revisions"}],"wp:attachment":[{"href":"https:\/\/kotrla.com\/pmpro\/wp-json\/wp\/v2\/media?parent=785"}],"wp:term":[{"taxonomy":"category","embeddable":true,"href":"https:\/\/kotrla.com\/pmpro\/wp-json\/wp\/v2\/categories?post=785"},{"taxonomy":"post_tag","embeddable":true,"href":"https:\/\/kotrla.com\/pmpro\/wp-json\/wp\/v2\/tags?post=785"}],"curies":[{"name":"wp","href":"https:\/\/api.w.org\/{rel}","templated":true}]}}