{"id":791,"date":"2005-03-21T01:01:45","date_gmt":"2005-03-21T00:01:45","guid":{"rendered":"http:\/\/kotrla.com\/wordpress\/?p=791"},"modified":"2020-03-04T10:37:25","modified_gmt":"2020-03-04T09:37:25","slug":"svetovy-den-poezie","status":"publish","type":"post","link":"https:\/\/kotrla.com\/pmpro\/2005\/03\/svetovy-den-poezie\/","title":{"rendered":"Sv\u011btov\u00fd den poezie"},"content":{"rendered":"<p>Dne\u0161ek je zasv\u011bcen poezii. Podobnosti na <a href=\"http:\/\/portal.unesco.org\/culture\/en\/ev.php-URL_ID%3D19160%26URL_DO%3DDO_TOPIC%26URL_SECTION%3D201.html\">Unesco.org<\/a><\/p>\n","protected":false},"excerpt":{"rendered":"<p>Dne\u0161ek je zasv\u011bcen poezii. Podobnosti na Unesco.org<\/p>\n","protected":false},"author":1,"featured_media":0,"comment_status":"open","ping_status":"open","sticky":false,"template":"","format":"standard","meta":{"site-sidebar-layout":"default","site-content-layout":"","ast-site-content-layout":"default","site-content-style":"default","site-sidebar-style":"default","ast-global-header-display":"","ast-banner-title-visibility":"","ast-main-header-display":"","ast-hfb-above-header-display":"","ast-hfb-below-header-display":"","ast-hfb-mobile-header-display":"","site-post-title":"","ast-breadcrumbs-content":"","ast-featured-img":"","footer-sml-layout":"","ast-disable-related-posts":"","theme-transparent-header-meta":"","adv-header-id-meta":"","stick-header-meta":"","header-above-stick-meta":"","header-main-stick-meta":"","header-below-stick-meta":"","astra-migrate-meta-layouts":"default","ast-page-background-enabled":"default","ast-page-background-meta":{"desktop":{"background-color":"var(--ast-global-color-5)","background-image":"","background-repeat":"repeat","background-position":"center center","background-size":"auto","background-attachment":"scroll","background-type":"","background-media":"","overlay-type":"","overlay-color":"","overlay-opacity":"","overlay-gradient":""},"tablet":{"background-color":"","background-image":"","background-repeat":"repeat","background-position":"center center","background-size":"auto","background-attachment":"scroll","background-type":"","background-media":"","overlay-type":"","overlay-color":"","overlay-opacity":"","overlay-gradient":""},"mobile":{"background-color":"","background-image":"","background-repeat":"repeat","background-position":"center center","background-size":"auto","background-attachment":"scroll","background-type":"","background-media":"","overlay-type":"","overlay-color":"","overlay-opacity":"","overlay-gradient":""}},"ast-content-background-meta":{"desktop":{"background-color":"var(--ast-global-color-4)","background-image":"","background-repeat":"repeat","background-position":"center center","background-size":"auto","background-attachment":"scroll","background-type":"","background-media":"","overlay-type":"","overlay-color":"","overlay-opacity":"","overlay-gradient":""},"tablet":{"background-color":"var(--ast-global-color-4)","background-image":"","background-repeat":"repeat","background-position":"center center","background-size":"auto","background-attachment":"scroll","background-type":"","background-media":"","overlay-type":"","overlay-color":"","overlay-opacity":"","overlay-gradient":""},"mobile":{"background-color":"var(--ast-global-color-4)","background-image":"","background-repeat":"repeat","background-position":"center center","background-size":"auto","background-attachment":"scroll","background-type":"","background-media":"","overlay-type":"","overlay-color":"","overlay-opacity":"","overlay-gradient":""}},"jetpack_post_was_ever_published":false,"_jetpack_newsletter_access":"","_jetpack_dont_email_post_to_subs":false,"_jetpack_newsletter_tier_id":0,"_jetpack_memberships_contains_paywalled_content":false,"_jetpack_memberships_contains_paid_content":false,"footnotes":""},"categories":[2,1],"tags":[],"class_list":["post-791","post","type-post","status-publish","format-standard","hentry","category-literatura","category-nezarazene"],"jetpack_featured_media_url":"","jetpack_shortlink":"https:\/\/wp.me\/p4mLP7-cL","jetpack-related-posts":[{"id":1232,"url":"https:\/\/kotrla.com\/pmpro\/2003\/09\/a-je-tu-novy-tvar\/","url_meta":{"origin":791,"position":0},"title":"A je tu nov\u00fd Tvar","author":"Pavel Kotrla","date":"9.9.2003","format":false,"excerpt":"Doba pr\u00e1zdninov\u00e9ho p\u016fstu skon\u010dila a nov\u00e9 \u010d\u00edslo Tvaru (str\u00e1nky by to cht\u011blo tro\u0161ku zaktualizovat) le\u017eelo v\u010dera ve schr\u00e1nce. Rozhodn\u011b doporu\u010duji rozhovor v \u017eij\u00edc\u00ed legendou Egonem Bondym.\u00a0 Milan Charoust ve sv\u00e9m dopise zaslan\u00e9m redakci reaguje na Tvarem ned\u00e1vno zve\u0159ejn\u011bnou b\u00e1se\u0148 Ji\u0159\u00edho Kub\u011bny. A reakce je to opravdu r\u00e1zn\u00e1, skoro a\u017e dehonestuj\u00edc\u00ed.\u2026","rel":"","context":"V \u201eNeza\u0159azen\u00e9\u201c","block_context":{"text":"Neza\u0159azen\u00e9","link":"https:\/\/kotrla.com\/pmpro\/category\/nezarazene\/"},"img":{"alt_text":"","src":"","width":0,"height":0},"classes":[]},{"id":1126,"url":"https:\/\/kotrla.com\/pmpro\/2003\/12\/host-102003\/","url_meta":{"origin":791,"position":1},"title":"HOST 10\/2003","author":"Pavel Kotrla","date":"21.12.2003","format":false,"excerpt":"Nov\u00fd Host pot\u011b\u0161il. Mimo jin\u00e9 kritikou posledn\u00ed knihy Milo\u0161e Urbana St\u00edn katedr\u00e1ly z pera Martina Pila\u0159e, kter\u00e1 p\u0159esn\u011b pojmenov\u00e1v\u00e1 n\u011bkter\u00e9 z inspira\u010dn\u00edch zdroj\u016f autora. A tak\u00e9 trochu zpochyb\u0148uje jeho automatick\u00e9 p\u0159i\u0159azov\u00e1n\u00ed k postmodern\u011b. Co\u017e je jenom dob\u0159e. Rozhodn\u011b ale doporu\u010duji k p\u0159e\u010dten\u00ed rozhovor s Petrem Borkovcem, u\u017e t\u0159eba pro tyto\u2026","rel":"","context":"V \u201eNeza\u0159azen\u00e9\u201c","block_context":{"text":"Neza\u0159azen\u00e9","link":"https:\/\/kotrla.com\/pmpro\/category\/nezarazene\/"},"img":{"alt_text":"","src":"","width":0,"height":0},"classes":[]},{"id":69,"url":"https:\/\/kotrla.com\/pmpro\/2012\/12\/misto-pro-experiment\/","url_meta":{"origin":791,"position":2},"title":"M\u00edsto pro experiment","author":"Pavel Kotrla","date":"2.12.2012","format":false,"excerpt":"ps\u00e1no pro Host 02\/2012 \u010cesk\u00e1 liter\u00e1rn\u00ed sc\u00e9na \u010dasopisy v\u011bnovan\u00e9 p\u0159ev\u00e1\u017en\u011b poezii skute\u010dn\u011b nepostr\u00e1d\u00e1. Je zde Ps\u00ed v\u00edno, kter\u00e9 m\u00e1 st\u00e1le podtitul \u201e\u010casopis pro sou\u010dasnou poezii\u201c, by\u0165 za dobu sv\u00e9 existence prod\u011blalo v\u00edce prom\u011bn. Z internetov\u00fdch projekt\u016f je zde minim\u00e1ln\u011b Divok\u00e9 v\u00edno. Vzpomene si je\u0161t\u011b n\u011bkdo na \u010dasopis Obratn\u00edk? \u010casopis, kter\u00fd\u2026","rel":"","context":"V \u201eInternet\u201c","block_context":{"text":"Internet","link":"https:\/\/kotrla.com\/pmpro\/category\/internet\/"},"img":{"alt_text":"image","src":"https:\/\/i0.wp.com\/kotrla.com\/pmpro\/images\/uploads\/kloaka.jpg?resize=350%2C200&ssl=1","width":350,"height":200},"classes":[]},{"id":1353,"url":"https:\/\/kotrla.com\/pmpro\/2003\/05\/wernisch-wernisch\/","url_meta":{"origin":791,"position":3},"title":"Wernisch, Wernisch&#8230;","author":"Pavel Kotrla","date":"7.5.2003","format":false,"excerpt":"Tak jsem se kone\u010dn\u011b stal \u0161\u0165astn\u00fdm vlastn\u00edkem Blbeck\u00e9 poezie Ivana Wernische. Svazek je to \u00factyhodn\u011b rozs\u00e1hl\u00fd a shrnuje autorovu poezii ze sedmdes\u00e1t\u00fdch a osmdes\u00e1t\u00fdch let, tedy z obdob\u00ed, kdy nemohl ofici\u00e1ln\u011b publikovat. Pravda, kniha to nen\u00ed nejlevn\u011bj\u0161\u00ed (cca 630,- K\u010d), ale asi by nem\u011bla chyb\u011bt v knihovni\u010dce. P\u0159inejmen\u0161\u00edm toho, kdo\u2026","rel":"","context":"V \u201eNeza\u0159azen\u00e9\u201c","block_context":{"text":"Neza\u0159azen\u00e9","link":"https:\/\/kotrla.com\/pmpro\/category\/nezarazene\/"},"img":{"alt_text":"","src":"","width":0,"height":0},"classes":[]},{"id":396,"url":"https:\/\/kotrla.com\/pmpro\/2007\/11\/ctenar-casopisu-ctenar-poezie-wagon-iii2007\/","url_meta":{"origin":791,"position":4},"title":"\u010cten\u00e1\u0159 \u010dasopis\u016f &#8211; \u010dten\u00e1\u0159 poezie: Wagon III\/2007","author":"Pavel Kotrla","date":"29.11.2007","format":false,"excerpt":"\u00dactyhodn\u00fd po\u010din se poda\u0159il redakci on-line liter\u00e1rn\u00edho almanachu Wagon. Jeho leto\u0161n\u00ed t\u0159et\u00ed \u010d\u00edslo je v\u011bnov\u00e1no p\u0159ev\u00e1\u017en\u011b \u010desk\u00e9 experiment\u00e1ln\u00ed poezii a m\u00e1 557(!) stran. Vizu\u00e1ln\u011b-poetick\u00e9 orgie. Taky dlouho trv\u00e1, ne\u017e se t\u00edm \u010dlov\u011bk prokou\u0161e. T\u00e9ma je pojedn\u00e1no opravdu \u0161iroce. Neomezuje se pouze na historickou exkurzi, ale p\u0159in\u00e1\u0161\u00ed i tvorbu autor\u016f sou\u010dasn\u00fdch.\u2026","rel":"","context":"V \u201e\u010cten\u00e1\u0159sk\u00fd den\u00edk\u201c","block_context":{"text":"\u010cten\u00e1\u0159sk\u00fd den\u00edk","link":"https:\/\/kotrla.com\/pmpro\/category\/ctenarsky-denik\/"},"img":{"alt_text":"Wagon 3\/2007","src":"https:\/\/i0.wp.com\/kotrla.com\/pmpro\/images\/uploads\/wagon_3_07.png?resize=350%2C200&ssl=1","width":350,"height":200},"classes":[]},{"id":1366,"url":"https:\/\/kotrla.com\/pmpro\/2003\/04\/psi-vino-242003\/","url_meta":{"origin":791,"position":5},"title":"Ps\u00ed v\u00edno 24\/2003","author":"Pavel Kotrla","date":"19.4.2003","format":false,"excerpt":"Kdy\u017e jsem se p\u0159ed n\u011bkolika lety poprv\u00e9 setkal s vydavatelem Ps\u00edho v\u00edna, b\u00e1sn\u00edkem, v\u00fdtvarn\u00edkem a kulturn\u00edm organiz\u00e1torem Jaroslavem Kovandou, tak m\u016fj prvn\u00ed pocit byl rozpa\u010dit\u00fd. Vinu na tom nesu p\u0159edev\u0161\u00edm j\u00e1, proto\u017ee jsem nev\u011b\u0159il jeho up\u0159\u00edmnosti, se kterou ji\u017e tehdy nab\u00edzel spolupr\u00e1ci. Texty ji\u017e m\u011bly v existenci drobn\u00fd n\u00e1skok, kter\u00fd\u2026","rel":"","context":"V \u201eNeza\u0159azen\u00e9\u201c","block_context":{"text":"Neza\u0159azen\u00e9","link":"https:\/\/kotrla.com\/pmpro\/category\/nezarazene\/"},"img":{"alt_text":"","src":"","width":0,"height":0},"classes":[]}],"jetpack_sharing_enabled":true,"_links":{"self":[{"href":"https:\/\/kotrla.com\/pmpro\/wp-json\/wp\/v2\/posts\/791","targetHints":{"allow":["GET"]}}],"collection":[{"href":"https:\/\/kotrla.com\/pmpro\/wp-json\/wp\/v2\/posts"}],"about":[{"href":"https:\/\/kotrla.com\/pmpro\/wp-json\/wp\/v2\/types\/post"}],"author":[{"embeddable":true,"href":"https:\/\/kotrla.com\/pmpro\/wp-json\/wp\/v2\/users\/1"}],"replies":[{"embeddable":true,"href":"https:\/\/kotrla.com\/pmpro\/wp-json\/wp\/v2\/comments?post=791"}],"version-history":[{"count":0,"href":"https:\/\/kotrla.com\/pmpro\/wp-json\/wp\/v2\/posts\/791\/revisions"}],"wp:attachment":[{"href":"https:\/\/kotrla.com\/pmpro\/wp-json\/wp\/v2\/media?parent=791"}],"wp:term":[{"taxonomy":"category","embeddable":true,"href":"https:\/\/kotrla.com\/pmpro\/wp-json\/wp\/v2\/categories?post=791"},{"taxonomy":"post_tag","embeddable":true,"href":"https:\/\/kotrla.com\/pmpro\/wp-json\/wp\/v2\/tags?post=791"}],"curies":[{"name":"wp","href":"https:\/\/api.w.org\/{rel}","templated":true}]}}