{"id":792,"date":"2005-03-20T12:12:00","date_gmt":"2005-03-20T11:12:00","guid":{"rendered":"http:\/\/kotrla.com\/wordpress\/?p=792"},"modified":"2019-11-20T22:29:08","modified_gmt":"2019-11-20T21:29:08","slug":"stari-dobri-yvan-goll-lxxvii","status":"publish","type":"post","link":"https:\/\/kotrla.com\/pmpro\/2005\/03\/stari-dobri-yvan-goll-lxxvii\/","title":{"rendered":"STA\u0158\u00cd DOB\u0158\u00cd: Yvan Goll (LXXVII.)"},"content":{"rendered":"<p>Vlastn\u00edm jm\u00e9nem Isaac Lang (* 29. 3. 1891 &#8211; &#8224; 27. 2. 1950), autor pat\u0159\u00edc\u00ed francouzsk\u00e9 i n\u011bmeck\u00e9 literatu\u0159e, expresionista, surrealista, sv\u011btoob\u010dan. <\/p>\n<p><b>NYMFA A KENTAUR<\/b><\/p>\n<p>Jsi nymfa je\u017e uprchla z b\u0159\u00edzek<br \/>\nU tv\u00fdch zlat\u00fdch nohou se sebevra\u017ed\u00ed psi<br \/>\nA hv\u011bzdy se rozpou\u0161t\u011bj\u00ed v tv\u00fdch o\u010d\u00edch<br \/>\nZ \u010das\u016f kdy tekly \u0159eky<\/p>\n<p>Posledn\u00ed kentaur<br \/>\nJedu po koni po avenue de l&#180;Op\u00e9ra<br \/>\nSeskakuji na v\u0161echny \u010dty\u0159i<br \/>\n\u0158e\u017eu se vedv\u00ed<br \/>\nA na prahu tv\u00e9ho ztracen\u00e9ho lesa ti nab\u00edz\u00edm<br \/>\nSv\u016fj krv\u00e1cej\u00edc\u00ed trup<\/p>\n<p><i>z francouz\u0161tiny p\u0159elo\u017eil Adolf Kroupa<\/i><\/p>\n","protected":false},"excerpt":{"rendered":"<p>Vlastn\u00edm jm\u00e9nem Isaac Lang (* 29. 3. 1891 &#8211; &#8224; 27. 2. 1950), autor pat\u0159\u00edc\u00ed francouzsk\u00e9 i n\u011bmeck\u00e9 literatu\u0159e, expresionista, surrealista, sv\u011btoob\u010dan. NYMFA A KENTAUR Jsi nymfa je\u017e uprchla z b\u0159\u00edzek U tv\u00fdch zlat\u00fdch nohou se sebevra\u017ed\u00ed psi A hv\u011bzdy se rozpou\u0161t\u011bj\u00ed v tv\u00fdch o\u010d\u00edch Z \u010das\u016f kdy tekly \u0159eky Posledn\u00ed kentaur Jedu po koni [&hellip;]<\/p>\n","protected":false},"author":1,"featured_media":0,"comment_status":"open","ping_status":"open","sticky":false,"template":"","format":"standard","meta":{"site-sidebar-layout":"default","site-content-layout":"","ast-site-content-layout":"default","site-content-style":"default","site-sidebar-style":"default","ast-global-header-display":"","ast-banner-title-visibility":"","ast-main-header-display":"","ast-hfb-above-header-display":"","ast-hfb-below-header-display":"","ast-hfb-mobile-header-display":"","site-post-title":"","ast-breadcrumbs-content":"","ast-featured-img":"","footer-sml-layout":"","ast-disable-related-posts":"","theme-transparent-header-meta":"","adv-header-id-meta":"","stick-header-meta":"","header-above-stick-meta":"","header-main-stick-meta":"","header-below-stick-meta":"","astra-migrate-meta-layouts":"default","ast-page-background-enabled":"default","ast-page-background-meta":{"desktop":{"background-color":"var(--ast-global-color-5)","background-image":"","background-repeat":"repeat","background-position":"center center","background-size":"auto","background-attachment":"scroll","background-type":"","background-media":"","overlay-type":"","overlay-color":"","overlay-opacity":"","overlay-gradient":""},"tablet":{"background-color":"","background-image":"","background-repeat":"repeat","background-position":"center center","background-size":"auto","background-attachment":"scroll","background-type":"","background-media":"","overlay-type":"","overlay-color":"","overlay-opacity":"","overlay-gradient":""},"mobile":{"background-color":"","background-image":"","background-repeat":"repeat","background-position":"center center","background-size":"auto","background-attachment":"scroll","background-type":"","background-media":"","overlay-type":"","overlay-color":"","overlay-opacity":"","overlay-gradient":""}},"ast-content-background-meta":{"desktop":{"background-color":"var(--ast-global-color-4)","background-image":"","background-repeat":"repeat","background-position":"center center","background-size":"auto","background-attachment":"scroll","background-type":"","background-media":"","overlay-type":"","overlay-color":"","overlay-opacity":"","overlay-gradient":""},"tablet":{"background-color":"var(--ast-global-color-4)","background-image":"","background-repeat":"repeat","background-position":"center center","background-size":"auto","background-attachment":"scroll","background-type":"","background-media":"","overlay-type":"","overlay-color":"","overlay-opacity":"","overlay-gradient":""},"mobile":{"background-color":"var(--ast-global-color-4)","background-image":"","background-repeat":"repeat","background-position":"center center","background-size":"auto","background-attachment":"scroll","background-type":"","background-media":"","overlay-type":"","overlay-color":"","overlay-opacity":"","overlay-gradient":""}},"jetpack_post_was_ever_published":false,"_jetpack_newsletter_access":"","_jetpack_dont_email_post_to_subs":false,"_jetpack_newsletter_tier_id":0,"_jetpack_memberships_contains_paywalled_content":false,"_jetpack_memberships_contains_paid_content":false,"footnotes":""},"categories":[8],"tags":[],"class_list":["post-792","post","type-post","status-publish","format-standard","hentry","category-stari-dobri"],"jetpack_featured_media_url":"","jetpack_shortlink":"https:\/\/wp.me\/p4mLP7-cM","jetpack-related-posts":[{"id":777,"url":"https:\/\/kotrla.com\/pmpro\/2005\/04\/stari-dobri-mario-luzi-lxxxi\/","url_meta":{"origin":792,"position":0},"title":"STA\u0158\u00cd DOB\u0158\u00cd: Mario Luzi (LXXXI.)","author":"Pavel Kotrla","date":"17.4.2005","format":false,"excerpt":"Jeden z nejv\u00fdznamn\u011bj\u0161\u00edch italsk\u00fdch b\u00e1sn\u00edk\u016f a esejist\u016f uplynul\u00e9ho stolet\u00ed (30. \u0159\u00edjna 1914 - 28. \u00fanora 2005). K\u0158I\u017dUJ\u00cdC\u00cd SE STEZKY St\u0159emhlav\u00e1 voda kou\u0159\u00ed na \u00fabo\u010d\u00ed, k\u0159e plot\u016f nebzu\u010d\u00ed a na moru\u0161e si leh\u00e1 mlha. Ty se odkl\u00e1n\u00ed\u0161 od sv\u00e9ho st\u00ednu, pomalu je ve\u010der. Matn\u00e9, matn\u011bj\u0161\u00ed za z\u00e1vojem prachu vosy bloud\u00ed a\u2026","rel":"","context":"V \u201eSta\u0159\u00ed dob\u0159\u00ed\u201c","block_context":{"text":"Sta\u0159\u00ed dob\u0159\u00ed","link":"https:\/\/kotrla.com\/pmpro\/category\/stari-dobri\/"},"img":{"alt_text":"","src":"","width":0,"height":0},"classes":[]},{"id":991,"url":"https:\/\/kotrla.com\/pmpro\/2004\/06\/stari-dobri-muhammad-ikbal-xxxxi\/","url_meta":{"origin":792,"position":1},"title":"STA\u0158\u00cd DOB\u0158\u00cd: Muhammad Ikb\u00e1l (XXXXI.)","author":"Pavel Kotrla","date":"6.6.2004","format":false,"excerpt":"Tak jsem zde s dal\u0161\u00ed ned\u011bln\u00ed chvilkou poezie, za\u010d\u00edn\u00e1me p\u00e1tou des\u00edtku. Tentokr\u00e1t je to uk\u00e1zka z tvorby jednoho z nejv\u00fdznamn\u011bj\u0161\u00edch modern\u00edch indick\u00fdch b\u00e1sn\u00edk\u016f (1877 - 1938), kter\u00fd je pova\u017eov\u00e1n za tak\u00e9 za n\u00e1rodn\u00edho b\u00e1sn\u00edka Pakist\u00e1nu. B\u00e1se\u0148 poch\u00e1z\u00ed z v\u00fdboru Hlas karavann\u00edho zvonku (Odeon, 1977), kter\u00fd byl vyd\u00e1n k st\u00e9mu v\u00fdro\u010d\u00ed\u2026","rel":"","context":"V \u201eSta\u0159\u00ed dob\u0159\u00ed\u201c","block_context":{"text":"Sta\u0159\u00ed dob\u0159\u00ed","link":"https:\/\/kotrla.com\/pmpro\/category\/stari-dobri\/"},"img":{"alt_text":"","src":"","width":0,"height":0},"classes":[]},{"id":1044,"url":"https:\/\/kotrla.com\/pmpro\/2004\/03\/stari-dobri-jan-zahradnicek-xxxi\/","url_meta":{"origin":792,"position":2},"title":"STA\u0158\u00cd DOB\u0158\u00cd: Jan Zahradn\u00ed\u010dek (XXXI.)","author":"Pavel Kotrla","date":"28.3.2004","format":false,"excerpt":"Mezi dal\u0161\u00ed m\u00e9 \u00falovky z antikvari\u00e1tu pat\u0159\u00ed prvn\u00ed vyd\u00e1n\u00ed sb\u00edrky Jana Zahradn\u00ed\u010dka Pod bi\u010dem milostn\u00fdm (1944, Brno: Akord). A op\u011bt: za desetikorunu jsem to tam prost\u011b nemohl nechat le\u017eet. P\u0158\u00c1N\u00cd V zahr\u00e1dk\u00e1ch pr\u00e1zdno a jen slunce mate, jak loukou rezavou se proch\u00e1z\u00ed - b\u011b\u017e\u00edm a sb\u00edr\u00e1m ver\u0161e kostrbat\u00e9 nam\u00edsto kv\u011btin\u2026","rel":"","context":"V \u201eSta\u0159\u00ed dob\u0159\u00ed\u201c","block_context":{"text":"Sta\u0159\u00ed dob\u0159\u00ed","link":"https:\/\/kotrla.com\/pmpro\/category\/stari-dobri\/"},"img":{"alt_text":"","src":"","width":0,"height":0},"classes":[]},{"id":1071,"url":"https:\/\/kotrla.com\/pmpro\/2004\/02\/stari-dobri-william-blake-xxvi\/","url_meta":{"origin":792,"position":3},"title":"STA\u0158\u00cd DOB\u0158\u00cd: William Blake (XXVI.)","author":"Pavel Kotrla","date":"22.2.2004","format":false,"excerpt":"M\u00e1 obl\u00edben\u00e1 b\u00e1se\u0148 v obl\u00edben\u00e9m p\u0159ekladu. Tygr Tyg\u0159e, tyg\u0159e, \u017ehav\u011b \u017ehne\u0161 v noci, j\u00ed\u017e jak lesem jde\u0161! Kdo vzal smrti jej\u00ed moc a dal ti stra\u0161nou soum\u011brnost? V hloubi kde, kde v nebes\u00edch planul ohe\u0148 o\u010d\u00ed tv\u00fdch? Na \u010d\u00edch perut\u00edch se vznese? Kter\u00e1 ruka plamen snese? Kter\u00fd fortel, kter\u00e9 ruce\u2026","rel":"","context":"V \u201eSta\u0159\u00ed dob\u0159\u00ed\u201c","block_context":{"text":"Sta\u0159\u00ed dob\u0159\u00ed","link":"https:\/\/kotrla.com\/pmpro\/category\/stari-dobri\/"},"img":{"alt_text":"The Tyger, written and illustrated by William Blake","src":"https:\/\/i0.wp.com\/kotrla.com\/pmpro\/wp-content\/uploads\/2004\/02\/William-Blake-The-Tyger.jpg?resize=350%2C200&ssl=1","width":350,"height":200,"srcset":"https:\/\/i0.wp.com\/kotrla.com\/pmpro\/wp-content\/uploads\/2004\/02\/William-Blake-The-Tyger.jpg?resize=350%2C200&ssl=1 1x, https:\/\/i0.wp.com\/kotrla.com\/pmpro\/wp-content\/uploads\/2004\/02\/William-Blake-The-Tyger.jpg?resize=525%2C300&ssl=1 1.5x, https:\/\/i0.wp.com\/kotrla.com\/pmpro\/wp-content\/uploads\/2004\/02\/William-Blake-The-Tyger.jpg?resize=700%2C400&ssl=1 2x"},"classes":[]},{"id":985,"url":"https:\/\/kotrla.com\/pmpro\/2004\/06\/stari-dobri-pavel-javor-xxxxii\/","url_meta":{"origin":792,"position":4},"title":"STA\u0158\u00cd DOB\u0158\u00cd: Pavel Javor (XXXXII.)","author":"Pavel Kotrla","date":"13.6.2004","format":false,"excerpt":"Vlastn\u00edm jm\u00e9nem Ji\u0159\u00ed \u0160kvor (1916 - 1981), zna\u010dnou \u010d\u00e1st \u017eivota str\u00e1vil v emigraci. Monolog mo\u0159e Zde kon\u010d\u00ed ka\u017ed\u00e1 nen\u00e1vist, zde kon\u010d\u00ed ka\u017ed\u00fd c\u00edl - J\u00e1 o tv\u00fdch cest\u00e1ch dob\u0159e v\u00edm. V\u00edm, \u017ee jsi zabloudil! Jsem v\u0161evidouc\u00ed, proto v\u00edm, \u017ee jsi dal i svou krev. Jsou l\u00e1sky, kter\u00e9 padaj\u00ed jak hroudy\u2026","rel":"","context":"V \u201eSta\u0159\u00ed dob\u0159\u00ed\u201c","block_context":{"text":"Sta\u0159\u00ed dob\u0159\u00ed","link":"https:\/\/kotrla.com\/pmpro\/category\/stari-dobri\/"},"img":{"alt_text":"","src":"","width":0,"height":0},"classes":[]},{"id":690,"url":"https:\/\/kotrla.com\/pmpro\/2005\/09\/stari-dobri-tu-mu-xcvii\/","url_meta":{"origin":792,"position":5},"title":"STA\u0158\u00cd DOB\u0158\u00cd: Tu Mu (XCVII.)","author":"Pavel Kotrla","date":"4.9.2005","format":false,"excerpt":"Proch\u00e1zka po hor\u00e1ch Kamenit\u00e1 stezka \u00a0\u00a0vine se vzh\u016fru \u00a0\u00a0na chladnou horu. Z chumlu oblak\u016f \u00a0\u00a0n\u00e1hle se vyno\u0159ilo \u00a0\u00a0lidsk\u00e9 obydl\u00ed. Zastavuji k\u00e1ru, \u00a0\u00a0koch\u00e1m se pohledem \u00a0\u00a0na z\u00e1pad slunce \u00a0\u00a0v korun\u00e1ch javor\u016f. Bohat\u00e9 listov\u00ed o\u017eehl\u00e9 mrazem \u00a0\u00a0je stokr\u00e1t \u010derven\u011bj\u0161\u00ed \u00a0\u00a0ne\u017e jarn\u00ed kv\u011bty. p\u0159eklad z \u010d\u00edn\u0161tiny Ferdinand Sto\u010des","rel":"","context":"V \u201eSta\u0159\u00ed dob\u0159\u00ed\u201c","block_context":{"text":"Sta\u0159\u00ed dob\u0159\u00ed","link":"https:\/\/kotrla.com\/pmpro\/category\/stari-dobri\/"},"img":{"alt_text":"","src":"","width":0,"height":0},"classes":[]}],"jetpack_sharing_enabled":true,"_links":{"self":[{"href":"https:\/\/kotrla.com\/pmpro\/wp-json\/wp\/v2\/posts\/792","targetHints":{"allow":["GET"]}}],"collection":[{"href":"https:\/\/kotrla.com\/pmpro\/wp-json\/wp\/v2\/posts"}],"about":[{"href":"https:\/\/kotrla.com\/pmpro\/wp-json\/wp\/v2\/types\/post"}],"author":[{"embeddable":true,"href":"https:\/\/kotrla.com\/pmpro\/wp-json\/wp\/v2\/users\/1"}],"replies":[{"embeddable":true,"href":"https:\/\/kotrla.com\/pmpro\/wp-json\/wp\/v2\/comments?post=792"}],"version-history":[{"count":0,"href":"https:\/\/kotrla.com\/pmpro\/wp-json\/wp\/v2\/posts\/792\/revisions"}],"wp:attachment":[{"href":"https:\/\/kotrla.com\/pmpro\/wp-json\/wp\/v2\/media?parent=792"}],"wp:term":[{"taxonomy":"category","embeddable":true,"href":"https:\/\/kotrla.com\/pmpro\/wp-json\/wp\/v2\/categories?post=792"},{"taxonomy":"post_tag","embeddable":true,"href":"https:\/\/kotrla.com\/pmpro\/wp-json\/wp\/v2\/tags?post=792"}],"curies":[{"name":"wp","href":"https:\/\/api.w.org\/{rel}","templated":true}]}}