{"id":793,"date":"2005-03-18T21:04:58","date_gmt":"2005-03-18T20:04:58","guid":{"rendered":"http:\/\/kotrla.com\/wordpress\/?p=793"},"modified":"2019-11-20T22:29:08","modified_gmt":"2019-11-20T21:29:08","slug":"cim-bych-se-neuzivil","status":"publish","type":"post","link":"https:\/\/kotrla.com\/pmpro\/2005\/03\/cim-bych-se-neuzivil\/","title":{"rendered":"\u010c\u00edm bych se neu\u017eivil"},"content":{"rendered":"<p>Po v\u010derej\u0161\u00edm a dne\u0161n\u00edm odpoledni, kdy jsem si hr\u00e1l na zedn\u00edka, mus\u00edm konstatovat, \u017ee bych touto prac\u00ed asi, p\u0159inenejmen\u0161\u00edm ne jako samostatn\u00e1 jednotka, mnoho nevyd\u011blal. Cca 1 m<sup>2<\/sup> om\u00edtky prost\u011b nen\u00ed nejv\u00edc. Trochu mne ut\u011b\u0161uje, \u017ee jako podava\u010d jsem p\u0159ece jenom v\u00fdkonn\u011bj\u0161\u00ed.<\/p>\n","protected":false},"excerpt":{"rendered":"<p>Po v\u010derej\u0161\u00edm a dne\u0161n\u00edm odpoledni, kdy jsem si hr\u00e1l na zedn\u00edka, mus\u00edm konstatovat, \u017ee bych touto prac\u00ed asi, p\u0159inenejmen\u0161\u00edm ne jako samostatn\u00e1 jednotka, mnoho nevyd\u011blal. Cca 1 m2 om\u00edtky prost\u011b nen\u00ed nejv\u00edc. Trochu mne ut\u011b\u0161uje, \u017ee jako podava\u010d jsem p\u0159ece jenom v\u00fdkonn\u011bj\u0161\u00ed.<\/p>\n","protected":false},"author":1,"featured_media":0,"comment_status":"open","ping_status":"open","sticky":false,"template":"","format":"standard","meta":{"site-sidebar-layout":"default","site-content-layout":"","ast-site-content-layout":"default","site-content-style":"default","site-sidebar-style":"default","ast-global-header-display":"","ast-banner-title-visibility":"","ast-main-header-display":"","ast-hfb-above-header-display":"","ast-hfb-below-header-display":"","ast-hfb-mobile-header-display":"","site-post-title":"","ast-breadcrumbs-content":"","ast-featured-img":"","footer-sml-layout":"","ast-disable-related-posts":"","theme-transparent-header-meta":"","adv-header-id-meta":"","stick-header-meta":"","header-above-stick-meta":"","header-main-stick-meta":"","header-below-stick-meta":"","astra-migrate-meta-layouts":"default","ast-page-background-enabled":"default","ast-page-background-meta":{"desktop":{"background-color":"var(--ast-global-color-5)","background-image":"","background-repeat":"repeat","background-position":"center center","background-size":"auto","background-attachment":"scroll","background-type":"","background-media":"","overlay-type":"","overlay-color":"","overlay-opacity":"","overlay-gradient":""},"tablet":{"background-color":"","background-image":"","background-repeat":"repeat","background-position":"center center","background-size":"auto","background-attachment":"scroll","background-type":"","background-media":"","overlay-type":"","overlay-color":"","overlay-opacity":"","overlay-gradient":""},"mobile":{"background-color":"","background-image":"","background-repeat":"repeat","background-position":"center center","background-size":"auto","background-attachment":"scroll","background-type":"","background-media":"","overlay-type":"","overlay-color":"","overlay-opacity":"","overlay-gradient":""}},"ast-content-background-meta":{"desktop":{"background-color":"var(--ast-global-color-4)","background-image":"","background-repeat":"repeat","background-position":"center center","background-size":"auto","background-attachment":"scroll","background-type":"","background-media":"","overlay-type":"","overlay-color":"","overlay-opacity":"","overlay-gradient":""},"tablet":{"background-color":"var(--ast-global-color-4)","background-image":"","background-repeat":"repeat","background-position":"center center","background-size":"auto","background-attachment":"scroll","background-type":"","background-media":"","overlay-type":"","overlay-color":"","overlay-opacity":"","overlay-gradient":""},"mobile":{"background-color":"var(--ast-global-color-4)","background-image":"","background-repeat":"repeat","background-position":"center center","background-size":"auto","background-attachment":"scroll","background-type":"","background-media":"","overlay-type":"","overlay-color":"","overlay-opacity":"","overlay-gradient":""}},"jetpack_post_was_ever_published":false,"_jetpack_newsletter_access":"","_jetpack_dont_email_post_to_subs":false,"_jetpack_newsletter_tier_id":0,"_jetpack_memberships_contains_paywalled_content":false,"_jetpack_memberships_contains_paid_content":false,"footnotes":""},"categories":[1],"tags":[],"class_list":["post-793","post","type-post","status-publish","format-standard","hentry","category-nezarazene"],"jetpack_featured_media_url":"","jetpack_shortlink":"https:\/\/wp.me\/p4mLP7-cN","jetpack-related-posts":[{"id":185,"url":"https:\/\/kotrla.com\/pmpro\/2010\/10\/ostravsky-krest-monografie-karla-siktance\/","url_meta":{"origin":793,"position":0},"title":"Ostravsk\u00fd k\u0159est monografie Karla \u0160iktance","author":"Pavel Kotrla","date":"12.10.2010","format":false,"excerpt":"Povedl se. Aspo\u0148 z m\u00e9ho pohledu. A i vzhledem k tomu, \u017ee na samotn\u00fd k\u0159est jsem se nedostal. N\u011bjak jsem si vzpomn\u011bl na slavn\u00e9 p\u0159edn\u00e1\u0161ky Egona Bondyho, na kter\u00e9 jsme vyr\u00e1\u017eeli a na kter\u00e9 nikdy nedojel. Ne \u017ee bych trp\u011bl klaustrofobi\u00ed, ale v tom mno\u017estv\u00ed lid\u00ed se mi ma\u010dkat necht\u011blo.\u2026","rel":"","context":"V \u201eFotografie\u201c","block_context":{"text":"Fotografie","link":"https:\/\/kotrla.com\/pmpro\/category\/fotografie\/"},"img":{"alt_text":"Daniel Pastir\u010d\u00e1k (SK) - Primo\u017e Repar (SLO) - Stanislava Repar (SLO)","src":"https:\/\/i0.wp.com\/kotrla.com\/pmpro\/images\/uploads\/protimluvfest1.jpg?resize=350%2C200&ssl=1","width":350,"height":200},"classes":[]},{"id":584,"url":"https:\/\/kotrla.com\/pmpro\/2006\/03\/kdyby-byl-mesicnik-blogosfera-volne-v-distribuci\/","url_meta":{"origin":793,"position":1},"title":"Kdyby byl m\u011bs\u00ed\u010dn\u00edk Blogosf\u00e9ra voln\u011b v distribuci&#8230;","author":"Pavel Kotrla","date":"29.3.2006","format":false,"excerpt":"...tak bych si ho stejn\u011b nekoupil. A d\u016fvod? Velmi jednoduch\u00fd: nem\u00e1m pot\u0159ebu \u010d\u00edst v\u011bci st\u00e1le se opakuj\u00edc\u00ed. O\u010dek\u00e1val jsem, \u017ee t\u0159et\u00ed \u010d\u00edslo, kter\u00e9 se prezentuje jako magaz\u00edn \u010desk\u00fdch a slovensk\u00fdch bloger\u016f, p\u0159ece jenom p\u0159inese n\u011bco origin\u00e1ln\u011bj\u0161\u00edho. Bohu\u017eel zat\u00edm je to jenom takov\u00fd pelmel. I \u010desk\u00e9 blogy sice maj\u00ed \u010dten\u00e1\u0159\u016fm co\u2026","rel":"","context":"V \u201e\u010cten\u00e1\u0159sk\u00fd den\u00edk\u201c","block_context":{"text":"\u010cten\u00e1\u0159sk\u00fd den\u00edk","link":"https:\/\/kotrla.com\/pmpro\/category\/ctenarsky-denik\/"},"img":{"alt_text":"","src":"","width":0,"height":0},"classes":[]},{"id":341,"url":"https:\/\/kotrla.com\/pmpro\/2008\/06\/z-bloku-02-dozvuky-lonske-sklizne-literarni\/","url_meta":{"origin":793,"position":2},"title":"Z bloku 02: Dozvuky lo\u0148sk\u00e9 sklizn\u011b liter\u00e1rn\u00ed","author":"Pavel Kotrla","date":"16.6.2008","format":false,"excerpt":"Sloupek vy\u0161el v Tvaru \u010d. 11 (29.05.2008) V\u00edkendov\u00e9 ve\u010dery jsou ji\u017e s \u017eeleznou pravidelnost\u00ed poznamen\u00e1ny jedn\u00edm opakuj\u00edc\u00edm se stereotypem: televizn\u00ed program v\u0161ech kan\u00e1l\u016f p\u016fsob\u00ed dojmem, \u017ee si v\u0161ichni dramaturgov\u00e9 a programov\u00ed \u0159editel\u00e9 vzali volno. Jednou dvakr\u00e1t by to \u010dlov\u011bk pochopil, takto se to ned\u00e1 pou\u017e\u00edt ani jako hlukov\u00e1 kulisa. Zpravidla\u2026","rel":"","context":"V \u201eSloupky pro Tvar\u201c","block_context":{"text":"Sloupky pro Tvar","link":"https:\/\/kotrla.com\/pmpro\/category\/sloupky-pro-tvar\/"},"img":{"alt_text":"","src":"","width":0,"height":0},"classes":[]},{"id":240,"url":"https:\/\/kotrla.com\/pmpro\/2009\/11\/cetba-stare-knihy-o-knihach\/","url_meta":{"origin":793,"position":3},"title":"\u010cetba star\u00e9 knihy o knih\u00e1ch","author":"Pavel Kotrla","date":"23.11.2009","format":false,"excerpt":"M\u00e1m jednu zvl\u00e1\u0161\u0165 obl\u00edbenou, kterou jsem n\u00e1hodou kdysi koupil v antikvari\u00e1tu za neoby\u010dejn\u011b dobr\u00fd pen\u00edz (ned\u00e1vno jsem ji vid\u011bl prod\u00e1vat za dev\u011bt stovek, co\u017e bych teda asi nedal). Snad jako ka\u017ed\u00fd knihomol m\u00e1m v\u00edc takov\u00fdch \u00falovk\u016f, o tom snad tak\u00e9 n\u011bkdy. Napsal ji Zden\u011bk Tobolka, jmenuje se Kniha - Jej\u00ed\u2026","rel":"","context":"V \u201e\u010cten\u00e1\u0159sk\u00fd den\u00edk\u201c","block_context":{"text":"\u010cten\u00e1\u0159sk\u00fd den\u00edk","link":"https:\/\/kotrla.com\/pmpro\/category\/ctenarsky-denik\/"},"img":{"alt_text":"Zden\u011bk Tobolka: Kniha - Jej\u00ed vznik, v\u00fdvoj a rozbor","src":"https:\/\/i0.wp.com\/kotrla.com\/pmpro\/images\/uploads\/tobolka_kniha.jpg?resize=350%2C200&ssl=1","width":350,"height":200},"classes":[]},{"id":331,"url":"https:\/\/kotrla.com\/pmpro\/2008\/08\/kdo-je-autorem-nasledujicich-versu-115\/","url_meta":{"origin":793,"position":4},"title":"Kdo je autorem n\u00e1sleduj\u00edc\u00edch ver\u0161\u016f? (115)","author":"Pavel Kotrla","date":"19.8.2008","format":false,"excerpt":"Tak v t\u00e9to rubrice jsem naposledy zve\u0159ejnil n\u011bco p\u0159ed rokem a p\u016fl. Ne, \u017ee bych za dobu \u017e\u00e1dnou poezii ne\u010detl, nebo ji zcela zanedb\u00e1val. Pravda, mo\u017en\u00e1 ji u\u017e nen\u00ed tolik, jako kdysi. Ale dnes ale dostal jsem sb\u00edrku, na kterou jsem se t\u011b\u0161il. Von\u00ed novotou. St\u0159\u00eddm\u00e1 \u00faprava, st\u0159\u00eddm\u00e9 proveden\u00ed. Tak\u017ee\u2026","rel":"","context":"V \u201eKdo je autorem?\u201c","block_context":{"text":"Kdo je autorem?","link":"https:\/\/kotrla.com\/pmpro\/category\/kdo-je-autorem\/"},"img":{"alt_text":"","src":"","width":0,"height":0},"classes":[]},{"id":311,"url":"https:\/\/kotrla.com\/pmpro\/2008\/12\/z-bloku-06-renesance\/","url_meta":{"origin":793,"position":5},"title":"Z bloku 06: Renesance","author":"Pavel Kotrla","date":"16.12.2008","format":false,"excerpt":"Sloupek vy\u0161el v Tvaru \u010d. 19 (13.11.2008). Nejenom tento podzimu m\u00e1m dojem, \u017ee o literatu\u0159e se p\u00ed\u0161e v\u00edc ne\u017e se p\u00ed\u0161e literatura samotn\u00e1. A l\u00e1mu si hlavu, zda m\u00e1m trp\u011bt v\u00fd\u010ditkami sv\u011bdom\u00ed, \u017ee k tomu p\u0159isp\u00edv\u00e1m taky. Chvilku se pak v t\u00e9 souvislosti tr\u00e1p\u00edm, co zaj\u00edmav\u00e9ho jsem v posledn\u00edch m\u011bs\u00edc\u00edch\u2026","rel":"","context":"V \u201eLiteratura\u201c","block_context":{"text":"Literatura","link":"https:\/\/kotrla.com\/pmpro\/category\/literatura\/"},"img":{"alt_text":"","src":"","width":0,"height":0},"classes":[]}],"jetpack_sharing_enabled":true,"_links":{"self":[{"href":"https:\/\/kotrla.com\/pmpro\/wp-json\/wp\/v2\/posts\/793","targetHints":{"allow":["GET"]}}],"collection":[{"href":"https:\/\/kotrla.com\/pmpro\/wp-json\/wp\/v2\/posts"}],"about":[{"href":"https:\/\/kotrla.com\/pmpro\/wp-json\/wp\/v2\/types\/post"}],"author":[{"embeddable":true,"href":"https:\/\/kotrla.com\/pmpro\/wp-json\/wp\/v2\/users\/1"}],"replies":[{"embeddable":true,"href":"https:\/\/kotrla.com\/pmpro\/wp-json\/wp\/v2\/comments?post=793"}],"version-history":[{"count":0,"href":"https:\/\/kotrla.com\/pmpro\/wp-json\/wp\/v2\/posts\/793\/revisions"}],"wp:attachment":[{"href":"https:\/\/kotrla.com\/pmpro\/wp-json\/wp\/v2\/media?parent=793"}],"wp:term":[{"taxonomy":"category","embeddable":true,"href":"https:\/\/kotrla.com\/pmpro\/wp-json\/wp\/v2\/categories?post=793"},{"taxonomy":"post_tag","embeddable":true,"href":"https:\/\/kotrla.com\/pmpro\/wp-json\/wp\/v2\/tags?post=793"}],"curies":[{"name":"wp","href":"https:\/\/api.w.org\/{rel}","templated":true}]}}