{"id":798,"date":"2005-03-13T12:12:00","date_gmt":"2005-03-13T11:12:00","guid":{"rendered":"http:\/\/kotrla.com\/wordpress\/?p=798"},"modified":"2019-11-20T22:29:08","modified_gmt":"2019-11-20T21:29:08","slug":"stari-dobri-bohumil-hrabal-lxxvi","status":"publish","type":"post","link":"https:\/\/kotrla.com\/pmpro\/2005\/03\/stari-dobri-bohumil-hrabal-lxxvi\/","title":{"rendered":"STA\u0158\u00cd DOB\u0158\u00cd: Bohumil Hrabal (LXXVI.)"},"content":{"rendered":"<p>V dne\u0161n\u00ed ned\u011bln\u00ed chvilce poezie si p\u0159ipomeneme zn\u00e1m\u00e9ho prozaika (* 28. 3. 1914 &#8211;&nbsp; &#8224; 3. 2. 1997), kter\u00fd nezapom\u00ednal ani na poezii. T\u0159eba ji \u010detl i J. H. Krchovsk\u00fd.<\/p>\n<p><b>ZDRAV\u00cd A KR\u00c1SE VST\u0158\u00cdC KOSMETIKOU ELIDA<\/b><\/p>\n<p>Bu\u010fte pak potom state\u010dni a plni sn\u011bn\u00ed,<br \/>\nkdy\u017e na v\u0161ech m\u00edstech sem t\u00e1hne smrt a chlad,<br \/>\njak mozek s\u00e1m, kter\u00fd, jsa zcela roz\u0161t\u011bpen\u00fd,<br \/>\nna v\u0161echny strany st\u0159\u00edd\u00e1 protiklad,<\/p>\n<p>\u017ee nen\u00ed, kde se zachytiti a nen\u00ed v\u00edce hv\u011bzd<br \/>\na l\u00e1sky nen\u00ed, ani luny brun\u00e1tn\u00e9 za stm\u00edv\u00e1n\u00ed<br \/>\na ani hovor milostn\u00fd a sk\u0159\u00edpot p\u00edsku cest.<br \/>\nJen j\u00eddlo, \u0161aty, soulo\u017e, pr\u00e1ce. A z\u00edv\u00e1n\u00ed,<\/p>\n<p>co d\u011blati ne\u017e nadejde \u010das j\u00edti sp\u00e1t,<br \/>\njen prchl\u00fd pohled v zrcadle, tak jako vrah,<br \/>\nkdy\u017e na mrtvolu v prost\u011bradle pohl\u00e9dne.<\/p>\n<p>A b\u00e1sn\u00edk, kter\u00fd dostal \u00fakol \u017eivot hl\u00eddat<br \/>\na v l\u00e1sce bd\u00edt, sm\u011bje se idiotsky u vrat<br \/>\na chlast\u00e1 z lahve. Je p\u016flnoc nebo poledne?<\/p>\n","protected":false},"excerpt":{"rendered":"<p>V dne\u0161n\u00ed ned\u011bln\u00ed chvilce poezie si p\u0159ipomeneme zn\u00e1m\u00e9ho prozaika (* 28. 3. 1914 &#8211;&nbsp; &#8224; 3. 2. 1997), kter\u00fd nezapom\u00ednal ani na poezii. T\u0159eba ji \u010detl i J. H. Krchovsk\u00fd. ZDRAV\u00cd A KR\u00c1SE VST\u0158\u00cdC KOSMETIKOU ELIDA Bu\u010fte pak potom state\u010dni a plni sn\u011bn\u00ed, kdy\u017e na v\u0161ech m\u00edstech sem t\u00e1hne smrt a chlad, jak mozek s\u00e1m, [&hellip;]<\/p>\n","protected":false},"author":1,"featured_media":0,"comment_status":"open","ping_status":"open","sticky":false,"template":"","format":"standard","meta":{"site-sidebar-layout":"default","site-content-layout":"","ast-site-content-layout":"default","site-content-style":"default","site-sidebar-style":"default","ast-global-header-display":"","ast-banner-title-visibility":"","ast-main-header-display":"","ast-hfb-above-header-display":"","ast-hfb-below-header-display":"","ast-hfb-mobile-header-display":"","site-post-title":"","ast-breadcrumbs-content":"","ast-featured-img":"","footer-sml-layout":"","ast-disable-related-posts":"","theme-transparent-header-meta":"","adv-header-id-meta":"","stick-header-meta":"","header-above-stick-meta":"","header-main-stick-meta":"","header-below-stick-meta":"","astra-migrate-meta-layouts":"default","ast-page-background-enabled":"default","ast-page-background-meta":{"desktop":{"background-color":"var(--ast-global-color-5)","background-image":"","background-repeat":"repeat","background-position":"center center","background-size":"auto","background-attachment":"scroll","background-type":"","background-media":"","overlay-type":"","overlay-color":"","overlay-opacity":"","overlay-gradient":""},"tablet":{"background-color":"","background-image":"","background-repeat":"repeat","background-position":"center center","background-size":"auto","background-attachment":"scroll","background-type":"","background-media":"","overlay-type":"","overlay-color":"","overlay-opacity":"","overlay-gradient":""},"mobile":{"background-color":"","background-image":"","background-repeat":"repeat","background-position":"center center","background-size":"auto","background-attachment":"scroll","background-type":"","background-media":"","overlay-type":"","overlay-color":"","overlay-opacity":"","overlay-gradient":""}},"ast-content-background-meta":{"desktop":{"background-color":"var(--ast-global-color-4)","background-image":"","background-repeat":"repeat","background-position":"center center","background-size":"auto","background-attachment":"scroll","background-type":"","background-media":"","overlay-type":"","overlay-color":"","overlay-opacity":"","overlay-gradient":""},"tablet":{"background-color":"var(--ast-global-color-4)","background-image":"","background-repeat":"repeat","background-position":"center center","background-size":"auto","background-attachment":"scroll","background-type":"","background-media":"","overlay-type":"","overlay-color":"","overlay-opacity":"","overlay-gradient":""},"mobile":{"background-color":"var(--ast-global-color-4)","background-image":"","background-repeat":"repeat","background-position":"center center","background-size":"auto","background-attachment":"scroll","background-type":"","background-media":"","overlay-type":"","overlay-color":"","overlay-opacity":"","overlay-gradient":""}},"jetpack_post_was_ever_published":false,"_jetpack_newsletter_access":"","_jetpack_dont_email_post_to_subs":false,"_jetpack_newsletter_tier_id":0,"_jetpack_memberships_contains_paywalled_content":false,"_jetpack_memberships_contains_paid_content":false,"footnotes":""},"categories":[8],"tags":[],"class_list":["post-798","post","type-post","status-publish","format-standard","hentry","category-stari-dobri"],"jetpack_featured_media_url":"","jetpack_shortlink":"https:\/\/wp.me\/p4mLP7-cS","jetpack-related-posts":[{"id":834,"url":"https:\/\/kotrla.com\/pmpro\/2005\/01\/stari-dobri-miguel-de-cervantes-saavedra-lxix\/","url_meta":{"origin":798,"position":0},"title":"STA\u0158\u00cd DOB\u0158\u00cd: Miguel de Cervantes Saavedra (LXIX.)","author":"Pavel Kotrla","date":"23.1.2005","format":false,"excerpt":"Dnes zabijeme dv\u011b mouchy jednou ranou. Autor slavn\u00e9ho rom\u00e1nu Miguel de Cervantes Saavedra (1547 - 1616) nebyl pouze prozaikem a dramatikem, ale tak\u00e9 b\u00e1sn\u00edkem. Prvn\u00ed d\u00edl Don Quijota vy\u0161el pr\u00e1v\u011b p\u0159ed \u010dty\u0159mi stolet\u00edmi, a tak je \u010das si tuto skute\u010dnost p\u0159ipomenout aspo\u0148 malou vzpom\u00ednkou na autora. M\u00e1ti, moje mil\u00e1 m\u00e1ti,\u2026","rel":"","context":"V \u201eSta\u0159\u00ed dob\u0159\u00ed\u201c","block_context":{"text":"Sta\u0159\u00ed dob\u0159\u00ed","link":"https:\/\/kotrla.com\/pmpro\/category\/stari-dobri\/"},"img":{"alt_text":"","src":"","width":0,"height":0},"classes":[]},{"id":382,"url":"https:\/\/kotrla.com\/pmpro\/2008\/01\/stari-dobri-vlado-vlaisavljevic-cxxi\/","url_meta":{"origin":798,"position":1},"title":"STA\u0158\u00cd DOB\u0158\u00cd: Vlado Vlaisavljevi\u0107 (CXXI.)","author":"Pavel Kotrla","date":"27.1.2008","format":false,"excerpt":"Nechal jsem si na recenzi z Tvaru poslat antologii Kor\u00e1b kor\u00e1lov\u00fd \u010dili Tis\u00edc let charv\u00e1tsk\u00e9 poezie v d\u00edle stovky b\u00e1sn\u00edk\u016f vydanou pro mne dosud utajen\u00fdm nakladatelstv\u00edm FORI PRAGUE. Jm\u00e9no po\u0159adatele Du\u0161ana Karpatsk\u00e9ho se mi zd\u00e1lo dostate\u010dnou z\u00e1rukou. A nem\u00fdli jsem se. Se \u0161palkem, kter\u00fd m\u00e1 cca 750 stran se ur\u010dit\u011b\u2026","rel":"","context":"V \u201eSta\u0159\u00ed dob\u0159\u00ed\u201c","block_context":{"text":"Sta\u0159\u00ed dob\u0159\u00ed","link":"https:\/\/kotrla.com\/pmpro\/category\/stari-dobri\/"},"img":{"alt_text":"","src":"","width":0,"height":0},"classes":[]},{"id":926,"url":"https:\/\/kotrla.com\/pmpro\/2004\/09\/stari-dobri-karel-hlavacek-liv\/","url_meta":{"origin":798,"position":2},"title":"STA\u0158\u00cd DOB\u0158\u00cd: Karel Hlav\u00e1\u010dek (LIV.)","author":"Pavel Kotrla","date":"5.9.2004","format":false,"excerpt":"(Praha: 1874 - 1898) Z\u00e1hada A\u010d pozd\u011b v noci na n\u00e1m\u011bst\u00ed, u\u0161l\u00ed, dorazili \u2013 t\u0159i poutn\u00edci \u2013, p\u0159ec navz\u00e1jem se ml\u010dky pozdravili. * A z n\u00e1m\u011bst\u00ed do \u00fazk\u00fdch ulic sp\u011b\u0161n\u011b vyb\u00edhali, a v\u00edc, ne\u017e dneska p\u0159ijde-li, si pt\u00e1t se netroufali. * A k r\u00e1nu ani t\u00e1zav\u011b na sebe nepohl\u00e9dli, kdy\u017e\u2026","rel":"","context":"V \u201eSta\u0159\u00ed dob\u0159\u00ed\u201c","block_context":{"text":"Sta\u0159\u00ed dob\u0159\u00ed","link":"https:\/\/kotrla.com\/pmpro\/category\/stari-dobri\/"},"img":{"alt_text":"","src":"","width":0,"height":0},"classes":[]},{"id":719,"url":"https:\/\/kotrla.com\/pmpro\/2005\/07\/stari-dobri-andrzej-piotrowski-xci\/","url_meta":{"origin":798,"position":3},"title":"STA\u0158\u00cd DOB\u0158\u00cd: Andrzej Piotrowski (XCI.)","author":"Pavel Kotrla","date":"17.7.2005","format":false,"excerpt":"Tak tady si nejsem jist. N\u00e1sleduj\u00edc\u00ed b\u00e1se\u0148 m\u00e1m z d\u00e1vn\u00e9ho Hostu do domu 3\/1970. O autorovi jsem nemohl nic bli\u017e\u0161\u00edho naj\u00edt, ale p\u0159edpokl\u00e1d\u00e1m, \u017ee jm\u00e9no Andrzej Piotrowski je toto\u017en\u00e9 se jm\u00e9nem Andrzej Czcibor-Piotrowski. Tento bohemista (* 1931) , kter\u00fd p\u0159ekl\u00e1d\u00e1 i ze sloven\u0161tiny a angli\u010dtiny, publikoval dev\u011bt svazk\u016f poezie a\u2026","rel":"","context":"V \u201eSta\u0159\u00ed dob\u0159\u00ed\u201c","block_context":{"text":"Sta\u0159\u00ed dob\u0159\u00ed","link":"https:\/\/kotrla.com\/pmpro\/category\/stari-dobri\/"},"img":{"alt_text":"","src":"","width":0,"height":0},"classes":[]},{"id":1110,"url":"https:\/\/kotrla.com\/pmpro\/2004\/01\/stari-dobri-ernst-jandl-xxi\/","url_meta":{"origin":798,"position":4},"title":"STA\u0158\u00cd DOB\u0158\u00cd: Ernst Jandl (XXI.)","author":"Pavel Kotrla","date":"11.1.2004","format":false,"excerpt":"Mo\u017en\u00e1 to nen\u00ed nejtypi\u010dt\u011bj\u0161\u00ed b\u00e1se\u0148 tohoto autora, ale je mi bl\u00edzk\u00e1. Snad t\u00edm, \u017ee p\u0159esn\u011b zachycuje jev, kter\u00e9ho jsme i my sv\u011bdky. S t\u00edm rozd\u00edlem, \u017ee u\u017e nep\u00ed\u0161eme (zpravidla) ani ty pohlednice. KORESPONDENCE tak\u017ee u\u017e p\u00ed\u0161u jen pohlednice kde se zatrhne ano \u010di ne dopisy u\u017e nep\u00ed\u0161u ztrat\u00edm-li t\u00edm p\u00e1dem\u2026","rel":"","context":"V \u201eSta\u0159\u00ed dob\u0159\u00ed\u201c","block_context":{"text":"Sta\u0159\u00ed dob\u0159\u00ed","link":"https:\/\/kotrla.com\/pmpro\/category\/stari-dobri\/"},"img":{"alt_text":"","src":"","width":0,"height":0},"classes":[]},{"id":738,"url":"https:\/\/kotrla.com\/pmpro\/2005\/06\/stari-dobri-paul-verlaine-lxxxvii\/","url_meta":{"origin":798,"position":5},"title":"STA\u0158\u00cd DOB\u0158\u00cd: Paul Verlaine (LXXXVII.)","author":"Pavel Kotrla","date":"19.6.2005","format":false,"excerpt":"Region\u00e1ln\u00ed \u010dasopisy jsou n\u011bkdy pln\u00e9 p\u0159ekvapen\u00ed. Tak jako Sv\u011btlik (Sv\u011bt libereck\u00fdch knihoven) ve sv\u00e9m leto\u0161n\u00edm b\u0159ezno-dubnov\u00e9m \u010d\u00edsle. Poodhal\u00edme mo\u017en\u00e1 nezn\u00e1mou tv\u00e1\u0159 st\u00e1rnouc\u00edho francouzsk\u00e9ho b\u00e1sn\u00edka (* 30. 3. 1844, \u2020 8. 1. 1896). Vasunguentatum (Navon\u011bn\u00e1 n\u00e1doba) Obdivuj tu puklinu s m\u011b\u0148av\u00fdm leskem A nar\u016f\u017eov\u011bl\u00fd t\u00f3n, v n\u011bm je\u0161t\u011b taje Stopa po\u2026","rel":"","context":"V \u201eSta\u0159\u00ed dob\u0159\u00ed\u201c","block_context":{"text":"Sta\u0159\u00ed dob\u0159\u00ed","link":"https:\/\/kotrla.com\/pmpro\/category\/stari-dobri\/"},"img":{"alt_text":"","src":"","width":0,"height":0},"classes":[]}],"jetpack_sharing_enabled":true,"_links":{"self":[{"href":"https:\/\/kotrla.com\/pmpro\/wp-json\/wp\/v2\/posts\/798","targetHints":{"allow":["GET"]}}],"collection":[{"href":"https:\/\/kotrla.com\/pmpro\/wp-json\/wp\/v2\/posts"}],"about":[{"href":"https:\/\/kotrla.com\/pmpro\/wp-json\/wp\/v2\/types\/post"}],"author":[{"embeddable":true,"href":"https:\/\/kotrla.com\/pmpro\/wp-json\/wp\/v2\/users\/1"}],"replies":[{"embeddable":true,"href":"https:\/\/kotrla.com\/pmpro\/wp-json\/wp\/v2\/comments?post=798"}],"version-history":[{"count":0,"href":"https:\/\/kotrla.com\/pmpro\/wp-json\/wp\/v2\/posts\/798\/revisions"}],"wp:attachment":[{"href":"https:\/\/kotrla.com\/pmpro\/wp-json\/wp\/v2\/media?parent=798"}],"wp:term":[{"taxonomy":"category","embeddable":true,"href":"https:\/\/kotrla.com\/pmpro\/wp-json\/wp\/v2\/categories?post=798"},{"taxonomy":"post_tag","embeddable":true,"href":"https:\/\/kotrla.com\/pmpro\/wp-json\/wp\/v2\/tags?post=798"}],"curies":[{"name":"wp","href":"https:\/\/api.w.org\/{rel}","templated":true}]}}