{"id":803,"date":"2005-03-06T11:00:01","date_gmt":"2005-03-06T10:00:01","guid":{"rendered":"http:\/\/kotrla.com\/wordpress\/?p=803"},"modified":"2019-11-20T22:29:09","modified_gmt":"2019-11-20T21:29:09","slug":"stari-dobri-alexandr-tvardovskij-lxxv","status":"publish","type":"post","link":"https:\/\/kotrla.com\/pmpro\/2005\/03\/stari-dobri-alexandr-tvardovskij-lxxv\/","title":{"rendered":"STA\u0158\u00cd DOB\u0158\u00cd: Alexandr Tvardovskij (LXXV.)"},"content":{"rendered":"<p>Ta kn\u00ed\u017eka &#8211; <i>Alexandr Tvardovskij: Lyrick\u00e9 sloky (Lidov\u00e9 nakladatelstv\u00ed, 1990)<\/i> -, ze kter\u00e9 je n\u00e1sleduj\u00edc\u00ed uk\u00e1zka, le\u017eela ve vset\u00ednsk\u00e9m antikvari\u00e1tu rok. Po v\u0161echny m\u00e9 pravideln\u00e9 n\u00e1v\u0161t\u011bvy. Hodn\u011b b\u00e1sn\u00ed je u\u017e jen dokumentem doby, ale n\u011bkter\u00e9 stoj\u00ed za pozastaven\u00ed. By\u0165 je tento b\u00e1sn\u00edk (1910 &#8211; 1971) vn\u00edm\u00e1n p\u0159edev\u0161\u00edm jako p\u0159edstavitel ofici\u00e1ln\u00ed sov\u011btsk\u00e9 literatury, nelze zapom\u00ednat na jeho st\u00e1lou kriti\u010dnost k re\u017eimu (v um\u00edrn\u011bn\u00fdch r\u00e1mc\u00edch mo\u017enost\u00ed), ani na to, \u017ee otiskl prvn\u00ed pr\u00f3zu Alexandra Sol\u017eenicyna.<\/p>\n<p><b>* * *<\/b><\/p>\n<p>Den skon\u010dil, ale pln\u00ed nepokoje<br \/>\nlid\u00e9 \u0161li sp\u00e1t a v sp\u00e1nku poznovu<br \/>\nd\u00fdchali v\u016fni roz\u0161lapan\u00e9 chvoje,<br \/>\ntu v\u016fni sv\u00e1tk\u016f, v\u016fni h\u0159bitov\u016f.<\/p>\n<p>B\u0159eznov\u00e1 p\u016flnoc vystupuje z \u0161era.<br \/>\nKdo to tam &#8211; za lini\u00ed obzoru &#8211; <br \/>\np\u0159eb\u00edr\u00e1 st\u00e1tn\u00ed slu\u017ebu v pozoru:<br \/>\noby\u010dejn\u00fd den, nebo cel\u00e1 \u00e9ra?<\/p>\n<p><small>1966<\/small><\/p>\n<p><i>p\u0159elo\u017eil Jaroslav Kab\u00ed\u010dek<\/i><\/p>\n","protected":false},"excerpt":{"rendered":"<p>Ta kn\u00ed\u017eka &#8211; Alexandr Tvardovskij: Lyrick\u00e9 sloky (Lidov\u00e9 nakladatelstv\u00ed, 1990) -, ze kter\u00e9 je n\u00e1sleduj\u00edc\u00ed uk\u00e1zka, le\u017eela ve vset\u00ednsk\u00e9m antikvari\u00e1tu rok. Po v\u0161echny m\u00e9 pravideln\u00e9 n\u00e1v\u0161t\u011bvy. Hodn\u011b b\u00e1sn\u00ed je u\u017e jen dokumentem doby, ale n\u011bkter\u00e9 stoj\u00ed za pozastaven\u00ed. By\u0165 je tento b\u00e1sn\u00edk (1910 &#8211; 1971) vn\u00edm\u00e1n p\u0159edev\u0161\u00edm jako p\u0159edstavitel ofici\u00e1ln\u00ed sov\u011btsk\u00e9 literatury, nelze zapom\u00ednat na [&hellip;]<\/p>\n","protected":false},"author":1,"featured_media":0,"comment_status":"open","ping_status":"open","sticky":false,"template":"","format":"standard","meta":{"site-sidebar-layout":"default","site-content-layout":"","ast-site-content-layout":"default","site-content-style":"default","site-sidebar-style":"default","ast-global-header-display":"","ast-banner-title-visibility":"","ast-main-header-display":"","ast-hfb-above-header-display":"","ast-hfb-below-header-display":"","ast-hfb-mobile-header-display":"","site-post-title":"","ast-breadcrumbs-content":"","ast-featured-img":"","footer-sml-layout":"","ast-disable-related-posts":"","theme-transparent-header-meta":"","adv-header-id-meta":"","stick-header-meta":"","header-above-stick-meta":"","header-main-stick-meta":"","header-below-stick-meta":"","astra-migrate-meta-layouts":"default","ast-page-background-enabled":"default","ast-page-background-meta":{"desktop":{"background-color":"var(--ast-global-color-5)","background-image":"","background-repeat":"repeat","background-position":"center center","background-size":"auto","background-attachment":"scroll","background-type":"","background-media":"","overlay-type":"","overlay-color":"","overlay-opacity":"","overlay-gradient":""},"tablet":{"background-color":"","background-image":"","background-repeat":"repeat","background-position":"center center","background-size":"auto","background-attachment":"scroll","background-type":"","background-media":"","overlay-type":"","overlay-color":"","overlay-opacity":"","overlay-gradient":""},"mobile":{"background-color":"","background-image":"","background-repeat":"repeat","background-position":"center center","background-size":"auto","background-attachment":"scroll","background-type":"","background-media":"","overlay-type":"","overlay-color":"","overlay-opacity":"","overlay-gradient":""}},"ast-content-background-meta":{"desktop":{"background-color":"var(--ast-global-color-4)","background-image":"","background-repeat":"repeat","background-position":"center center","background-size":"auto","background-attachment":"scroll","background-type":"","background-media":"","overlay-type":"","overlay-color":"","overlay-opacity":"","overlay-gradient":""},"tablet":{"background-color":"var(--ast-global-color-4)","background-image":"","background-repeat":"repeat","background-position":"center center","background-size":"auto","background-attachment":"scroll","background-type":"","background-media":"","overlay-type":"","overlay-color":"","overlay-opacity":"","overlay-gradient":""},"mobile":{"background-color":"var(--ast-global-color-4)","background-image":"","background-repeat":"repeat","background-position":"center center","background-size":"auto","background-attachment":"scroll","background-type":"","background-media":"","overlay-type":"","overlay-color":"","overlay-opacity":"","overlay-gradient":""}},"jetpack_post_was_ever_published":false,"_jetpack_newsletter_access":"","_jetpack_dont_email_post_to_subs":false,"_jetpack_newsletter_tier_id":0,"_jetpack_memberships_contains_paywalled_content":false,"_jetpack_memberships_contains_paid_content":false,"footnotes":""},"categories":[8],"tags":[],"class_list":["post-803","post","type-post","status-publish","format-standard","hentry","category-stari-dobri"],"jetpack_featured_media_url":"","jetpack_shortlink":"https:\/\/wp.me\/p4mLP7-cX","jetpack-related-posts":[{"id":1015,"url":"https:\/\/kotrla.com\/pmpro\/2004\/05\/stari-dobri-alexandr-blok-xxxvi\/","url_meta":{"origin":803,"position":0},"title":"STA\u0158\u00cd DOB\u0158\u00cd: Alexandr Blok (XXXVI.)","author":"Pavel Kotrla","date":"2.5.2004","format":false,"excerpt":"St\u00edn Alexandra Bloka bloudil mezi n\u00e1mi\u2026 Jak divn\u00e9, \u017ee tomuto prastar\u00e9mu \u010dlov\u011bku a v\u011b\u010dn\u00e9mu hleda\u010di, kdy\u017e zem\u0159el, bylo jen \u010dty\u0159icet jedna let Franti\u0161ek Halas (*1880 - \u20201921) ST\u00cdN My dva jsme chod\u00edvali kamsi tam \u2013 po m\u011bstech \u2013 v oknech bled\u00ed lid\u00e9 byli. J\u00e1 kr\u00e1\u010del vp\u0159edu, za mnou on, on\u2026","rel":"","context":"V \u201eSta\u0159\u00ed dob\u0159\u00ed\u201c","block_context":{"text":"Sta\u0159\u00ed dob\u0159\u00ed","link":"https:\/\/kotrla.com\/pmpro\/category\/stari-dobri\/"},"img":{"alt_text":"","src":"","width":0,"height":0},"classes":[]},{"id":786,"url":"https:\/\/kotrla.com\/pmpro\/2005\/03\/stari-dobri-george-herbert-lxxviii\/","url_meta":{"origin":803,"position":1},"title":"STA\u0158\u00cd DOB\u0158\u00cd: George Herbert (LXXVIII.)","author":"Pavel Kotrla","date":"27.3.2005","format":false,"excerpt":"Anglick\u00fd b\u00e1sn\u00edk (3. 4. 1593 - 1. 3. 1633) http:\/\/en.wikipedia.org\/wiki\/George_Herbert VELIKONOCE Vzh\u016fru, m\u00e9 srdce: Pan dnes z mrtv\u00fdch vstal; nu\u017e, chval Jej, chval! On vzal t\u011b za ruku: ty tak\u00e9 ji\u017e s n\u00edm stoupat sm\u00ed\u0161; a jako jeho smrt v prach vyprahla t\u011b, tak jeho \u017eivot d\u00e1 ti dozr\u00e1t v\u2026","rel":"","context":"V \u201eSta\u0159\u00ed dob\u0159\u00ed\u201c","block_context":{"text":"Sta\u0159\u00ed dob\u0159\u00ed","link":"https:\/\/kotrla.com\/pmpro\/category\/stari-dobri\/"},"img":{"alt_text":"","src":"","width":0,"height":0},"classes":[]},{"id":1044,"url":"https:\/\/kotrla.com\/pmpro\/2004\/03\/stari-dobri-jan-zahradnicek-xxxi\/","url_meta":{"origin":803,"position":2},"title":"STA\u0158\u00cd DOB\u0158\u00cd: Jan Zahradn\u00ed\u010dek (XXXI.)","author":"Pavel Kotrla","date":"28.3.2004","format":false,"excerpt":"Mezi dal\u0161\u00ed m\u00e9 \u00falovky z antikvari\u00e1tu pat\u0159\u00ed prvn\u00ed vyd\u00e1n\u00ed sb\u00edrky Jana Zahradn\u00ed\u010dka Pod bi\u010dem milostn\u00fdm (1944, Brno: Akord). A op\u011bt: za desetikorunu jsem to tam prost\u011b nemohl nechat le\u017eet. P\u0158\u00c1N\u00cd V zahr\u00e1dk\u00e1ch pr\u00e1zdno a jen slunce mate, jak loukou rezavou se proch\u00e1z\u00ed - b\u011b\u017e\u00edm a sb\u00edr\u00e1m ver\u0161e kostrbat\u00e9 nam\u00edsto kv\u011btin\u2026","rel":"","context":"V \u201eSta\u0159\u00ed dob\u0159\u00ed\u201c","block_context":{"text":"Sta\u0159\u00ed dob\u0159\u00ed","link":"https:\/\/kotrla.com\/pmpro\/category\/stari-dobri\/"},"img":{"alt_text":"","src":"","width":0,"height":0},"classes":[]},{"id":1117,"url":"https:\/\/kotrla.com\/pmpro\/2004\/01\/stari-dobri-jorge-luis-borges-xx\/","url_meta":{"origin":803,"position":3},"title":"STA\u0158\u00cd DOB\u0158\u00cd: Jorge Luis Borges (XX.)","author":"Pavel Kotrla","date":"4.1.2004","format":false,"excerpt":"Tak u tohoto autora mne mrz\u00ed, \u017ee nevlastn\u00edm \u017e\u00e1dnou knihu jeho poezie. Nikde jsem na ni nenarazil a ani nev\u00edm, zda v\u016fbec \u010desky vy\u0161la. V\u00edm ale, \u017ee jeho b\u00e1sn\u011b a eseje vych\u00e1zely ve Sv\u011btov\u00e9 literatu\u0159e. CHV\u00c1ST\u00c1N\u00cd TICHA Sv\u011bteln\u00e9 p\u00edsmo \u00fato\u010d\u00ed na st\u00edn, z\u00e1zra\u010dn\u011bj\u0161\u00ed ne\u017eli meteory. Vysok\u00e9, nerozeznateln\u00e9 m\u011bsto se zv\u011bt\u0161uje\u2026","rel":"","context":"V \u201eSta\u0159\u00ed dob\u0159\u00ed\u201c","block_context":{"text":"Sta\u0159\u00ed dob\u0159\u00ed","link":"https:\/\/kotrla.com\/pmpro\/category\/stari-dobri\/"},"img":{"alt_text":"","src":"","width":0,"height":0},"classes":[]},{"id":180,"url":"https:\/\/kotrla.com\/pmpro\/2010\/10\/stari-dobri-slavko-mihalic-cxxv\/","url_meta":{"origin":803,"position":4},"title":"STA\u0158\u00cd DOB\u0158\u00cd: Slavko Mihali\u0107 (CXXV.)","author":"Pavel Kotrla","date":"21.10.2010","format":false,"excerpt":"Na b\u00e1sn\u011b chorvatsk\u00e9ho b\u00e1sn\u00edka Slavko Mihali\u0107e (1928-2007) jsem narazil v\u010dera p\u0159i listov\u00e1n\u00ed ve Sv\u011btov\u00e9 literatu\u0159e z roku 1966. Dnes za slunce a za hrozby prvn\u00edch vlo\u010dek, kter\u00e9 poletovaly vzduchem, jsem se k nim vr\u00e1til. P\u0159ekladatel Du\u0161an Karpatsk\u00fd m\u011bl p\u0159i v\u00fdb\u011bru zase \u0161\u0165astnou ruku. Posledn\u00ed m\u011bsto Toto je posledn\u00ed m\u011bsto na\u2026","rel":"","context":"V \u201e\u010cten\u00e1\u0159sk\u00fd den\u00edk\u201c","block_context":{"text":"\u010cten\u00e1\u0159sk\u00fd den\u00edk","link":"https:\/\/kotrla.com\/pmpro\/category\/ctenarsky-denik\/"},"img":{"alt_text":"","src":"","width":0,"height":0},"classes":[]},{"id":946,"url":"https:\/\/kotrla.com\/pmpro\/2004\/08\/stari-dobri-jaroslav-seifert-li\/","url_meta":{"origin":803,"position":5},"title":"STA\u0158\u00cd DOB\u0158\u00cd: Jaroslav Seifert (LI.)","author":"Pavel Kotrla","date":"15.8.2004","format":false,"excerpt":"ROBINSON CRUSOE Vzpom\u00ednka hezk\u00e1 hlavou se mi m\u00edh\u00e1: jak kr\u00e1sn\u00e1 by byla jedna d\u011btsk\u00e1 kniha, kterou jsem dostal s m\u00edsou cukrl\u00e1tek; Robinson byl to a s n\u00edm \u010dern\u00fd P\u00e1tek. Nikdy bych za ni necht\u011bl knihu jinou, spal jsem s n\u00ed v\u011brn\u011b v\u017edycky pod pe\u0159inou. \u017dil jsem s n\u00ed l\u00e9ta na\u2026","rel":"","context":"V \u201eSta\u0159\u00ed dob\u0159\u00ed\u201c","block_context":{"text":"Sta\u0159\u00ed dob\u0159\u00ed","link":"https:\/\/kotrla.com\/pmpro\/category\/stari-dobri\/"},"img":{"alt_text":"","src":"","width":0,"height":0},"classes":[]}],"jetpack_sharing_enabled":true,"_links":{"self":[{"href":"https:\/\/kotrla.com\/pmpro\/wp-json\/wp\/v2\/posts\/803","targetHints":{"allow":["GET"]}}],"collection":[{"href":"https:\/\/kotrla.com\/pmpro\/wp-json\/wp\/v2\/posts"}],"about":[{"href":"https:\/\/kotrla.com\/pmpro\/wp-json\/wp\/v2\/types\/post"}],"author":[{"embeddable":true,"href":"https:\/\/kotrla.com\/pmpro\/wp-json\/wp\/v2\/users\/1"}],"replies":[{"embeddable":true,"href":"https:\/\/kotrla.com\/pmpro\/wp-json\/wp\/v2\/comments?post=803"}],"version-history":[{"count":0,"href":"https:\/\/kotrla.com\/pmpro\/wp-json\/wp\/v2\/posts\/803\/revisions"}],"wp:attachment":[{"href":"https:\/\/kotrla.com\/pmpro\/wp-json\/wp\/v2\/media?parent=803"}],"wp:term":[{"taxonomy":"category","embeddable":true,"href":"https:\/\/kotrla.com\/pmpro\/wp-json\/wp\/v2\/categories?post=803"},{"taxonomy":"post_tag","embeddable":true,"href":"https:\/\/kotrla.com\/pmpro\/wp-json\/wp\/v2\/tags?post=803"}],"curies":[{"name":"wp","href":"https:\/\/api.w.org\/{rel}","templated":true}]}}