{"id":818,"date":"2005-02-13T17:43:00","date_gmt":"2005-02-13T16:43:00","guid":{"rendered":"http:\/\/kotrla.com\/wordpress\/?p=818"},"modified":"2019-11-20T22:29:10","modified_gmt":"2019-11-20T21:29:10","slug":"stari-dobri-zygmunt-krasinski-lxxii","status":"publish","type":"post","link":"https:\/\/kotrla.com\/pmpro\/2005\/02\/stari-dobri-zygmunt-krasinski-lxxii\/","title":{"rendered":"STA\u0158\u00cd DOB\u0158\u00cd: Zygmunt Krasi\u0144ski (LXXII.)"},"content":{"rendered":"<p>Knihy ze <i>Salonn\u00ed bibliot\u00e9hy<\/i> J. Otty pat\u0159\u00ed k t\u011bm v\u011bkov\u011b nejstar\u0161\u00edm v m\u00e9 knihovn\u011b. Kniha Zygmunta Krasi\u0144sk\u00e9ho (* 19. 2. 1812, &#8224; 23. 2. 1859), ze kter\u00e9 je dne\u0161n\u00ed uk\u00e1zka, je z roku 1880. Rud\u00e1 pl\u00e1t\u011bn\u00e1 ob\u00e1lka na h\u0159bet\u011b dosud nevybledla, pap\u00edr se nel\u00e1me. Um\u011bli sta\u0159\u00ed p\u00e1nov\u00e9 d\u011blat knihy! I po letech je radost je br\u00e1t do ruky, bez obav, \u017ee se rozpadnou a \u017eloutnouc\u00ed pap\u00edr, \u017ee se zlom\u00ed p\u0159i pouh\u00e9m doteku. A tak p\u0159ijm\u011bte malou uk\u00e1zkou z d\u00edla tohoto romantick\u00e9ho b\u00e1sn\u00edka a prozaika. <\/p>\n<p><b>Kde klid?<\/b><\/p>\n<p>Tak se bou\u0159e s bou\u0159\u00ed snoub\u00ed<br \/>\nst\u00e1l\u00e9 t\u016fn\u00ed blesk\u016f v sp\u011bchu,<br \/>\nbez p\u0159\u00edstavu, bez oddechu &#8211;<br \/>\na\u017e se s\u0159\u00edt\u00edm v \u010dernou hloubi!<\/p>\n<p>Kolikr\u00e1t jsem v ryku, v\u00edru<br \/>\nk v\u00fd\u0161i smutn\u00e9 zvedl zraky,<br \/>\nabych hledal hv\u011bzdy m\u00edru &#8211;<br \/>\nco jsem spat\u0159il? pouze mraky!<\/p>\n<p>&#8222;Hle, ji\u017e ticho, v\u00edtr d\u0159\u00edm\u00e1 &#8211; &#8221;<br \/>\nsotva cht\u011bl jsem \u0159\u00edci sob\u011b,<br \/>\nihned z bou\u0159e hlas mi h\u0159\u00edm\u00e1:<br \/>\n&#8222;Klidu nen\u00ed ne\u017eli v hrob\u011b!&#8220;<\/p>\n<p>A tak st\u00e1le, vezdy, v\u0161ude<br \/>\nod kol\u00e9bky bou\u0159e let\u00ed<br \/>\ndo rakve a\u017e nepam\u011bti,<br \/>\ntroskou v srdci zm\u00edtat bude!<\/p>\n<p>A\u017e se v\u0161ecko s\u0159\u00edt\u00ed v jeku,<br \/>\nzhyne, a jen vztekupln\u00e1<br \/>\nna sk\u00e1le sp\u00e1t bude vlna<br \/>\n&nbsp;&nbsp;jako obraz v\u011bk\u016f<\/p>\n<p><small>\u0158\u00edm, v listopadu 1840<\/small><\/p>\n<p><i>p\u0159elo\u017eil Franti\u0161ek Kvapil<\/i><\/p>\n","protected":false},"excerpt":{"rendered":"<p>Knihy ze Salonn\u00ed bibliot\u00e9hy J. Otty pat\u0159\u00ed k t\u011bm v\u011bkov\u011b nejstar\u0161\u00edm v m\u00e9 knihovn\u011b. Kniha Zygmunta Krasi\u0144sk\u00e9ho (* 19. 2. 1812, &#8224; 23. 2. 1859), ze kter\u00e9 je dne\u0161n\u00ed uk\u00e1zka, je z roku 1880. Rud\u00e1 pl\u00e1t\u011bn\u00e1 ob\u00e1lka na h\u0159bet\u011b dosud nevybledla, pap\u00edr se nel\u00e1me. Um\u011bli sta\u0159\u00ed p\u00e1nov\u00e9 d\u011blat knihy! I po letech je radost je [&hellip;]<\/p>\n","protected":false},"author":1,"featured_media":0,"comment_status":"open","ping_status":"open","sticky":false,"template":"","format":"standard","meta":{"site-sidebar-layout":"default","site-content-layout":"","ast-site-content-layout":"default","site-content-style":"default","site-sidebar-style":"default","ast-global-header-display":"","ast-banner-title-visibility":"","ast-main-header-display":"","ast-hfb-above-header-display":"","ast-hfb-below-header-display":"","ast-hfb-mobile-header-display":"","site-post-title":"","ast-breadcrumbs-content":"","ast-featured-img":"","footer-sml-layout":"","ast-disable-related-posts":"","theme-transparent-header-meta":"","adv-header-id-meta":"","stick-header-meta":"","header-above-stick-meta":"","header-main-stick-meta":"","header-below-stick-meta":"","astra-migrate-meta-layouts":"default","ast-page-background-enabled":"default","ast-page-background-meta":{"desktop":{"background-color":"var(--ast-global-color-5)","background-image":"","background-repeat":"repeat","background-position":"center center","background-size":"auto","background-attachment":"scroll","background-type":"","background-media":"","overlay-type":"","overlay-color":"","overlay-opacity":"","overlay-gradient":""},"tablet":{"background-color":"","background-image":"","background-repeat":"repeat","background-position":"center center","background-size":"auto","background-attachment":"scroll","background-type":"","background-media":"","overlay-type":"","overlay-color":"","overlay-opacity":"","overlay-gradient":""},"mobile":{"background-color":"","background-image":"","background-repeat":"repeat","background-position":"center center","background-size":"auto","background-attachment":"scroll","background-type":"","background-media":"","overlay-type":"","overlay-color":"","overlay-opacity":"","overlay-gradient":""}},"ast-content-background-meta":{"desktop":{"background-color":"var(--ast-global-color-4)","background-image":"","background-repeat":"repeat","background-position":"center center","background-size":"auto","background-attachment":"scroll","background-type":"","background-media":"","overlay-type":"","overlay-color":"","overlay-opacity":"","overlay-gradient":""},"tablet":{"background-color":"var(--ast-global-color-4)","background-image":"","background-repeat":"repeat","background-position":"center center","background-size":"auto","background-attachment":"scroll","background-type":"","background-media":"","overlay-type":"","overlay-color":"","overlay-opacity":"","overlay-gradient":""},"mobile":{"background-color":"var(--ast-global-color-4)","background-image":"","background-repeat":"repeat","background-position":"center center","background-size":"auto","background-attachment":"scroll","background-type":"","background-media":"","overlay-type":"","overlay-color":"","overlay-opacity":"","overlay-gradient":""}},"jetpack_post_was_ever_published":false,"_jetpack_newsletter_access":"","_jetpack_dont_email_post_to_subs":false,"_jetpack_newsletter_tier_id":0,"_jetpack_memberships_contains_paywalled_content":false,"_jetpack_memberships_contains_paid_content":false,"footnotes":""},"categories":[8],"tags":[],"class_list":["post-818","post","type-post","status-publish","format-standard","hentry","category-stari-dobri"],"jetpack_featured_media_url":"","jetpack_shortlink":"https:\/\/wp.me\/p4mLP7-dc","jetpack-related-posts":[{"id":948,"url":"https:\/\/kotrla.com\/pmpro\/2004\/08\/stari-dobri-josif-brodskij-l\/","url_meta":{"origin":818,"position":0},"title":"STA\u0158\u00cd DOB\u0158\u00cd: Josif Brodskij (L.)","author":"Pavel Kotrla","date":"8.8.2004","format":false,"excerpt":"Jeden z m\u00fdch obl\u00edben\u00fdch autor\u016f (24. 5. 1940 - 28. 1. 1996). N\u011bkter\u00fdmi jeho b\u00e1sn\u011bmi jsem fascinov\u00e1n. M\u00e1m je r\u00e1d hlavn\u011b v origin\u00e1le, ale doposud jsem nenalezl odvahu je p\u0159elo\u017eit. Proto nab\u00edz\u00edm ver\u0161e z knihy \u0158\u00edmsk\u00e9 elegie, kter\u00e9 letos v zrcadlov\u00e9m dvojjazy\u010dn\u00e9m vyd\u00e1n\u00ed vydalo mal\u00e9 nakladatelstv\u00ed Opus - Kristina M\u011bd\u00edlkov\u00e1.\u2026","rel":"","context":"V \u201eSta\u0159\u00ed dob\u0159\u00ed\u201c","block_context":{"text":"Sta\u0159\u00ed dob\u0159\u00ed","link":"https:\/\/kotrla.com\/pmpro\/category\/stari-dobri\/"},"img":{"alt_text":"","src":"","width":0,"height":0},"classes":[]},{"id":1148,"url":"https:\/\/kotrla.com\/pmpro\/2003\/11\/stari-dobri-karel-hynek-macha-xv\/","url_meta":{"origin":818,"position":1},"title":"STA\u0158\u00cd DOB\u0158\u00cd: Karel Hynek M\u00e1cha (XV.)","author":"Pavel Kotrla","date":"30.11.2003","format":false,"excerpt":"Jedna z m\u00e1la postav \u010desk\u00e9ho p\u00edsemnictv\u00ed, kter\u00e1 svou tvorbou dok\u00e1zala zaujmout i na druh\u00e9 stran\u011b \u010desk\u00fdch hrani\u010dn\u00edch hor a kter\u00e1 je zmi\u0148ov\u00e1na i v n\u011bkolika sv\u011btov\u00fdch encyklopedi\u00edch a liter\u00e1rn\u00edch p\u0159\u00edru\u010dk\u00e1ch. Jeden z ko\u0159en\u016f \u010desk\u00e9ho modern\u00edho b\u00e1snictv\u00ed. Je \u0161koda, \u017ee pov\u011bt\u0161inou v hlav\u00e1ch d\u00edtek \u0161kolou povinn\u00fdch uv\u00edzne jenom n\u011bkolik vstupn\u00edch ver\u0161\u016f\u2026","rel":"","context":"V \u201eSta\u0159\u00ed dob\u0159\u00ed\u201c","block_context":{"text":"Sta\u0159\u00ed dob\u0159\u00ed","link":"https:\/\/kotrla.com\/pmpro\/category\/stari-dobri\/"},"img":{"alt_text":"","src":"","width":0,"height":0},"classes":[]},{"id":1267,"url":"https:\/\/kotrla.com\/pmpro\/2003\/08\/stari-dobri-josef-svatopluk-machar-i\/","url_meta":{"origin":818,"position":2},"title":"STA\u0158\u00cd DOB\u0158\u00cd: Josef Svatopluk Machar (I.)","author":"Pavel Kotrla","date":"10.8.2003","format":false,"excerpt":"Michal Jare\u0161 se ve sv\u00e9m blogu sna\u017e\u00ed nab\u00edzet zaj\u00edmav\u00e9 b\u00e1snick\u00e9 texty. \u0158ekl bych, \u017ee se mu to da\u0159\u00ed. I j\u00e1 \u010das od \u010dasu naraz\u00edm na n\u011bjak\u00fd text, kter\u00fd mne zaujal. Tak pro\u010d se nepod\u011blit? Michal ned\u00e1vno zve\u0159ejnil text Viktora Dyka. Netu\u0161\u00edm, nakolik je tento klasik \u010dten, ale mysl\u00edm, \u017ee asi\u2026","rel":"","context":"V \u201eSta\u0159\u00ed dob\u0159\u00ed\u201c","block_context":{"text":"Sta\u0159\u00ed dob\u0159\u00ed","link":"https:\/\/kotrla.com\/pmpro\/category\/stari-dobri\/"},"img":{"alt_text":"","src":"","width":0,"height":0},"classes":[]},{"id":669,"url":"https:\/\/kotrla.com\/pmpro\/2005\/10\/stari-dobri-dante-alighieri-ciii\/","url_meta":{"origin":818,"position":3},"title":"STA\u0158\u00cd DOB\u0158\u00cd: Dante Alighieri (CIII.)","author":"Pavel Kotrla","date":"16.10.2005","format":false,"excerpt":"Italsk\u00fd b\u00e1sn\u00edk, jeden z nejv\u00fdznamn\u011bj\u0161\u00edch p\u0159edstavitel\u016f sv\u011btov\u00e9 literatury (* mezi 15. 5. a 15. 6. 1265, \u2020 14. 9. 1321).\u00a0 Divine Comedy Princeton Dante Project BO\u017dSK\u00c1 KOMEDIE (1307\u20131321) 1.1 Kde v p\u016fli \u017eivot n\u00e1\u0161 je se svou pout\u00ed, proch\u00e1zet bylo mi tak temn\u00fdm lesem, \u017ee prav\u00fd sm\u011br jsem nemoh uhodnouti.\u2026","rel":"","context":"V \u201eSta\u0159\u00ed dob\u0159\u00ed\u201c","block_context":{"text":"Sta\u0159\u00ed dob\u0159\u00ed","link":"https:\/\/kotrla.com\/pmpro\/category\/stari-dobri\/"},"img":{"alt_text":"","src":"","width":0,"height":0},"classes":[]},{"id":1199,"url":"https:\/\/kotrla.com\/pmpro\/2003\/10\/stari-dobri-josef-hanzlik-viii\/","url_meta":{"origin":818,"position":4},"title":"STA\u0158\u00cd DOB\u0158\u00cd:&nbsp; Josef Hanzl\u00edk (VIII.)","author":"Pavel Kotrla","date":"12.10.2003","format":false,"excerpt":"\u0160edes\u00e1t\u00e1 l\u00e9ta minul\u00e9ho stolet\u00ed p\u0159inesla \u010desk\u00e9 literatu\u0159e n\u011bkolik p\u0159ekvapen\u00ed. Sv\u00e9ho \u010dasu se mezi n\u011b po\u010d\u00edtala i sb\u00edrka Lampa Josefa Hanzl\u00edka. Smutn\u00e1 b\u00e1se\u0148 pro Lenku Jsem smutn\u00fd, Lenko, a opravdu nev\u00edm, co bych ti dal, lid\u00e9 mi \u0159\u00edkaj\u00ed pane, vy jste smutn\u00fd p\u00e1n - a usm\u00edv\u00e1m se taky docela smutn\u011b. Tak\u2026","rel":"","context":"V \u201eSta\u0159\u00ed dob\u0159\u00ed\u201c","block_context":{"text":"Sta\u0159\u00ed dob\u0159\u00ed","link":"https:\/\/kotrla.com\/pmpro\/category\/stari-dobri\/"},"img":{"alt_text":"","src":"","width":0,"height":0},"classes":[]},{"id":1010,"url":"https:\/\/kotrla.com\/pmpro\/2004\/05\/stari-dobri-rafael-alberti-xxxvii\/","url_meta":{"origin":818,"position":5},"title":"STA\u0158\u00cd DOB\u0158\u00cd: Rafael Alberti (XXXVII.)","author":"Pavel Kotrla","date":"9.5.2004","format":false,"excerpt":"\u0160pan\u011blsk\u00fd autor (1902-1999), kter\u00fd velkou \u010d\u00e1st sv\u00e9ho \u017eivota pro\u017eil v exilu. Pob\u00fdval i v \u010ceskoslovensku. Balada o \u010dlov\u011bku, kter\u00fd si myslel, \u017ee sp\u00ed v posteli s\u00e1m Od \u0159eky foukal v\u00edtr. V dom\u011b jak po vym\u0159en\u00ed. Od \u0159eky foukal v\u00edtr do vetch\u00e9 st\u0159echy. Vstoupil jsem pr\u00e1zdn\u00fdm vchodem bez dve\u0159\u00ed ve ve\u0159ej\u00edch.\u2026","rel":"","context":"V \u201eSta\u0159\u00ed dob\u0159\u00ed\u201c","block_context":{"text":"Sta\u0159\u00ed dob\u0159\u00ed","link":"https:\/\/kotrla.com\/pmpro\/category\/stari-dobri\/"},"img":{"alt_text":"","src":"","width":0,"height":0},"classes":[]}],"jetpack_sharing_enabled":true,"_links":{"self":[{"href":"https:\/\/kotrla.com\/pmpro\/wp-json\/wp\/v2\/posts\/818","targetHints":{"allow":["GET"]}}],"collection":[{"href":"https:\/\/kotrla.com\/pmpro\/wp-json\/wp\/v2\/posts"}],"about":[{"href":"https:\/\/kotrla.com\/pmpro\/wp-json\/wp\/v2\/types\/post"}],"author":[{"embeddable":true,"href":"https:\/\/kotrla.com\/pmpro\/wp-json\/wp\/v2\/users\/1"}],"replies":[{"embeddable":true,"href":"https:\/\/kotrla.com\/pmpro\/wp-json\/wp\/v2\/comments?post=818"}],"version-history":[{"count":0,"href":"https:\/\/kotrla.com\/pmpro\/wp-json\/wp\/v2\/posts\/818\/revisions"}],"wp:attachment":[{"href":"https:\/\/kotrla.com\/pmpro\/wp-json\/wp\/v2\/media?parent=818"}],"wp:term":[{"taxonomy":"category","embeddable":true,"href":"https:\/\/kotrla.com\/pmpro\/wp-json\/wp\/v2\/categories?post=818"},{"taxonomy":"post_tag","embeddable":true,"href":"https:\/\/kotrla.com\/pmpro\/wp-json\/wp\/v2\/tags?post=818"}],"curies":[{"name":"wp","href":"https:\/\/api.w.org\/{rel}","templated":true}]}}