{"id":82,"date":"2012-09-20T22:01:11","date_gmt":"2012-09-20T21:01:11","guid":{"rendered":"http:\/\/kotrla.com\/wordpress\/?p=82"},"modified":"2019-11-20T22:44:28","modified_gmt":"2019-11-20T21:44:28","slug":"nove-cislo-aluze-12012","status":"publish","type":"post","link":"https:\/\/kotrla.com\/pmpro\/2012\/09\/nove-cislo-aluze-12012\/","title":{"rendered":"Nov\u00e9 \u010d\u00edslo Aluze 1\/2012"},"content":{"rendered":"<p><img loading=\"lazy\" decoding=\"async\" src=\"https:\/\/kotrla.com\/pmpro\/images\/uploads\/aluze_2012_1.png\" border=\"0\" alt=\"Aluze 1\/2012\" width=\"141\" height=\"200\" align=\"right\" \/>Prvn\u00ed leto\u0161n\u00ed \u010d\u00edslo najdete zde: <a href=\"http:\/\/aluze.cz\/index.php\">http:\/\/aluze.cz\/index.php<\/a><\/p>\n<p>Poezie<br \/>\nDu\u0161an \u0160utar\u00edk: Ver\u0161e<br \/>\nDaniel Hradeck\u00fd: V\u00fdpisky z memoranda<\/p>\n<p>Pr\u00f3za<br \/>\nAbdulrazak Gurnah: Klece<br \/>\nTa\u0148a Maljar\u010duk: Pov\u00eddky<\/p>\n<p>Rozhovor<br \/>\nHarry Kreisler: Pen\u00edze a moc (Rozhovor s historikem Niallem Fergusonem)<\/p>\n<p>Studie<br \/>\nMilan Exner: Druh\u00e1 \u00favaha o estetick\u00e9m objektu (Antick\u00fd sv\u011bt a jeho aktualita)<br \/>\n\u010cestm\u00edr Pelik\u00e1n: Georges Poulet (1902&#8211;1991) a jeho Metamorf\u00f3zy kruhu (koment\u00e1\u0159)<br \/>\nGeorges Poulet: Romantismus<br \/>\nTereza Javornick\u00e1: Jurij M. Lotman (1922&#8211;1993) a jeho badatelsk\u00e1 pr\u00e1ce (koment\u00e1\u0159)<br \/>\nJ. M. Lotman: S\u00e9miosf\u00e9ra a problematika sy\u017eetu<br \/>\nDavid Carr: Narativ a skute\u010dnost: kontinualistick\u00e1 perspektiva<\/p>\n<p>Recenze<br \/>\nSebastian Petrpan: Hostie dne (rec. Tom\u00e1\u0161 Kav\u00e1lek)<br \/>\nTom\u00e1\u0161 Lotocki: \u010ce\u0159eny (rec. Petr Odehnal)<br \/>\nElsa Aids: Trojjedin\u00fd prst (rec. Pavel O\u010den\u00e1\u0161ek)<br \/>\nMarie Langerov\u00e1: Hn\u00edzda sn\u011bn\u00ed. Kniha pas\u00e1\u017e\u00ed. (rec. Ludmila Barto\u0161ov\u00e1)<br \/>\nBarbara Kingsolverov\u00e1: Lakuna (rec. Jakub Gromb\u00ed\u0159)<br \/>\nIrena \u0160t\u011bp\u00e1nov\u00e1: Newton &#8211; posledn\u00ed m\u00e1g starov\u011bku (rec. Jan Makovsk\u00fd)<\/p>\n<p>Glosy<br \/>\nAdin Ljuca: Odpov\u011b\u010f na \u010dl\u00e1nek &#8222;Pok\u0159iven\u00e9 zrcadlo Adina Ljuci&#8220;<br \/>\nMilan Or\u00e1lek: Uk\u00e1\u017eu ti cestu r\u00e1jem aneb N\u011bkolik pozn\u00e1mek o \u010desk\u00fdch verz\u00edch anglick\u00fdch p\u00edsn\u00ed)<\/p>\n<p>Archiv\u00e1lie<br \/>\nMilan Or\u00e1lek: Hope\u016fv V\u011bze\u0148 na Zend\u011b (koment\u00e1\u0159)<br \/>\nAnthony Hope: V\u011bze\u0148 na Zend\u011b<\/p>\n","protected":false},"excerpt":{"rendered":"<p>Prvn\u00ed leto\u0161n\u00ed \u010d\u00edslo najdete zde: http:\/\/aluze.cz\/index.php Poezie Du\u0161an \u0160utar\u00edk: Ver\u0161e Daniel Hradeck\u00fd: V\u00fdpisky z memoranda Pr\u00f3za Abdulrazak Gurnah: Klece Ta\u0148a Maljar\u010duk: Pov\u00eddky Rozhovor Harry Kreisler: Pen\u00edze a moc (Rozhovor s historikem Niallem Fergusonem) Studie Milan Exner: Druh\u00e1 \u00favaha o estetick\u00e9m objektu (Antick\u00fd sv\u011bt a jeho aktualita) \u010cestm\u00edr Pelik\u00e1n: Georges Poulet (1902&#8211;1991) a jeho Metamorf\u00f3zy kruhu [&hellip;]<\/p>\n","protected":false},"author":1,"featured_media":0,"comment_status":"open","ping_status":"open","sticky":false,"template":"","format":"standard","meta":{"site-sidebar-layout":"default","site-content-layout":"","ast-site-content-layout":"default","site-content-style":"default","site-sidebar-style":"default","ast-global-header-display":"","ast-banner-title-visibility":"","ast-main-header-display":"","ast-hfb-above-header-display":"","ast-hfb-below-header-display":"","ast-hfb-mobile-header-display":"","site-post-title":"","ast-breadcrumbs-content":"","ast-featured-img":"","footer-sml-layout":"","ast-disable-related-posts":"","theme-transparent-header-meta":"","adv-header-id-meta":"","stick-header-meta":"","header-above-stick-meta":"","header-main-stick-meta":"","header-below-stick-meta":"","astra-migrate-meta-layouts":"default","ast-page-background-enabled":"default","ast-page-background-meta":{"desktop":{"background-color":"var(--ast-global-color-5)","background-image":"","background-repeat":"repeat","background-position":"center center","background-size":"auto","background-attachment":"scroll","background-type":"","background-media":"","overlay-type":"","overlay-color":"","overlay-opacity":"","overlay-gradient":""},"tablet":{"background-color":"","background-image":"","background-repeat":"repeat","background-position":"center center","background-size":"auto","background-attachment":"scroll","background-type":"","background-media":"","overlay-type":"","overlay-color":"","overlay-opacity":"","overlay-gradient":""},"mobile":{"background-color":"","background-image":"","background-repeat":"repeat","background-position":"center center","background-size":"auto","background-attachment":"scroll","background-type":"","background-media":"","overlay-type":"","overlay-color":"","overlay-opacity":"","overlay-gradient":""}},"ast-content-background-meta":{"desktop":{"background-color":"var(--ast-global-color-4)","background-image":"","background-repeat":"repeat","background-position":"center center","background-size":"auto","background-attachment":"scroll","background-type":"","background-media":"","overlay-type":"","overlay-color":"","overlay-opacity":"","overlay-gradient":""},"tablet":{"background-color":"var(--ast-global-color-4)","background-image":"","background-repeat":"repeat","background-position":"center center","background-size":"auto","background-attachment":"scroll","background-type":"","background-media":"","overlay-type":"","overlay-color":"","overlay-opacity":"","overlay-gradient":""},"mobile":{"background-color":"var(--ast-global-color-4)","background-image":"","background-repeat":"repeat","background-position":"center center","background-size":"auto","background-attachment":"scroll","background-type":"","background-media":"","overlay-type":"","overlay-color":"","overlay-opacity":"","overlay-gradient":""}},"jetpack_post_was_ever_published":false,"_jetpack_newsletter_access":"","_jetpack_dont_email_post_to_subs":false,"_jetpack_newsletter_tier_id":0,"_jetpack_memberships_contains_paywalled_content":false,"_jetpack_memberships_contains_paid_content":false,"footnotes":""},"categories":[2],"tags":[],"class_list":["post-82","post","type-post","status-publish","format-standard","hentry","category-literatura"],"jetpack_featured_media_url":"","jetpack_shortlink":"https:\/\/wp.me\/p4mLP7-1k","jetpack-related-posts":[{"id":1257,"url":"https:\/\/kotrla.com\/pmpro\/2003\/08\/jasejme-vysla-nova-aluze-12003\/","url_meta":{"origin":82,"position":0},"title":"J\u00e1sejme! Vy\u0161la nov\u00e1 Aluze &#8211; 1\/2003","author":"Pavel Kotrla","date":"20.8.2003","format":false,"excerpt":"Ano, je to tak. Po dlouh\u00fdch m\u011bs\u00edc\u00edch \u010dek\u00e1n\u00ed je zde nov\u00e9 \u010d\u00edslo olomouck\u00e9 revue. Obsah jako obvykle kvalitn\u00ed. \u0160koda, \u017ee se tro\u0161lu nepovedla ob\u00e1lka. Je takov\u00e1 nev\u00fdrazn\u00e1, mdl\u00e1. Ale to nic nem\u011bn\u00ed na textech uvnit\u0159. A je tu je\u0161t\u011b dal\u0161\u00ed po\u010din mil\u00fdch chlapc\u016f. Poda\u0159ilo se jim vydat i \u0161estou p\u0159\u00edlohu\u2026","rel":"","context":"V \u201eNeza\u0159azen\u00e9\u201c","block_context":{"text":"Neza\u0159azen\u00e9","link":"https:\/\/kotrla.com\/pmpro\/category\/nezarazene\/"},"img":{"alt_text":"Aluze 1\/2003","src":"https:\/\/i0.wp.com\/kotrla.com\/pmpro\/images\/uploads\/aluze2003_01.gif?resize=350%2C200&ssl=1","width":350,"height":200},"classes":[]},{"id":318,"url":"https:\/\/kotrla.com\/pmpro\/2008\/11\/prave-jsme-vydali-aluze-22008\/","url_meta":{"origin":82,"position":1},"title":"Pr\u00e1v\u011b jsme vydali: Aluze 2\/2008","author":"Pavel Kotrla","date":"7.11.2008","format":false,"excerpt":"Nov\u00e9 \u010d\u00edslo naleznete na adrese revue http:\/\/aluze.cz P\u0159ejeme p\u011bkn\u00e9 po\u010dten\u00ed. Obsah \u010d\u00edsla: Audiopov\u00eddka Petr Hrb\u00e1\u010d: Slune\u010dn\u00ed soustava Poezie Tatjana Groma\u010da: Jak si p\u0159edstavuje\u0161, \u017ee bude\u0161 d\u00e1l \u017e\u00edt Pr\u00f3za Chimamanda Ngozi Adichie: P\u016fl \u017elut\u00e9ho slunce Rozhovor Rozhovor Davida Brodwella s Jakobem Isakem Nielsenem: Bordwell o Bordwellovi Studie Miloslav Ca\u0148ko: Eti\u010dno \u2014\u2026","rel":"","context":"V \u201eLiteratura\u201c","block_context":{"text":"Literatura","link":"https:\/\/kotrla.com\/pmpro\/category\/literatura\/"},"img":{"alt_text":"Aluze 2\/2008","src":"https:\/\/i0.wp.com\/kotrla.com\/pmpro\/images\/uploads\/aluze_obalka2008_2.png?resize=350%2C200&ssl=1","width":350,"height":200},"classes":[]},{"id":707,"url":"https:\/\/kotrla.com\/pmpro\/2005\/08\/aluze-12005\/","url_meta":{"origin":82,"position":2},"title":"Aluze 1\/2005","author":"Pavel Kotrla","date":"6.8.2005","format":false,"excerpt":"Tak ne\u010dekan\u011b, oproti zvyklostem s p\u0159edstihem klube se na sv\u011bt prvn\u00ed leto\u0161n\u00ed \u010d\u00edslo olomouck\u00e9 revue ;) Tak aspo\u0148 obsah. P\u0159\u00edloha CD - autorsk\u00e9 \u010dten\u00ed V\u00edt Sl\u00edva Poezie Nikki Giovanniov\u00e1: Cukrov\u00e1 vata za de\u0161tiv\u00e9ho dne Pr\u00f3za Milo\u0161 Urban: Santiniho jazyk - \u00faryvek z rom\u00e1nu Kate Chopinov\u00e1: Radost, kter\u00e1 zab\u00edj\u00ed - \u00favod\u2026","rel":"","context":"V \u201eLiteratura\u201c","block_context":{"text":"Literatura","link":"https:\/\/kotrla.com\/pmpro\/category\/literatura\/"},"img":{"alt_text":"","src":"","width":0,"height":0},"classes":[]},{"id":217,"url":"https:\/\/kotrla.com\/pmpro\/2010\/03\/pozde-ale-prece-aluze-32009\/","url_meta":{"origin":82,"position":3},"title":"Pozd\u011b (ale p\u0159ece): Aluze 3\/2009","author":"Pavel Kotrla","date":"31.3.2010","format":false,"excerpt":"S jist\u00fdm skluzem, jak jste si pravd\u011bpodobn\u011b v\u0161imli, ale p\u0159ece jen: pr\u00e1v\u011b jsme zve\u0159ejnili nov\u00e9 \u010d\u00edslo revue Aluze: 3\/2009. Jako obvykle m\u016f\u017eete pro\u010d\u00edtat on-line nebo si st\u00e1hnout \u010d\u00edslo v PDF. Obsah: poezie Ladislav Jurkovi\u010d: A do t\u0159etice pleskot v\u011bt pr\u00f3za Euphrase Kezilahabi: Labyrint rozhovor Petr Skaln\u00edk: Antropologick\u00fd v\u00fdzkum nen\u00ed v\u00fdlet\u2026","rel":"","context":"V \u201eInternet\u201c","block_context":{"text":"Internet","link":"https:\/\/kotrla.com\/pmpro\/category\/internet\/"},"img":{"alt_text":"Aluze 3\/2009","src":"https:\/\/i0.wp.com\/kotrla.com\/pmpro\/images\/uploads\/aluze_2009_03.png?resize=350%2C200&ssl=1","width":350,"height":200},"classes":[]},{"id":11453,"url":"https:\/\/kotrla.com\/pmpro\/2024\/04\/rozhovor-s-robertem-golanem-v-patriotu\/","url_meta":{"origin":82,"position":4},"title":"Rozhovor s Robertem Gol\u00e1n\u011bm v Patriotu","author":"Pavel Kotrla","date":"9.4.2024","format":false,"excerpt":"Nov\u00e9 \u010d\u00edslo zl\u00ednsk\u00e9 mutace Patriotu p\u0159ineslo rozs\u00e1hl\u00fd rozhovor s Robertem Gol\u00e1n\u011bm. Jeho kniha Romsk\u00e9 cesty byla v roce 2013 prvn\u00edm svazkem Klenova.","rel":"","context":"V \u201eFotografie\u201c","block_context":{"text":"Fotografie","link":"https:\/\/kotrla.com\/pmpro\/category\/fotografie\/"},"img":{"alt_text":"","src":"https:\/\/i0.wp.com\/kotrla.com\/pmpro\/wp-content\/uploads\/2024\/04\/patriot_golan_patriot.jpg?resize=350%2C200&ssl=1","width":350,"height":200,"srcset":"https:\/\/i0.wp.com\/kotrla.com\/pmpro\/wp-content\/uploads\/2024\/04\/patriot_golan_patriot.jpg?resize=350%2C200&ssl=1 1x, https:\/\/i0.wp.com\/kotrla.com\/pmpro\/wp-content\/uploads\/2024\/04\/patriot_golan_patriot.jpg?resize=525%2C300&ssl=1 1.5x, https:\/\/i0.wp.com\/kotrla.com\/pmpro\/wp-content\/uploads\/2024\/04\/patriot_golan_patriot.jpg?resize=700%2C400&ssl=1 2x, https:\/\/i0.wp.com\/kotrla.com\/pmpro\/wp-content\/uploads\/2024\/04\/patriot_golan_patriot.jpg?resize=1050%2C600&ssl=1 3x, https:\/\/i0.wp.com\/kotrla.com\/pmpro\/wp-content\/uploads\/2024\/04\/patriot_golan_patriot.jpg?resize=1400%2C800&ssl=1 4x"},"classes":[]},{"id":196,"url":"https:\/\/kotrla.com\/pmpro\/2010\/07\/aluze-12010\/","url_meta":{"origin":82,"position":5},"title":"Aluze 1\/2010","author":"Pavel Kotrla","date":"26.7.2010","format":false,"excerpt":"Nov\u00e9 \u010d\u00edslo revue Aluze najdete na adrese http:\/\/aluze.cz Obsah \u010d\u00edsla: Poezie Sa\u0161a Skenderija: Ithaka po deseti letech Pr\u00f3za Arthur Shearly Cripps: Star\u00fd bojovn\u00edk v nov\u00e9m sv\u011btle Rozhovor John V. Knapp: Rozhovor s profesorem Geraldem Graffem Studie Gerald Graff: Pseudopolitika interpretace Radek Mal\u00fd - Fuga smrti Paula Celana v p\u0159ekladech do\u2026","rel":"","context":"V \u201eInternet\u201c","block_context":{"text":"Internet","link":"https:\/\/kotrla.com\/pmpro\/category\/internet\/"},"img":{"alt_text":"Aluze 1\/2010","src":"https:\/\/i0.wp.com\/kotrla.com\/pmpro\/images\/uploads\/aluze_2010_01.png?resize=350%2C200&ssl=1","width":350,"height":200},"classes":[]}],"jetpack_sharing_enabled":true,"_links":{"self":[{"href":"https:\/\/kotrla.com\/pmpro\/wp-json\/wp\/v2\/posts\/82","targetHints":{"allow":["GET"]}}],"collection":[{"href":"https:\/\/kotrla.com\/pmpro\/wp-json\/wp\/v2\/posts"}],"about":[{"href":"https:\/\/kotrla.com\/pmpro\/wp-json\/wp\/v2\/types\/post"}],"author":[{"embeddable":true,"href":"https:\/\/kotrla.com\/pmpro\/wp-json\/wp\/v2\/users\/1"}],"replies":[{"embeddable":true,"href":"https:\/\/kotrla.com\/pmpro\/wp-json\/wp\/v2\/comments?post=82"}],"version-history":[{"count":0,"href":"https:\/\/kotrla.com\/pmpro\/wp-json\/wp\/v2\/posts\/82\/revisions"}],"wp:attachment":[{"href":"https:\/\/kotrla.com\/pmpro\/wp-json\/wp\/v2\/media?parent=82"}],"wp:term":[{"taxonomy":"category","embeddable":true,"href":"https:\/\/kotrla.com\/pmpro\/wp-json\/wp\/v2\/categories?post=82"},{"taxonomy":"post_tag","embeddable":true,"href":"https:\/\/kotrla.com\/pmpro\/wp-json\/wp\/v2\/tags?post=82"}],"curies":[{"name":"wp","href":"https:\/\/api.w.org\/{rel}","templated":true}]}}