{"id":823,"date":"2005-02-06T19:54:00","date_gmt":"2005-02-06T18:54:00","guid":{"rendered":"http:\/\/kotrla.com\/wordpress\/?p=823"},"modified":"2019-11-20T22:29:10","modified_gmt":"2019-11-20T21:29:10","slug":"stari-dobri-bartolo-cattafi-lxxi","status":"publish","type":"post","link":"https:\/\/kotrla.com\/pmpro\/2005\/02\/stari-dobri-bartolo-cattafi-lxxi\/","title":{"rendered":"STA\u0158\u00cd DOB\u0158\u00cd: Bartolo Cattafi (LXXI.)"},"content":{"rendered":"<p>Solit\u00e9r italsk\u00e9 literatury (1922 &#8211;&nbsp; 1979), tak\u00e9 mal\u00ed\u0159 samouk. \u017dil v mal\u00e9 vesnici na pob\u0159e\u017e\u00ed Sic\u00edlie nedaleko Messini.<\/p>\n<ul>\n<li><a href=\"http:\/\/www.thedrunkenboat.com\/cattafi.html\">http:\/\/www.thedrunkenboat.com\/cattafi.html<\/a><\/li>\n<\/ul>\n<p><b>Ti mal\u00ed pt\u00e1\u010dkov\u00e9<\/b><\/p>\n<p>Ti mal\u00ed pt\u00e1\u010dkov\u00e9<br \/>\nby t\u011b vlastn\u011b cht\u011bli u\u0161tvat<br \/>\ndr\u00e1pancem zohavit ti tv\u00e1\u0159<br \/>\nto je jejich smutek<br \/>\nkdy\u017e se na tebe d\u00edvaj\u00ed<br \/>\na p\u0159iv\u00edraj\u00ed \u017elut\u00e1 v\u00ed\u010dka<\/p>\n<p><i>p\u0159elo\u017eil Vladim\u00edr Mike\u0161<\/i><\/p>\n","protected":false},"excerpt":{"rendered":"<p>Solit\u00e9r italsk\u00e9 literatury (1922 &#8211;&nbsp; 1979), tak\u00e9 mal\u00ed\u0159 samouk. \u017dil v mal\u00e9 vesnici na pob\u0159e\u017e\u00ed Sic\u00edlie nedaleko Messini. http:\/\/www.thedrunkenboat.com\/cattafi.html Ti mal\u00ed pt\u00e1\u010dkov\u00e9 Ti mal\u00ed pt\u00e1\u010dkov\u00e9 by t\u011b vlastn\u011b cht\u011bli u\u0161tvat dr\u00e1pancem zohavit ti tv\u00e1\u0159 to je jejich smutek kdy\u017e se na tebe d\u00edvaj\u00ed a p\u0159iv\u00edraj\u00ed \u017elut\u00e1 v\u00ed\u010dka p\u0159elo\u017eil Vladim\u00edr Mike\u0161<\/p>\n","protected":false},"author":1,"featured_media":0,"comment_status":"open","ping_status":"open","sticky":false,"template":"","format":"standard","meta":{"site-sidebar-layout":"default","site-content-layout":"","ast-site-content-layout":"default","site-content-style":"default","site-sidebar-style":"default","ast-global-header-display":"","ast-banner-title-visibility":"","ast-main-header-display":"","ast-hfb-above-header-display":"","ast-hfb-below-header-display":"","ast-hfb-mobile-header-display":"","site-post-title":"","ast-breadcrumbs-content":"","ast-featured-img":"","footer-sml-layout":"","ast-disable-related-posts":"","theme-transparent-header-meta":"","adv-header-id-meta":"","stick-header-meta":"","header-above-stick-meta":"","header-main-stick-meta":"","header-below-stick-meta":"","astra-migrate-meta-layouts":"default","ast-page-background-enabled":"default","ast-page-background-meta":{"desktop":{"background-color":"var(--ast-global-color-5)","background-image":"","background-repeat":"repeat","background-position":"center center","background-size":"auto","background-attachment":"scroll","background-type":"","background-media":"","overlay-type":"","overlay-color":"","overlay-opacity":"","overlay-gradient":""},"tablet":{"background-color":"","background-image":"","background-repeat":"repeat","background-position":"center center","background-size":"auto","background-attachment":"scroll","background-type":"","background-media":"","overlay-type":"","overlay-color":"","overlay-opacity":"","overlay-gradient":""},"mobile":{"background-color":"","background-image":"","background-repeat":"repeat","background-position":"center center","background-size":"auto","background-attachment":"scroll","background-type":"","background-media":"","overlay-type":"","overlay-color":"","overlay-opacity":"","overlay-gradient":""}},"ast-content-background-meta":{"desktop":{"background-color":"var(--ast-global-color-4)","background-image":"","background-repeat":"repeat","background-position":"center center","background-size":"auto","background-attachment":"scroll","background-type":"","background-media":"","overlay-type":"","overlay-color":"","overlay-opacity":"","overlay-gradient":""},"tablet":{"background-color":"var(--ast-global-color-4)","background-image":"","background-repeat":"repeat","background-position":"center center","background-size":"auto","background-attachment":"scroll","background-type":"","background-media":"","overlay-type":"","overlay-color":"","overlay-opacity":"","overlay-gradient":""},"mobile":{"background-color":"var(--ast-global-color-4)","background-image":"","background-repeat":"repeat","background-position":"center center","background-size":"auto","background-attachment":"scroll","background-type":"","background-media":"","overlay-type":"","overlay-color":"","overlay-opacity":"","overlay-gradient":""}},"jetpack_post_was_ever_published":false,"_jetpack_newsletter_access":"","_jetpack_dont_email_post_to_subs":false,"_jetpack_newsletter_tier_id":0,"_jetpack_memberships_contains_paywalled_content":false,"_jetpack_memberships_contains_paid_content":false,"footnotes":""},"categories":[8],"tags":[],"class_list":["post-823","post","type-post","status-publish","format-standard","hentry","category-stari-dobri"],"jetpack_featured_media_url":"","jetpack_shortlink":"https:\/\/wp.me\/p4mLP7-dh","jetpack-related-posts":[{"id":792,"url":"https:\/\/kotrla.com\/pmpro\/2005\/03\/stari-dobri-yvan-goll-lxxvii\/","url_meta":{"origin":823,"position":0},"title":"STA\u0158\u00cd DOB\u0158\u00cd: Yvan Goll (LXXVII.)","author":"Pavel Kotrla","date":"20.3.2005","format":false,"excerpt":"Vlastn\u00edm jm\u00e9nem Isaac Lang (* 29. 3. 1891 - \u2020 27. 2. 1950), autor pat\u0159\u00edc\u00ed francouzsk\u00e9 i n\u011bmeck\u00e9 literatu\u0159e, expresionista, surrealista, sv\u011btoob\u010dan. NYMFA A KENTAUR Jsi nymfa je\u017e uprchla z b\u0159\u00edzek U tv\u00fdch zlat\u00fdch nohou se sebevra\u017ed\u00ed psi A hv\u011bzdy se rozpou\u0161t\u011bj\u00ed v tv\u00fdch o\u010d\u00edch Z \u010das\u016f kdy tekly \u0159eky\u2026","rel":"","context":"V \u201eSta\u0159\u00ed dob\u0159\u00ed\u201c","block_context":{"text":"Sta\u0159\u00ed dob\u0159\u00ed","link":"https:\/\/kotrla.com\/pmpro\/category\/stari-dobri\/"},"img":{"alt_text":"","src":"","width":0,"height":0},"classes":[]},{"id":880,"url":"https:\/\/kotrla.com\/pmpro\/2004\/11\/stari-dobri-peter-huchel-lx\/","url_meta":{"origin":823,"position":1},"title":"STA\u0158\u00cd DOB\u0158\u00cd: Peter Huchel (LX.)","author":"Pavel Kotrla","date":"21.11.2004","format":false,"excerpt":"N\u011bmeck\u00fd b\u00e1sn\u00edk a dramatik (1903 - 1981). Jedn\u00e9 podzimn\u00ed noci Dni d\u00e1vno zapadl\u00fd, kde jen jsi? Na vr\u0161ku pod v\u011btrn\u00fdmi nebesy jsem tehd\u00e1 le\u017eel. Z\u00e1\u0159\u00ed. List\u00ed p\u00e1d, stromy sv\u00fdm klidem m\u011b obj\u00edmaly zcela\u2026 Podzimn\u00ed noc se roz\u0161um\u011bla: je\u0159\u00e1bi hold mi let\u011bli vzd\u00e1t. Vzd\u00e1len\u00e1 chv\u00edle, hodna jsi chv\u00e1ly. Ti pt\u00e1ci s\u2026","rel":"","context":"V \u201eSta\u0159\u00ed dob\u0159\u00ed\u201c","block_context":{"text":"Sta\u0159\u00ed dob\u0159\u00ed","link":"https:\/\/kotrla.com\/pmpro\/category\/stari-dobri\/"},"img":{"alt_text":"","src":"","width":0,"height":0},"classes":[]},{"id":915,"url":"https:\/\/kotrla.com\/pmpro\/2004\/09\/stari-dobri-zalm-137-lvii\/","url_meta":{"origin":823,"position":2},"title":"STA\u0158\u00cd DOB\u0158\u00cd: \u017dalm 137 (LVII.)","author":"Pavel Kotrla","date":"26.9.2004","format":false,"excerpt":"V m\u00e9n\u011b zn\u00e1m\u00e9m p\u0159ekladu z Jeruzal\u00e9msk\u00e9 bible. (\u00dazus nane\u0161t\u011bst\u00ed nut\u00ed ps\u00e1t mal\u00e9 b) \u017dalm 137 Na b\u0159ehu babylonsk\u00fdch \u0159ek jsme sed\u00e1vali a plak\u00e1vali, kdy\u017e jsme vzpom\u00ednali na Sion; na topoly kolem jsme zav\u011b\u0161ovali sv\u00e9 harfy. A tu od n\u00e1s \u017e\u00e1dali na\u0161i \u017eal\u00e1\u0159n\u00edci, abychom zp\u00edvali, na\u0161i \u00fanosci, abychom se radovali, a\u2026","rel":"","context":"V \u201eSta\u0159\u00ed dob\u0159\u00ed\u201c","block_context":{"text":"Sta\u0159\u00ed dob\u0159\u00ed","link":"https:\/\/kotrla.com\/pmpro\/category\/stari-dobri\/"},"img":{"alt_text":"","src":"","width":0,"height":0},"classes":[]},{"id":290,"url":"https:\/\/kotrla.com\/pmpro\/2009\/03\/stari-dobri-gennadij-ajgi-cxxiii\/","url_meta":{"origin":823,"position":3},"title":"STA\u0158\u00cd DOB\u0158\u00cd: Gennadij Ajgi (CXXIII.)","author":"Pavel Kotrla","date":"8.3.2009","format":false,"excerpt":"B\u00e1sn\u00edk a p\u0159ekladatel \u010duva\u0161sk\u00e9ho p\u016fvodu (1934 - 2006). Od roku 1960 v\u0161ak psal rusky. \u010cesky jsme se s jeho tvorbou mohli sezn\u00e1mit ji\u017e v roce 1963 d\u00edky svazku Mlad\u00e1 sov\u011btsk\u00e1 poezie, ze kter\u00e9ho uk\u00e1zka je vybr\u00e1na. Laure\u00e1t ceny Andrej B\u011bl\u00e9ho, prvn\u00ed laure\u00e1t Pasternakovy ceny. na rozlou\u010denou \u00f3 vid\u00edm t\u011b jak\u2026","rel":"","context":"V \u201eSta\u0159\u00ed dob\u0159\u00ed\u201c","block_context":{"text":"Sta\u0159\u00ed dob\u0159\u00ed","link":"https:\/\/kotrla.com\/pmpro\/category\/stari-dobri\/"},"img":{"alt_text":"P\u0159evzato z galerie portr\u00e9tu rusk\u00fdch spisovatel\u016f","src":"https:\/\/i0.wp.com\/kotrla.com\/pmpro\/images\/uploads\/c23795-aigi05.jpg?resize=350%2C200&ssl=1","width":350,"height":200},"classes":[]},{"id":1252,"url":"https:\/\/kotrla.com\/pmpro\/2003\/08\/stari-dobri-aloysius-bertrand-iii\/","url_meta":{"origin":823,"position":4},"title":"STA\u0158\u00cd DOB\u0158\u00cd: Aloysius Bertrand (III.)","author":"Pavel Kotrla","date":"23.8.2003","format":false,"excerpt":"SCARBO \u201eA\u017e zem\u0159e\u0161, dostav rozh\u0159e\u0161en\u00ed nebo proklet,\u201c \u0161eptal mi dnes v noci Scarbo do ucha, \u201ebude\u0161 m\u00edt rub\u00e1\u0161 z pavu\u010diny, ba poh\u0159b\u00edm s tebou pavouka.\u201c \u201eAch, nech\u0165 m\u00e1m alespo\u0148 m\u00edsto rub\u00e1\u0161e list osiky, v n\u011bm\u017e m\u011b bude kol\u00e9bat v\u00e1nek z jezera,\u201c odpov\u011bd\u011bl jsem mu s o\u010dima rud\u00fdma, nebo\u0165 jsem tolik\u2026","rel":"","context":"V \u201eSta\u0159\u00ed dob\u0159\u00ed\u201c","block_context":{"text":"Sta\u0159\u00ed dob\u0159\u00ed","link":"https:\/\/kotrla.com\/pmpro\/category\/stari-dobri\/"},"img":{"alt_text":"","src":"","width":0,"height":0},"classes":[]},{"id":962,"url":"https:\/\/kotrla.com\/pmpro\/2004\/07\/stari-dobri-nikolaj-nosov-xxxxvii\/","url_meta":{"origin":823,"position":5},"title":"STA\u0158\u00cd DOB\u0158\u00cd: Nikolaj Nosov (XXXXVII.)","author":"Pavel Kotrla","date":"18.7.2004","format":false,"excerpt":"Nezn\u00e1lek forever! \u0160el V\u0161ezn\u00e1lek na proch\u00e1zku, vedl ovci na prov\u00e1zku. \u010ciperka za malou chvili\u010dku spolk z hladu horkou cihli\u010dku. U Jakt\u00edka na \u017eidli le\u017e\u00ed buchta s povidly.","rel":"","context":"V \u201eSta\u0159\u00ed dob\u0159\u00ed\u201c","block_context":{"text":"Sta\u0159\u00ed dob\u0159\u00ed","link":"https:\/\/kotrla.com\/pmpro\/category\/stari-dobri\/"},"img":{"alt_text":"","src":"","width":0,"height":0},"classes":[]}],"jetpack_sharing_enabled":true,"_links":{"self":[{"href":"https:\/\/kotrla.com\/pmpro\/wp-json\/wp\/v2\/posts\/823","targetHints":{"allow":["GET"]}}],"collection":[{"href":"https:\/\/kotrla.com\/pmpro\/wp-json\/wp\/v2\/posts"}],"about":[{"href":"https:\/\/kotrla.com\/pmpro\/wp-json\/wp\/v2\/types\/post"}],"author":[{"embeddable":true,"href":"https:\/\/kotrla.com\/pmpro\/wp-json\/wp\/v2\/users\/1"}],"replies":[{"embeddable":true,"href":"https:\/\/kotrla.com\/pmpro\/wp-json\/wp\/v2\/comments?post=823"}],"version-history":[{"count":0,"href":"https:\/\/kotrla.com\/pmpro\/wp-json\/wp\/v2\/posts\/823\/revisions"}],"wp:attachment":[{"href":"https:\/\/kotrla.com\/pmpro\/wp-json\/wp\/v2\/media?parent=823"}],"wp:term":[{"taxonomy":"category","embeddable":true,"href":"https:\/\/kotrla.com\/pmpro\/wp-json\/wp\/v2\/categories?post=823"},{"taxonomy":"post_tag","embeddable":true,"href":"https:\/\/kotrla.com\/pmpro\/wp-json\/wp\/v2\/tags?post=823"}],"curies":[{"name":"wp","href":"https:\/\/api.w.org\/{rel}","templated":true}]}}