{"id":866,"date":"2004-12-07T12:22:32","date_gmt":"2004-12-07T11:22:32","guid":{"rendered":"http:\/\/kotrla.com\/wordpress\/?p=866"},"modified":"2019-11-20T22:29:14","modified_gmt":"2019-11-20T21:29:14","slug":"pozvanka","status":"publish","type":"post","link":"https:\/\/kotrla.com\/pmpro\/2004\/12\/pozvanka\/","title":{"rendered":"Pozv\u00e1nka"},"content":{"rendered":"<p><img loading=\"lazy\" decoding=\"async\" src=\"https:\/\/kotrla.com\/pmpro\/images\/uploads\/pozvanka.gif\" border=\"0\" alt=\"9. ve\u010d\u00edrek s Texty\" name=\"vecirek_s_texty\" width=\"420\" height=\"228\" \/><\/p>\n","protected":false},"excerpt":{"rendered":"","protected":false},"author":1,"featured_media":0,"comment_status":"open","ping_status":"open","sticky":false,"template":"","format":"standard","meta":{"site-sidebar-layout":"default","site-content-layout":"","ast-site-content-layout":"default","site-content-style":"default","site-sidebar-style":"default","ast-global-header-display":"","ast-banner-title-visibility":"","ast-main-header-display":"","ast-hfb-above-header-display":"","ast-hfb-below-header-display":"","ast-hfb-mobile-header-display":"","site-post-title":"","ast-breadcrumbs-content":"","ast-featured-img":"","footer-sml-layout":"","ast-disable-related-posts":"","theme-transparent-header-meta":"","adv-header-id-meta":"","stick-header-meta":"","header-above-stick-meta":"","header-main-stick-meta":"","header-below-stick-meta":"","astra-migrate-meta-layouts":"default","ast-page-background-enabled":"default","ast-page-background-meta":{"desktop":{"background-color":"var(--ast-global-color-5)","background-image":"","background-repeat":"repeat","background-position":"center center","background-size":"auto","background-attachment":"scroll","background-type":"","background-media":"","overlay-type":"","overlay-color":"","overlay-opacity":"","overlay-gradient":""},"tablet":{"background-color":"","background-image":"","background-repeat":"repeat","background-position":"center center","background-size":"auto","background-attachment":"scroll","background-type":"","background-media":"","overlay-type":"","overlay-color":"","overlay-opacity":"","overlay-gradient":""},"mobile":{"background-color":"","background-image":"","background-repeat":"repeat","background-position":"center center","background-size":"auto","background-attachment":"scroll","background-type":"","background-media":"","overlay-type":"","overlay-color":"","overlay-opacity":"","overlay-gradient":""}},"ast-content-background-meta":{"desktop":{"background-color":"var(--ast-global-color-4)","background-image":"","background-repeat":"repeat","background-position":"center center","background-size":"auto","background-attachment":"scroll","background-type":"","background-media":"","overlay-type":"","overlay-color":"","overlay-opacity":"","overlay-gradient":""},"tablet":{"background-color":"var(--ast-global-color-4)","background-image":"","background-repeat":"repeat","background-position":"center center","background-size":"auto","background-attachment":"scroll","background-type":"","background-media":"","overlay-type":"","overlay-color":"","overlay-opacity":"","overlay-gradient":""},"mobile":{"background-color":"var(--ast-global-color-4)","background-image":"","background-repeat":"repeat","background-position":"center center","background-size":"auto","background-attachment":"scroll","background-type":"","background-media":"","overlay-type":"","overlay-color":"","overlay-opacity":"","overlay-gradient":""}},"jetpack_post_was_ever_published":false,"_jetpack_newsletter_access":"","_jetpack_dont_email_post_to_subs":false,"_jetpack_newsletter_tier_id":0,"_jetpack_memberships_contains_paywalled_content":false,"_jetpack_memberships_contains_paid_content":false,"footnotes":""},"categories":[1],"tags":[],"class_list":["post-866","post","type-post","status-publish","format-standard","hentry","category-nezarazene"],"jetpack_featured_media_url":"","jetpack_shortlink":"https:\/\/wp.me\/s4mLP7-pozvanka","jetpack-related-posts":[{"id":1115,"url":"https:\/\/kotrla.com\/pmpro\/2004\/01\/pozvanka-na-besedu\/","url_meta":{"origin":866,"position":0},"title":"Pozv\u00e1nka na besedu","author":"Pavel Kotrla","date":"5.1.2004","format":false,"excerpt":"Pokud budete 15. ledna ve ve\u010dern\u00edch hodin\u00e1ch proj\u00ed\u017ed\u011bt Vset\u00ednem, m\u016f\u017eete v 18:30 zasko\u010dit do Masarykovy ve\u0159ejn\u00e9 knihovny, kde budu uv\u00e1d\u011bt ve\u010der s prozaikem Anton\u00ednem Bajajou. Ve\u010der bude dopln\u011bn o kr\u00e1tkou dramatizaci \u00faryvk\u016f z jeho posledn\u00edho rom\u00e1nu Zvl\u010den\u00ed, kterou bude na cimb\u00e1l doprov\u00e1zet Zuzana Lap\u010d\u00edkov\u00e1.","rel":"","context":"V \u201eNeza\u0159azen\u00e9\u201c","block_context":{"text":"Neza\u0159azen\u00e9","link":"https:\/\/kotrla.com\/pmpro\/category\/nezarazene\/"},"img":{"alt_text":"","src":"","width":0,"height":0},"classes":[]},{"id":668,"url":"https:\/\/kotrla.com\/pmpro\/2005\/10\/pozvanka-do-knihovny\/","url_meta":{"origin":866,"position":1},"title":"Pozv\u00e1nka do knihovny","author":"Pavel Kotrla","date":"17.10.2005","format":false,"excerpt":"Ve \u010dtvrtek 20. \u0159\u00edjna se v 18.30 se v Masarykov\u011b knihovn\u011b Vset\u00edn m\u016f\u017eete, na besed\u011b, kterou budu moderovat, potkat s b\u00e1sn\u00ed\u0159kou Marii \u0160\u0165astnou a b\u00e1sn\u00edkem Jakubem Chrob\u00e1k.","rel":"","context":"V \u201eLiteratura\u201c","block_context":{"text":"Literatura","link":"https:\/\/kotrla.com\/pmpro\/category\/literatura\/"},"img":{"alt_text":"","src":"","width":0,"height":0},"classes":[]},{"id":368,"url":"https:\/\/kotrla.com\/pmpro\/2008\/03\/pozvanka-do-knihovny-vsetin-a-literatura\/","url_meta":{"origin":866,"position":2},"title":"Pozv\u00e1nka do knihovny: Vset\u00edn a literatura","author":"Pavel Kotrla","date":"3.3.2008","format":false,"excerpt":"Vset\u00edn v pr\u016fb\u011bhu cel\u00e9ho leto\u0161n\u00edho roku slav\u00ed 700 let od sv\u00e9ho vzniku nejr\u016fzn\u011bj\u0161\u00edmi akcemi. Do tohoto cyklu spad\u00e1 i beseda s redaktory Text\u016f, kter\u00e1 se 27. 3. uskute\u010dn\u00ed ve spole\u010densk\u00e9m s\u00e1lu knihovny. Tak\u017ee pokud se s n\u00e1mi chcete setkat m\u00e1te mo\u017enost.","rel":"","context":"V \u201eLiteratura\u201c","block_context":{"text":"Literatura","link":"https:\/\/kotrla.com\/pmpro\/category\/literatura\/"},"img":{"alt_text":"","src":"","width":0,"height":0},"classes":[]},{"id":272,"url":"https:\/\/kotrla.com\/pmpro\/2009\/06\/pozvanka-na-clenskou-vystavu-fotoklubu-vsetin\/","url_meta":{"origin":866,"position":3},"title":"Pozv\u00e1nka na \u010clenskou v\u00fdstavu Fotoklubu Vset\u00edn","author":"Pavel Kotrla","date":"11.6.2009","format":false,"excerpt":"Ve vset\u00ednsk\u00e9 galerii \"V Poschod\u00ed\" m\u00e9ho kamar\u00e1da a vydavatele Text\u016f bude 18. \u010dervna 2009 zah\u00e1jena v\u00fdstava Fotoklubu Vset\u00edn. V\u00fdstava potrv\u00e1 do 30. \u010dervence 2009. Otev\u0159eno je od pond\u011bl\u00ed do p\u00e1tku (9-17 hodin). V\u00edce na str\u00e1nk\u00e1ch fotoklubu.","rel":"","context":"V \u201eFotografie\u201c","block_context":{"text":"Fotografie","link":"https:\/\/kotrla.com\/pmpro\/category\/fotografie\/"},"img":{"alt_text":"V\u00fdstava vset\u00ednsk\u00e9ho fotoklubu","src":"https:\/\/i0.wp.com\/kotrla.com\/pmpro\/images\/uploads\/vystava-fotoklub-vs.jpg?resize=350%2C200&ssl=1","width":350,"height":200},"classes":[]},{"id":4166,"url":"https:\/\/kotrla.com\/pmpro\/2019\/03\/pozvanka-na-krest-knihy-parizsky-skicak-libora-sostaka\/","url_meta":{"origin":866,"position":4},"title":"Pozv\u00e1nka na k\u0159est knihy Pa\u0159\u00ed\u017esk\u00fd skic\u00e1k Libora So\u0161\u0165\u00e1ka","author":"Pavel Kotrla","date":"29.3.2019","format":false,"excerpt":"Srde\u010dn\u011b zveme na k\u0159est knihy Pa\u0159\u00ed\u017esk\u00fd skic\u00e1k Libora So\u0161\u0165\u00e1ka, kter\u00fd prob\u011bhne 6. dubna 2019 na\u00a0vset\u00ednsk\u00e9m z\u00e1mku od 15.00 v\u00a0r\u00e1mci vernis\u00e1\u017ee Introspektiva. Hudbou doprovod\u00ed skupina\u00a0\u017dambo\u0161i.","rel":"","context":"V \u201eKnihy\u201c","block_context":{"text":"Knihy","link":"https:\/\/kotrla.com\/pmpro\/category\/knihy\/"},"img":{"alt_text":"K\u0159est knihy Pa\u0159\u00ed\u017esk\u00fd skic\u00e1k Libora So\u0161\u0165\u00e1ka","src":"https:\/\/i0.wp.com\/kotrla.com\/pmpro\/wp-content\/uploads\/2019\/03\/libor_sostak_pozvanka_krest_knihy.jpg?resize=350%2C200&ssl=1","width":350,"height":200,"srcset":"https:\/\/i0.wp.com\/kotrla.com\/pmpro\/wp-content\/uploads\/2019\/03\/libor_sostak_pozvanka_krest_knihy.jpg?resize=350%2C200&ssl=1 1x, https:\/\/i0.wp.com\/kotrla.com\/pmpro\/wp-content\/uploads\/2019\/03\/libor_sostak_pozvanka_krest_knihy.jpg?resize=525%2C300&ssl=1 1.5x, https:\/\/i0.wp.com\/kotrla.com\/pmpro\/wp-content\/uploads\/2019\/03\/libor_sostak_pozvanka_krest_knihy.jpg?resize=700%2C400&ssl=1 2x, https:\/\/i0.wp.com\/kotrla.com\/pmpro\/wp-content\/uploads\/2019\/03\/libor_sostak_pozvanka_krest_knihy.jpg?resize=1050%2C600&ssl=1 3x"},"classes":[]},{"id":3955,"url":"https:\/\/kotrla.com\/pmpro\/2018\/11\/cizincem-ve-francii-pozvanka-na-literarne-hudebni-vecer\/","url_meta":{"origin":866,"position":5},"title":"Cizincem ve Francii: pozv\u00e1nka na liter\u00e1rn\u011b-hudebn\u00ed ve\u010der","author":"Pavel Kotrla","date":"27.11.2018","format":false,"excerpt":"Liter\u00e1rn\u011b-hudebn\u00ed ve\u010der k 70. v\u00fdro\u010d\u00ed emigrace Jana \u010cepa.\u00a0\u010ctvrtek 6.12.2018\u00a019:00\u00a0-\u00a0M-klub Vala\u0161sk\u00e9 Mezi\u0159\u00ed\u010d\u00ed. Srde\u010dn\u011b zveme na tento ve\u010der, kter\u00fd p\u0159ipravil Jan Zatloukal. P\u0159ij\u010fte se zaposlouchat do kol\u00e1\u017ee tvo\u0159en\u00e9 \u00faryvky z \u010cepov\u00fdch pov\u00eddek, autobiografick\u00fdch text\u016f a korespondence prostupuj\u00ed klav\u00edrn\u00ed skladby C. Francka, F. Chopina, J. S. Bacha, F. Liszta a dal\u0161\u00edch.","rel":"","context":"V \u201eLiteratura\u201c","block_context":{"text":"Literatura","link":"https:\/\/kotrla.com\/pmpro\/category\/literatura\/"},"img":{"alt_text":"","src":"","width":0,"height":0},"classes":[]}],"jetpack_sharing_enabled":true,"_links":{"self":[{"href":"https:\/\/kotrla.com\/pmpro\/wp-json\/wp\/v2\/posts\/866","targetHints":{"allow":["GET"]}}],"collection":[{"href":"https:\/\/kotrla.com\/pmpro\/wp-json\/wp\/v2\/posts"}],"about":[{"href":"https:\/\/kotrla.com\/pmpro\/wp-json\/wp\/v2\/types\/post"}],"author":[{"embeddable":true,"href":"https:\/\/kotrla.com\/pmpro\/wp-json\/wp\/v2\/users\/1"}],"replies":[{"embeddable":true,"href":"https:\/\/kotrla.com\/pmpro\/wp-json\/wp\/v2\/comments?post=866"}],"version-history":[{"count":0,"href":"https:\/\/kotrla.com\/pmpro\/wp-json\/wp\/v2\/posts\/866\/revisions"}],"wp:attachment":[{"href":"https:\/\/kotrla.com\/pmpro\/wp-json\/wp\/v2\/media?parent=866"}],"wp:term":[{"taxonomy":"category","embeddable":true,"href":"https:\/\/kotrla.com\/pmpro\/wp-json\/wp\/v2\/categories?post=866"},{"taxonomy":"post_tag","embeddable":true,"href":"https:\/\/kotrla.com\/pmpro\/wp-json\/wp\/v2\/tags?post=866"}],"curies":[{"name":"wp","href":"https:\/\/api.w.org\/{rel}","templated":true}]}}