{"id":873,"date":"2004-11-29T08:00:00","date_gmt":"2004-11-29T07:00:00","guid":{"rendered":"http:\/\/kotrla.com\/wordpress\/?p=873"},"modified":"2019-11-20T22:29:15","modified_gmt":"2019-11-20T21:29:15","slug":"kdo-je-autorem-nasledujicich-versu-65","status":"publish","type":"post","link":"https:\/\/kotrla.com\/pmpro\/2004\/11\/kdo-je-autorem-nasledujicich-versu-65\/","title":{"rendered":"Kdo je autorem n\u00e1sleduj\u00edc\u00edch ver\u0161\u016f? (65)"},"content":{"rendered":"<p>Za oknem st\u00e1le nevl\u00eddno, na vrcholku Radho\u0161t\u011b je sice sn\u00edh, na vrcholc\u00edch ni\u017e\u0161\u00edch zat\u00edm nic moc. No nic, potrapte aspo\u0148 sv\u00e9 bu\u0148ky a pokuste se odpov\u011bd\u011bd na n\u00e1sleduj\u00edc\u00ed ot\u00e1zku: <i>Kdo je autorem n\u00e1sleduj\u00edc\u00ed b\u00e1sn\u011b?<\/i><\/p>\n<p><b>Neprav\u00fd rondel<\/b> <br \/>\n<i>Takov\u00e9 uv\u00edt\u00e1n\u00ed<\/i><\/p>\n<p>Vid\u00edm<br \/>\n\u017ee m\u011b tu nech\u00e1\u0161 um\u0159\u00edt<br \/>\nani ti to nep\u0159ijde<br \/>\nkdy\u017e slunce vych\u00e1z\u00ed<br \/>\nindi\u00e1nsk\u00e9 nebe<br \/>\nzah\u0159\u00edv\u00e1 kosti<br \/>\npotk\u00e1v\u00e1m kohosi z d\u0159\u00edv\u011bj\u0161ka na n\u00e1m\u011bst\u00ed<br \/>\nslunce zaplavuje lavi\u010dku do p\u016fli<br \/>\nn\u011bkdy zkusmo nev\u011brni<br \/>\nbychom cht\u011bli b\u00fdt<br \/>\nale nev\u00edme komu<br \/>\nach kolik je\u0161t\u011b let<br \/>\nt\u0159\u00ed slon\u00ed<br \/>\nindi\u00e1nsk\u00e9 nebe<br \/>\ndo hosp\u016fdky zajdem<br \/>\nposledn\u00ed korup\u010dn\u00ed skand\u00e1l vyslechnem<br \/>\nne\u017e slunce vyjde<br \/>\na zah\u0159eje kosti<br \/>\na tob\u011b op\u011bt nep\u0159ijde<br \/>\njak tou\u017e\u00edm po dobr\u00fdch skutc\u00edch<br \/>\njak se zaj\u00edk\u00e1m sv\u00edravost\u00ed t\u011bla<br \/>\nkter\u00e9 tu n\u011bkdo nenech\u00e1<br \/>\nn\u011bkomu um\u0159\u00edt<\/p>\n","protected":false},"excerpt":{"rendered":"<p>Za oknem st\u00e1le nevl\u00eddno, na vrcholku Radho\u0161t\u011b je sice sn\u00edh, na vrcholc\u00edch ni\u017e\u0161\u00edch zat\u00edm nic moc. No nic, potrapte aspo\u0148 sv\u00e9 bu\u0148ky a pokuste se odpov\u011bd\u011bd na n\u00e1sleduj\u00edc\u00ed ot\u00e1zku: Kdo je autorem n\u00e1sleduj\u00edc\u00ed b\u00e1sn\u011b? Neprav\u00fd rondel Takov\u00e9 uv\u00edt\u00e1n\u00ed Vid\u00edm \u017ee m\u011b tu nech\u00e1\u0161 um\u0159\u00edt ani ti to nep\u0159ijde kdy\u017e slunce vych\u00e1z\u00ed indi\u00e1nsk\u00e9 nebe zah\u0159\u00edv\u00e1 kosti [&hellip;]<\/p>\n","protected":false},"author":1,"featured_media":0,"comment_status":"open","ping_status":"open","sticky":false,"template":"","format":"standard","meta":{"site-sidebar-layout":"default","site-content-layout":"","ast-site-content-layout":"default","site-content-style":"default","site-sidebar-style":"default","ast-global-header-display":"","ast-banner-title-visibility":"","ast-main-header-display":"","ast-hfb-above-header-display":"","ast-hfb-below-header-display":"","ast-hfb-mobile-header-display":"","site-post-title":"","ast-breadcrumbs-content":"","ast-featured-img":"","footer-sml-layout":"","ast-disable-related-posts":"","theme-transparent-header-meta":"","adv-header-id-meta":"","stick-header-meta":"","header-above-stick-meta":"","header-main-stick-meta":"","header-below-stick-meta":"","astra-migrate-meta-layouts":"default","ast-page-background-enabled":"default","ast-page-background-meta":{"desktop":{"background-color":"var(--ast-global-color-5)","background-image":"","background-repeat":"repeat","background-position":"center center","background-size":"auto","background-attachment":"scroll","background-type":"","background-media":"","overlay-type":"","overlay-color":"","overlay-opacity":"","overlay-gradient":""},"tablet":{"background-color":"","background-image":"","background-repeat":"repeat","background-position":"center center","background-size":"auto","background-attachment":"scroll","background-type":"","background-media":"","overlay-type":"","overlay-color":"","overlay-opacity":"","overlay-gradient":""},"mobile":{"background-color":"","background-image":"","background-repeat":"repeat","background-position":"center center","background-size":"auto","background-attachment":"scroll","background-type":"","background-media":"","overlay-type":"","overlay-color":"","overlay-opacity":"","overlay-gradient":""}},"ast-content-background-meta":{"desktop":{"background-color":"var(--ast-global-color-4)","background-image":"","background-repeat":"repeat","background-position":"center center","background-size":"auto","background-attachment":"scroll","background-type":"","background-media":"","overlay-type":"","overlay-color":"","overlay-opacity":"","overlay-gradient":""},"tablet":{"background-color":"var(--ast-global-color-4)","background-image":"","background-repeat":"repeat","background-position":"center center","background-size":"auto","background-attachment":"scroll","background-type":"","background-media":"","overlay-type":"","overlay-color":"","overlay-opacity":"","overlay-gradient":""},"mobile":{"background-color":"var(--ast-global-color-4)","background-image":"","background-repeat":"repeat","background-position":"center center","background-size":"auto","background-attachment":"scroll","background-type":"","background-media":"","overlay-type":"","overlay-color":"","overlay-opacity":"","overlay-gradient":""}},"jetpack_post_was_ever_published":false,"_jetpack_newsletter_access":"","_jetpack_dont_email_post_to_subs":false,"_jetpack_newsletter_tier_id":0,"_jetpack_memberships_contains_paywalled_content":false,"_jetpack_memberships_contains_paid_content":false,"footnotes":""},"categories":[17],"tags":[],"class_list":["post-873","post","type-post","status-publish","format-standard","hentry","category-kdo-je-autorem"],"jetpack_featured_media_url":"","jetpack_shortlink":"https:\/\/wp.me\/p4mLP7-e5","jetpack-related-posts":[{"id":806,"url":"https:\/\/kotrla.com\/pmpro\/2005\/02\/kdo-je-autorem-nasledujicich-versu-78\/","url_meta":{"origin":873,"position":0},"title":"Kdo je autorem n\u00e1sleduj\u00edc\u00edch ver\u0161\u016f? (78)","author":"Pavel Kotrla","date":"28.2.2005","format":false,"excerpt":"Tak i dnes, by\u0165 o n\u011bco pozd\u011bji, je tu ot\u00e1zka: Kdo je autorem n\u00e1sleduj\u00edc\u00ed b\u00e1sn\u011b? M\u00e1m r\u00e1d Telefonn\u00ed seznam jmen nenos\u00edm v hlav\u011b m\u00e1m r\u00e1d oby\u010dejn\u00e9 v\u011bci cvr\u010dka v tr\u00e1v\u011b pomalovan\u00fd hlin\u011bn\u00fd d\u017eb\u00e1n z\u00e1zra\u010dnost \u0159e\u010di kruhy na vod\u011b p\u00e1d kamene a rud\u00fd jazyk plamene V protokolu se nevyzn\u00e1m v titulatur\u00e1ch\u2026","rel":"","context":"V \u201eKdo je autorem?\u201c","block_context":{"text":"Kdo je autorem?","link":"https:\/\/kotrla.com\/pmpro\/category\/kdo-je-autorem\/"},"img":{"alt_text":"","src":"","width":0,"height":0},"classes":[]},{"id":952,"url":"https:\/\/kotrla.com\/pmpro\/2004\/08\/kdo-je-autorem-nasledujicich-versu-48\/","url_meta":{"origin":873,"position":1},"title":"Kdo je autorem n\u00e1sleduj\u00edc\u00edch ver\u0161\u016f? (48)","author":"Pavel Kotrla","date":"2.8.2004","format":false,"excerpt":"Kde furt hledat autory pro pond\u011bln\u00ed ot\u00e1zku? Ale nic, jenom \u0159e\u010dnick\u00e1 ot\u00e1zka. ;-) Tak\u017ee: Kdo je autorem n\u00e1sleduj\u00edc\u00ed b\u00e1sn\u011b? l\u00e9ta jsem z tebe up\u00edjel\u2026 l\u00e9ta jsem z tebe up\u00edjel nejd\u0159\u00edv jako zlod\u011bj na vinic\u00edch p\u00e1n\u011b hladov\u00fd a skryt\u00fd a p\u0159et\u00ed\u017een\u00fd zlem t\u00edm \u0161est\u00fdm prstem lidsk\u00fdm kter\u00fd bol\u00ed v r\u00e1n\u011b bral\u2026","rel":"","context":"V \u201eKdo je autorem?\u201c","block_context":{"text":"Kdo je autorem?","link":"https:\/\/kotrla.com\/pmpro\/category\/kdo-je-autorem\/"},"img":{"alt_text":"","src":"","width":0,"height":0},"classes":[]},{"id":714,"url":"https:\/\/kotrla.com\/pmpro\/2005\/07\/kdo-je-autorem-nasledujicich-versu-99\/","url_meta":{"origin":873,"position":2},"title":"Kdo je autorem n\u00e1sleduj\u00edc\u00edch ver\u0161\u016f? (99)","author":"Pavel Kotrla","date":"25.7.2005","format":false,"excerpt":"Kdy\u017e je to l\u00e9to\u2026 Zapadnout n\u011bkam za obzor jak slunce po t\u0159ech pivech B\u00fdt Heyerdal\u016fv vor B\u00fdt live Sta\u0159eck\u00e9 skvrny soumraku zhyzdily den a pro\u0165aly mu \u017e\u00edly Temel\u00edn tu\u017eeb potemn\u011bl od mrak\u016f T\u011bch starod\u00e1vn\u00fdch, co se vyrojily A bij\u00ed zvony\u2026 Bo\u017ee, kdo je tlu\u010de? Co ud\u011blaly? Ptali se jich pro\u010d?\u2026","rel":"","context":"V \u201eKdo je autorem?\u201c","block_context":{"text":"Kdo je autorem?","link":"https:\/\/kotrla.com\/pmpro\/category\/kdo-je-autorem\/"},"img":{"alt_text":"","src":"","width":0,"height":0},"classes":[]},{"id":801,"url":"https:\/\/kotrla.com\/pmpro\/2005\/03\/kdo-je-autorem-nasledujicich-versu-79\/","url_meta":{"origin":873,"position":3},"title":"Kdo je autorem n\u00e1sleduj\u00edc\u00edch ver\u0161\u016f? (79)","author":"Pavel Kotrla","date":"7.3.2005","format":false,"excerpt":"Pond\u011bln\u00ed ot\u00e1zka: Kdo je autorem n\u00e1sleduj\u00edc\u00ed b\u00e1sn\u011b? Lopota Bl\u016fzu poc\u00e1kanou barvami navl\u00e9k\u00e1m ka\u017ed\u00e9 r\u00e1no znovu, znovu, pr\u00e1zdn\u00fd, jak b\u00fdv\u00e1 M\u011bs\u00edc v novu, kdy\u017e ml\u010d\u00ed nad n\u00e1mi. Jak Pierre Bonnard a jeho v\u010del\u00ed nos, kdy\u017e na m\u00edse ti jablka sv\u00e1 skl\u00e1d\u00e1, k nov\u00e9mu dni \u010dich\u00e1m, je\u0161t\u011b bos, jak von\u00ed, jestli si\u2026","rel":"","context":"V \u201eKdo je autorem?\u201c","block_context":{"text":"Kdo je autorem?","link":"https:\/\/kotrla.com\/pmpro\/category\/kdo-je-autorem\/"},"img":{"alt_text":"","src":"","width":0,"height":0},"classes":[]},{"id":1004,"url":"https:\/\/kotrla.com\/pmpro\/2004\/05\/kdo-je-autorem-nasledujicich-versu-37\/","url_meta":{"origin":873,"position":4},"title":"Kdo je autorem n\u00e1sleduj\u00edc\u00edch ver\u0161\u016f? (37)","author":"Pavel Kotrla","date":"17.5.2004","format":false,"excerpt":"M\u016fj obl\u00edben\u00fd b\u00e1sn\u00edk. P\u0159\u00edli\u0161 nepublikuje a p\u0159\u00edli\u0161 o n\u011bm nyn\u00ed nen\u00ed sly\u0161et\u2026 Kolem Ulicemi hlasu m\u011bsta star\u00fd mu\u017e tla\u010d\u00ed k\u00e1ru \u0161pinav\u00fdch fla\u0161ek, v cinkotu lahv\u00ed se odr\u00e1\u017e\u00ed slunce dnes op\u011bt \u017elutozelen\u00e9.","rel":"","context":"V \u201eKdo je autorem?\u201c","block_context":{"text":"Kdo je autorem?","link":"https:\/\/kotrla.com\/pmpro\/category\/kdo-je-autorem\/"},"img":{"alt_text":"","src":"","width":0,"height":0},"classes":[]},{"id":855,"url":"https:\/\/kotrla.com\/pmpro\/2004\/12\/kdo-je-autorem-nasledujicich-versu-68\/","url_meta":{"origin":873,"position":5},"title":"Kdo je autorem n\u00e1sleduj\u00edc\u00edch ver\u0161\u016f? (68)","author":"Pavel Kotrla","date":"20.12.2004","format":false,"excerpt":"Tak op\u011bt je tu pond\u011bl\u00ed, jedno z posledn\u00edch v tomto roce. A dal\u0161\u00ed h\u00e1danka: V\u00edte, kdo je autorem n\u00e1sleduj\u00edc\u00ed b\u00e1sn\u011b? Rybky Nad hladinu vyskakuj\u00ed rybky na \u0159et\u00edzku z vodn\u00edch kr\u016fp\u011bj\u00ed. A padaj\u00ed zas do z\u00e1\u0148ad\u0159\u00ed \u0159eky, a mn\u011b je smutn\u011bji. Uvid\u00ed\u0161, jen sv\u00e9 o\u010di zav\u0159i. Nad hladinu vyskakuj\u00ed rybky a\u2026","rel":"","context":"V \u201eKdo je autorem?\u201c","block_context":{"text":"Kdo je autorem?","link":"https:\/\/kotrla.com\/pmpro\/category\/kdo-je-autorem\/"},"img":{"alt_text":"","src":"","width":0,"height":0},"classes":[]}],"jetpack_sharing_enabled":true,"_links":{"self":[{"href":"https:\/\/kotrla.com\/pmpro\/wp-json\/wp\/v2\/posts\/873","targetHints":{"allow":["GET"]}}],"collection":[{"href":"https:\/\/kotrla.com\/pmpro\/wp-json\/wp\/v2\/posts"}],"about":[{"href":"https:\/\/kotrla.com\/pmpro\/wp-json\/wp\/v2\/types\/post"}],"author":[{"embeddable":true,"href":"https:\/\/kotrla.com\/pmpro\/wp-json\/wp\/v2\/users\/1"}],"replies":[{"embeddable":true,"href":"https:\/\/kotrla.com\/pmpro\/wp-json\/wp\/v2\/comments?post=873"}],"version-history":[{"count":0,"href":"https:\/\/kotrla.com\/pmpro\/wp-json\/wp\/v2\/posts\/873\/revisions"}],"wp:attachment":[{"href":"https:\/\/kotrla.com\/pmpro\/wp-json\/wp\/v2\/media?parent=873"}],"wp:term":[{"taxonomy":"category","embeddable":true,"href":"https:\/\/kotrla.com\/pmpro\/wp-json\/wp\/v2\/categories?post=873"},{"taxonomy":"post_tag","embeddable":true,"href":"https:\/\/kotrla.com\/pmpro\/wp-json\/wp\/v2\/tags?post=873"}],"curies":[{"name":"wp","href":"https:\/\/api.w.org\/{rel}","templated":true}]}}