{"id":8821,"date":"2021-06-24T09:16:17","date_gmt":"2021-06-24T08:16:17","guid":{"rendered":"http:\/\/kotrla.com\/pmpro\/?p=8821"},"modified":"2021-06-24T09:18:31","modified_gmt":"2021-06-24T08:18:31","slug":"slavnostni-uvedeni-dvanacte","status":"publish","type":"post","link":"https:\/\/kotrla.com\/pmpro\/2021\/06\/slavnostni-uvedeni-dvanacte\/","title":{"rendered":"Slavnostn\u00ed uveden\u00ed dvan\u00e1ct\u00e9"},"content":{"rendered":"<p><a href=\"https:\/\/kotrla.com\/pmpro\/wp-content\/uploads\/2021\/06\/IMGP1209c.jpg\"><img loading=\"lazy\" decoding=\"async\" class=\"alignnone size-full wp-image-8818\" src=\"https:\/\/kotrla.com\/pmpro\/wp-content\/uploads\/2021\/06\/IMGP1209c.jpg\" alt=\"\" width=\"1600\" height=\"1066\" srcset=\"https:\/\/kotrla.com\/pmpro\/wp-content\/uploads\/2021\/06\/IMGP1209c.jpg 1600w, https:\/\/kotrla.com\/pmpro\/wp-content\/uploads\/2021\/06\/IMGP1209c-300x200.jpg 300w, https:\/\/kotrla.com\/pmpro\/wp-content\/uploads\/2021\/06\/IMGP1209c-1024x682.jpg 1024w, https:\/\/kotrla.com\/pmpro\/wp-content\/uploads\/2021\/06\/IMGP1209c-1536x1023.jpg 1536w\" sizes=\"auto, (max-width: 1600px) 100vw, 1600px\" \/><\/a><\/p>\n<p>V\u010dera jsme slavnostn\u011b uvedli na st\u0159e\u0161e <a href=\"https:\/\/www.mvk.cz\">Masarykovy knihovny Vset\u00edn<\/a>, kter\u00e1 letos slav\u00ed sto let sv\u00e9 existence, do \u017eivota knihu <a href=\"https:\/\/kotrla.com\/pmpro\/klenov\/portret-charlotty-garrigue-masarykove-2021\/\">Portr\u00e9t Charlotty Garrigue Masarykov\u00e9 v korespondenci Vset\u00ed\u0148an\u016fm a ve vzpom\u00ednk\u00e1ch<\/a>. Kniha, kterou vydalo m\u00e9 <a href=\"https:\/\/kotrla.com\/pmpro\/klenov\/\">nakladatelstv\u00ed Klenov,<\/a> je k zakoupen\u00ed v Turistick\u00e9m a informa\u010dn\u00edm centru, kter\u00e9 se nach\u00e1z\u00ed v p\u0159\u00edzem\u00ed budovy knihovny. V\u00fdt\u011b\u017eek z prodeje bude v\u011bnov\u00e1n na charitativn\u00ed \u00fa\u010dely. O hudebn\u00ed doprovod se postaral \u017eensk\u00fd p\u011bveck\u00fd sbor Lu\u017eenky pod veden\u00edm Mirka Urubka. <span data-offset-key=\"6vm1q-6-0\">A tak\u00e9 jeho hudebn\u00ed a <\/span><span data-offset-key=\"6vm1q-7-0\">p\u011bveck\u00e9<\/span><span data-offset-key=\"6vm1q-8-0\"> trio.<\/span> V\u00edce fotografi\u00ed z akce tentokr\u00e1t najdete najdete na FB <a href=\"https:\/\/www.facebook.com\/pavel.kotrla\/posts\/10216540705304744\">https:\/\/www.facebook.com\/pavel.kotrla\/posts\/10216540705304744<\/a><\/p>\n<div id='gallery-1' class='gallery galleryid-8821 gallery-columns-3 gallery-size-thumbnail'><figure class='gallery-item'>\n\t\t\t<div class='gallery-icon landscape'>\n\t\t\t\t<a href='https:\/\/kotrla.com\/pmpro\/imgp1182\/'><img loading=\"lazy\" decoding=\"async\" width=\"150\" height=\"150\" src=\"https:\/\/kotrla.com\/pmpro\/wp-content\/uploads\/2021\/06\/IMGP1182-150x150.jpg\" class=\"attachment-thumbnail size-thumbnail\" alt=\"\" \/><\/a>\n\t\t\t<\/div><\/figure><figure class='gallery-item'>\n\t\t\t<div class='gallery-icon landscape'>\n\t\t\t\t<a href='https:\/\/kotrla.com\/pmpro\/imgp1183\/'><img loading=\"lazy\" decoding=\"async\" width=\"150\" height=\"150\" src=\"https:\/\/kotrla.com\/pmpro\/wp-content\/uploads\/2021\/06\/IMGP1183-150x150.jpg\" class=\"attachment-thumbnail size-thumbnail\" alt=\"\" \/><\/a>\n\t\t\t<\/div><\/figure><figure class='gallery-item'>\n\t\t\t<div class='gallery-icon landscape'>\n\t\t\t\t<a href='https:\/\/kotrla.com\/pmpro\/imgp1195\/'><img loading=\"lazy\" decoding=\"async\" width=\"150\" height=\"150\" src=\"https:\/\/kotrla.com\/pmpro\/wp-content\/uploads\/2021\/06\/IMGP1195-150x150.jpg\" class=\"attachment-thumbnail size-thumbnail\" alt=\"\" \/><\/a>\n\t\t\t<\/div><\/figure><figure class='gallery-item'>\n\t\t\t<div class='gallery-icon landscape'>\n\t\t\t\t<a href='https:\/\/kotrla.com\/pmpro\/imgp1204c\/'><img loading=\"lazy\" decoding=\"async\" width=\"150\" height=\"150\" src=\"https:\/\/kotrla.com\/pmpro\/wp-content\/uploads\/2021\/06\/IMGP1204c-150x150.jpg\" class=\"attachment-thumbnail size-thumbnail\" alt=\"\" \/><\/a>\n\t\t\t<\/div><\/figure><figure class='gallery-item'>\n\t\t\t<div class='gallery-icon landscape'>\n\t\t\t\t<a href='https:\/\/kotrla.com\/pmpro\/imgp1212c\/'><img loading=\"lazy\" decoding=\"async\" width=\"150\" height=\"150\" src=\"https:\/\/kotrla.com\/pmpro\/wp-content\/uploads\/2021\/06\/IMGP1212c-150x150.jpg\" class=\"attachment-thumbnail size-thumbnail\" alt=\"\" \/><\/a>\n\t\t\t<\/div><\/figure><figure class='gallery-item'>\n\t\t\t<div class='gallery-icon landscape'>\n\t\t\t\t<a href='https:\/\/kotrla.com\/pmpro\/imgp1221c\/'><img loading=\"lazy\" decoding=\"async\" width=\"150\" height=\"150\" src=\"https:\/\/kotrla.com\/pmpro\/wp-content\/uploads\/2021\/06\/IMGP1221c-150x150.jpg\" class=\"attachment-thumbnail size-thumbnail\" alt=\"\" \/><\/a>\n\t\t\t<\/div><\/figure>\n\t\t<\/div>\n\n","protected":false},"excerpt":{"rendered":"<p>V\u010dera jsme slavnostn\u011b uvedli na st\u0159e\u0161e Masarykovy knihovny Vset\u00edn, kter\u00e1 letos slav\u00ed sto let sv\u00e9 existence, do \u017eivota knihu Portr\u00e9t Charlotty Garrigue Masarykov\u00e9 v korespondenci Vset\u00ed\u0148an\u016fm a ve vzpom\u00ednk\u00e1ch. Kniha, kterou vydalo m\u00e9 nakladatelstv\u00ed Klenov, je k zakoupen\u00ed v Turistick\u00e9m a informa\u010dn\u00edm centru, kter\u00e9 se nach\u00e1z\u00ed v p\u0159\u00edzem\u00ed budovy knihovny. V\u00fdt\u011b\u017eek z prodeje bude v\u011bnov\u00e1n [&hellip;]<\/p>\n","protected":false},"author":1,"featured_media":0,"comment_status":"open","ping_status":"open","sticky":false,"template":"","format":"standard","meta":{"site-sidebar-layout":"default","site-content-layout":"","ast-site-content-layout":"default","site-content-style":"default","site-sidebar-style":"default","ast-global-header-display":"","ast-banner-title-visibility":"","ast-main-header-display":"","ast-hfb-above-header-display":"","ast-hfb-below-header-display":"","ast-hfb-mobile-header-display":"","site-post-title":"","ast-breadcrumbs-content":"","ast-featured-img":"","footer-sml-layout":"","ast-disable-related-posts":"","theme-transparent-header-meta":"","adv-header-id-meta":"","stick-header-meta":"","header-above-stick-meta":"","header-main-stick-meta":"","header-below-stick-meta":"","astra-migrate-meta-layouts":"default","ast-page-background-enabled":"default","ast-page-background-meta":{"desktop":{"background-color":"var(--ast-global-color-5)","background-image":"","background-repeat":"repeat","background-position":"center center","background-size":"auto","background-attachment":"scroll","background-type":"","background-media":"","overlay-type":"","overlay-color":"","overlay-opacity":"","overlay-gradient":""},"tablet":{"background-color":"","background-image":"","background-repeat":"repeat","background-position":"center center","background-size":"auto","background-attachment":"scroll","background-type":"","background-media":"","overlay-type":"","overlay-color":"","overlay-opacity":"","overlay-gradient":""},"mobile":{"background-color":"","background-image":"","background-repeat":"repeat","background-position":"center center","background-size":"auto","background-attachment":"scroll","background-type":"","background-media":"","overlay-type":"","overlay-color":"","overlay-opacity":"","overlay-gradient":""}},"ast-content-background-meta":{"desktop":{"background-color":"var(--ast-global-color-4)","background-image":"","background-repeat":"repeat","background-position":"center center","background-size":"auto","background-attachment":"scroll","background-type":"","background-media":"","overlay-type":"","overlay-color":"","overlay-opacity":"","overlay-gradient":""},"tablet":{"background-color":"var(--ast-global-color-4)","background-image":"","background-repeat":"repeat","background-position":"center center","background-size":"auto","background-attachment":"scroll","background-type":"","background-media":"","overlay-type":"","overlay-color":"","overlay-opacity":"","overlay-gradient":""},"mobile":{"background-color":"var(--ast-global-color-4)","background-image":"","background-repeat":"repeat","background-position":"center center","background-size":"auto","background-attachment":"scroll","background-type":"","background-media":"","overlay-type":"","overlay-color":"","overlay-opacity":"","overlay-gradient":""}},"jetpack_post_was_ever_published":false,"_jetpack_newsletter_access":"","_jetpack_dont_email_post_to_subs":false,"_jetpack_newsletter_tier_id":0,"_jetpack_memberships_contains_paywalled_content":false,"_jetpack_memberships_contains_paid_content":false,"footnotes":""},"categories":[2,57,3],"tags":[],"class_list":["post-8821","post","type-post","status-publish","format-standard","hentry","category-literatura","category-nakladatelstvi-klenov","category-osobni"],"jetpack_featured_media_url":"","jetpack_shortlink":"https:\/\/wp.me\/p4mLP7-2ih","jetpack-related-posts":[{"id":8756,"url":"https:\/\/kotrla.com\/pmpro\/2021\/06\/dvanacta\/","url_meta":{"origin":8821,"position":0},"title":"Dvan\u00e1ct\u00e1","author":"Pavel Kotrla","date":"14.6.2021","format":false,"excerpt":"Tentokr\u00e1t mal\u00e1 publikace region\u00e1ln\u00edho a\u017e lok\u00e1ln\u00edho v\u00fdznamu. V jej\u00edm j\u00e1dru se nach\u00e1z\u00ed korespondence Masarykov\u00fdch \u2013 p\u0159edev\u0161\u00edm Charlotty Garrigue Masarykov\u00e9 \u2013 rodin\u011b Jaro\u0161k\u016f do Vset\u00edna a vzpom\u00ednky \u010dlen\u016f rodiny Jaro\u0161k\u016f. Uspo\u0159\u00e1dal a p\u0159ipravil Ladislav \u0160t\u011bp\u00e1nek. K uveden\u00ed t\u00e9to dvan\u00e1ct\u00e9 knihy m\u00e9ho jednomu\u017en\u00e9ho nakladatelstv\u00ed Klenov dojde 23. 06. 2021 17:00 - 18:30\u2026","rel":"","context":"V \u201eKnihy\u201c","block_context":{"text":"Knihy","link":"https:\/\/kotrla.com\/pmpro\/category\/knihy\/"},"img":{"alt_text":"","src":"https:\/\/i0.wp.com\/kotrla.com\/pmpro\/wp-content\/uploads\/2021\/06\/portret_obalka.jpg?resize=350%2C200&ssl=1","width":350,"height":200,"srcset":"https:\/\/i0.wp.com\/kotrla.com\/pmpro\/wp-content\/uploads\/2021\/06\/portret_obalka.jpg?resize=350%2C200&ssl=1 1x, https:\/\/i0.wp.com\/kotrla.com\/pmpro\/wp-content\/uploads\/2021\/06\/portret_obalka.jpg?resize=525%2C300&ssl=1 1.5x, https:\/\/i0.wp.com\/kotrla.com\/pmpro\/wp-content\/uploads\/2021\/06\/portret_obalka.jpg?resize=700%2C400&ssl=1 2x, https:\/\/i0.wp.com\/kotrla.com\/pmpro\/wp-content\/uploads\/2021\/06\/portret_obalka.jpg?resize=1050%2C600&ssl=1 3x, https:\/\/i0.wp.com\/kotrla.com\/pmpro\/wp-content\/uploads\/2021\/06\/portret_obalka.jpg?resize=1400%2C800&ssl=1 4x"},"classes":[]},{"id":14162,"url":"https:\/\/kotrla.com\/pmpro\/2026\/02\/knihy-ve-stinu-klenova\/","url_meta":{"origin":8821,"position":1},"title":"Knihy ve st\u00ednu Klenova","author":"Pavel Kotrla","date":"26.2.2026","format":false,"excerpt":"Pokud budete cht\u00edt, m\u016f\u017eeme se potkat v knihovn\u011b. (Akci najdete tak\u00e9 na FB.) Liter\u00e1rn\u00ed ve\u010der v\u011bnovan\u00fd titul\u016fm nakladatelstv\u00ed Klenov \u010dtvrtek 19. b\u0159ezna v 17 H, spole\u010densk\u00fd s\u00e1l knihovny, Doln\u00ed n\u00e1m\u011bst\u00ed Vset\u00edn, Masarykova ve\u0159ejn\u00e1 knihovna Setk\u00e1n\u00ed s literaturou, kter\u00e1 nesp\u011bch\u00e1 a nezmiz\u00ed s posledn\u00ed str\u00e1nkou. Zveme v\u00e1s na ve\u010der s knihami\u2026","rel":"","context":"V \u201eKnihy\u201c","block_context":{"text":"Knihy","link":"https:\/\/kotrla.com\/pmpro\/category\/knihy\/"},"img":{"alt_text":"","src":"https:\/\/i0.wp.com\/kotrla.com\/pmpro\/wp-content\/uploads\/2026\/02\/643426563_1370170491819157_5951069268147829471_n.jpg?resize=350%2C200&ssl=1","width":350,"height":200,"srcset":"https:\/\/i0.wp.com\/kotrla.com\/pmpro\/wp-content\/uploads\/2026\/02\/643426563_1370170491819157_5951069268147829471_n.jpg?resize=350%2C200&ssl=1 1x, https:\/\/i0.wp.com\/kotrla.com\/pmpro\/wp-content\/uploads\/2026\/02\/643426563_1370170491819157_5951069268147829471_n.jpg?resize=525%2C300&ssl=1 1.5x, https:\/\/i0.wp.com\/kotrla.com\/pmpro\/wp-content\/uploads\/2026\/02\/643426563_1370170491819157_5951069268147829471_n.jpg?resize=700%2C400&ssl=1 2x, https:\/\/i0.wp.com\/kotrla.com\/pmpro\/wp-content\/uploads\/2026\/02\/643426563_1370170491819157_5951069268147829471_n.jpg?resize=1050%2C600&ssl=1 3x"},"classes":[]},{"id":12900,"url":"https:\/\/kotrla.com\/pmpro\/2025\/06\/fotografie-z-vecirku-nakladatelstvi-klenov\/","url_meta":{"origin":8821,"position":2},"title":"Fotografie z ve\u010d\u00edrku nakladatelstv\u00ed Klenov","author":"Pavel Kotrla","date":"10.6.2025","format":false,"excerpt":"Fotografie z ve\u010d\u00edrku Klenova 5. 6. 2024 na Vset\u00edn\u011b, z autorsk\u00fdch \u010dten\u00ed, z uveden\u00ed nov\u00fdch knih, a t\u00e9\u017e z jedn\u00e9 oslavy narozenin. P\u0159\u00e1tel\u00e9, \u017ee bude a\u017e tak narv\u00e1no jsem netu\u0161il. D\u00edky v\u00e1m v\u0161em, co jste p\u0159i\u0161li! A je\u0161t\u011b jednou d\u00edky Hance \u0160karpov\u00e9, kter\u00e1 pro n\u00e1s bistro na Pan\u010dav\u011b po \u0161esti\u2026","rel":"","context":"V \u201eFotografie\u201c","block_context":{"text":"Fotografie","link":"https:\/\/kotrla.com\/pmpro\/category\/fotografie\/"},"img":{"alt_text":"","src":"https:\/\/i0.wp.com\/kotrla.com\/pmpro\/wp-content\/uploads\/2025\/06\/vecirek_klenova_IMGP7648-150x150.jpg?resize=350%2C200&ssl=1","width":350,"height":200,"srcset":"https:\/\/i0.wp.com\/kotrla.com\/pmpro\/wp-content\/uploads\/2025\/06\/vecirek_klenova_IMGP7648-150x150.jpg?resize=350%2C200&ssl=1 1x, https:\/\/i0.wp.com\/kotrla.com\/pmpro\/wp-content\/uploads\/2025\/06\/vecirek_klenova_IMGP7648-150x150.jpg?resize=525%2C300&ssl=1 1.5x, https:\/\/i0.wp.com\/kotrla.com\/pmpro\/wp-content\/uploads\/2025\/06\/vecirek_klenova_IMGP7648-150x150.jpg?resize=700%2C400&ssl=1 2x, https:\/\/i0.wp.com\/kotrla.com\/pmpro\/wp-content\/uploads\/2025\/06\/vecirek_klenova_IMGP7648-150x150.jpg?resize=1050%2C600&ssl=1 3x, https:\/\/i0.wp.com\/kotrla.com\/pmpro\/wp-content\/uploads\/2025\/06\/vecirek_klenova_IMGP7648-150x150.jpg?resize=1400%2C800&ssl=1 4x"},"classes":[]},{"id":9741,"url":"https:\/\/kotrla.com\/pmpro\/2022\/07\/letni-cteni-na-strese-knihovny-s-lidou-a-sasou-rasilovovymi\/","url_meta":{"origin":8821,"position":3},"title":"Letn\u00ed \u010dten\u00ed na st\u0159e\u0161e knihovny s L\u00eddou a Sa\u0161ou Ra\u0161ilovov\u00fdmi","author":"Pavel Kotrla","date":"25.7.2022","format":false,"excerpt":"30. srpna v 17.00 se po roce se zas m\u016f\u017eeme potkat na terase na st\u0159e\u0161e vset\u00ednsk\u00e9 knihovny. Op\u011bt si dovol\u00edm prov\u00e9st v\u00e1s po\u0159adem a texty. P\u0159ij\u010fte se zaposlouchat do vybran\u00fdch letn\u00edch text\u016f a hudby na netradi\u010dn\u00edm m\u00edst\u011b\u2026\u00a0 Hlavn\u00ed host\u00e9: L\u00edda a Sa\u0161a Ra\u0161ilov. \u010c\u00edst budou i vset\u00edn\u0161t\u00ed divadeln\u00edci a knihovn\u00edci.\u2026","rel":"","context":"V \u201eLiteratura\u201c","block_context":{"text":"Literatura","link":"https:\/\/kotrla.com\/pmpro\/category\/literatura\/"},"img":{"alt_text":"","src":"https:\/\/i0.wp.com\/kotrla.com\/pmpro\/wp-content\/uploads\/2022\/07\/cteni_na_strese_pozvanka_2022-2.jpg?resize=350%2C200&ssl=1","width":350,"height":200,"srcset":"https:\/\/i0.wp.com\/kotrla.com\/pmpro\/wp-content\/uploads\/2022\/07\/cteni_na_strese_pozvanka_2022-2.jpg?resize=350%2C200&ssl=1 1x, https:\/\/i0.wp.com\/kotrla.com\/pmpro\/wp-content\/uploads\/2022\/07\/cteni_na_strese_pozvanka_2022-2.jpg?resize=525%2C300&ssl=1 1.5x, https:\/\/i0.wp.com\/kotrla.com\/pmpro\/wp-content\/uploads\/2022\/07\/cteni_na_strese_pozvanka_2022-2.jpg?resize=700%2C400&ssl=1 2x, https:\/\/i0.wp.com\/kotrla.com\/pmpro\/wp-content\/uploads\/2022\/07\/cteni_na_strese_pozvanka_2022-2.jpg?resize=1050%2C600&ssl=1 3x"},"classes":[]},{"id":12757,"url":"https:\/\/kotrla.com\/pmpro\/2025\/05\/predstavujeme-mala-nakladatelstvi-klenov\/","url_meta":{"origin":8821,"position":4},"title":"P\u0159edstavujeme mal\u00e1 nakladatelstv\u00ed: Klenov","author":"Pavel Kotrla","date":"21.5.2025","format":false,"excerpt":"12. 6. 2025 v 19 hodin, Svatoj\u00e1nsk\u00e1 v\u011b\u017e\/Galerie v\u011b\u017e Fr\u00fddek-M\u00edstek Liter\u00e1rn\u00ed ve\u010der z cyklu P\u0159edstavujeme mal\u00e1 nakladatelstv\u00ed.","rel":"","context":"V \u201eKnihy\u201c","block_context":{"text":"Knihy","link":"https:\/\/kotrla.com\/pmpro\/category\/knihy\/"},"img":{"alt_text":"","src":"https:\/\/i0.wp.com\/kotrla.com\/pmpro\/wp-content\/uploads\/2025\/05\/Kotrla_Plakat_Webs.jpg?resize=350%2C200&ssl=1","width":350,"height":200,"srcset":"https:\/\/i0.wp.com\/kotrla.com\/pmpro\/wp-content\/uploads\/2025\/05\/Kotrla_Plakat_Webs.jpg?resize=350%2C200&ssl=1 1x, https:\/\/i0.wp.com\/kotrla.com\/pmpro\/wp-content\/uploads\/2025\/05\/Kotrla_Plakat_Webs.jpg?resize=525%2C300&ssl=1 1.5x, https:\/\/i0.wp.com\/kotrla.com\/pmpro\/wp-content\/uploads\/2025\/05\/Kotrla_Plakat_Webs.jpg?resize=700%2C400&ssl=1 2x, https:\/\/i0.wp.com\/kotrla.com\/pmpro\/wp-content\/uploads\/2025\/05\/Kotrla_Plakat_Webs.jpg?resize=1050%2C600&ssl=1 3x"},"classes":[]},{"id":3798,"url":"https:\/\/kotrla.com\/pmpro\/2018\/08\/letni-cteni-na-strese-2018\/","url_meta":{"origin":8821,"position":5},"title":"Letn\u00ed \u010dten\u00ed na st\u0159e\u0161e 2018","author":"Pavel Kotrla","date":"20.8.2018","format":false,"excerpt":"Tak pop\u00e1t\u00e9 m\u00e1te mo\u017enost vypravit se na st\u0159echu vset\u00ednsk\u00e9 knihovny a str\u00e1vit podve\u010der ve spole\u010dnosti literatury a hudby. Tentokr\u00e1t se sejdeme 29. 08. 2018 v 17:00.\u00a0\u010c\u00edst budou vset\u00edn\u0161t\u00ed divadeln\u00edci a knihovn\u00edci, o hudebn\u00ed doprovod se postaraj\u00ed Marie Davidov\u00e1 a Ale\u0161 Mrnu\u0161t\u00edk z kapely Noca.\u00a0Minul\u00e9 ro\u010dn\u00edky si m\u016f\u017eete p\u0159ipomenout ve zpr\u00e1v\u011b\u2026","rel":"","context":"V \u201eLiteratura\u201c","block_context":{"text":"Literatura","link":"https:\/\/kotrla.com\/pmpro\/category\/literatura\/"},"img":{"alt_text":"","src":"https:\/\/i0.wp.com\/kotrla.com\/pmpro\/wp-content\/uploads\/2018\/08\/2018-08-29_cteni-na-strese.jpg?resize=350%2C200&ssl=1","width":350,"height":200,"srcset":"https:\/\/i0.wp.com\/kotrla.com\/pmpro\/wp-content\/uploads\/2018\/08\/2018-08-29_cteni-na-strese.jpg?resize=350%2C200&ssl=1 1x, https:\/\/i0.wp.com\/kotrla.com\/pmpro\/wp-content\/uploads\/2018\/08\/2018-08-29_cteni-na-strese.jpg?resize=525%2C300&ssl=1 1.5x, https:\/\/i0.wp.com\/kotrla.com\/pmpro\/wp-content\/uploads\/2018\/08\/2018-08-29_cteni-na-strese.jpg?resize=700%2C400&ssl=1 2x"},"classes":[]}],"jetpack_sharing_enabled":true,"_links":{"self":[{"href":"https:\/\/kotrla.com\/pmpro\/wp-json\/wp\/v2\/posts\/8821","targetHints":{"allow":["GET"]}}],"collection":[{"href":"https:\/\/kotrla.com\/pmpro\/wp-json\/wp\/v2\/posts"}],"about":[{"href":"https:\/\/kotrla.com\/pmpro\/wp-json\/wp\/v2\/types\/post"}],"author":[{"embeddable":true,"href":"https:\/\/kotrla.com\/pmpro\/wp-json\/wp\/v2\/users\/1"}],"replies":[{"embeddable":true,"href":"https:\/\/kotrla.com\/pmpro\/wp-json\/wp\/v2\/comments?post=8821"}],"version-history":[{"count":0,"href":"https:\/\/kotrla.com\/pmpro\/wp-json\/wp\/v2\/posts\/8821\/revisions"}],"wp:attachment":[{"href":"https:\/\/kotrla.com\/pmpro\/wp-json\/wp\/v2\/media?parent=8821"}],"wp:term":[{"taxonomy":"category","embeddable":true,"href":"https:\/\/kotrla.com\/pmpro\/wp-json\/wp\/v2\/categories?post=8821"},{"taxonomy":"post_tag","embeddable":true,"href":"https:\/\/kotrla.com\/pmpro\/wp-json\/wp\/v2\/tags?post=8821"}],"curies":[{"name":"wp","href":"https:\/\/api.w.org\/{rel}","templated":true}]}}