{"id":904,"date":"2004-10-11T08:00:00","date_gmt":"2004-10-11T07:00:00","guid":{"rendered":"http:\/\/kotrla.com\/wordpress\/?p=904"},"modified":"2019-11-20T22:29:18","modified_gmt":"2019-11-20T21:29:18","slug":"kdo-je-autorem-nasledujicich-versu-58","status":"publish","type":"post","link":"https:\/\/kotrla.com\/pmpro\/2004\/10\/kdo-je-autorem-nasledujicich-versu-58\/","title":{"rendered":"Kdo je autorem n\u00e1sleduj\u00edc\u00edch ver\u0161\u016f? (58)"},"content":{"rendered":"<p>Je pond\u011bl\u00ed, ach! Tady m\u00e1te ot\u00e1zku: <i>Kdo je autorem n\u00e1sleduj\u00edc\u00edho textu?<\/i><\/p>\n<p><b>po\u0159\u00e1d p\u00ed\u0161u<\/b><\/p>\n<p>m\u00e1m skv\u011bl\u00fd kalhoty<br \/>\nv\u016fbec sem skv\u011blej<br \/>\nka\u017edej to \u0159\u00edk\u00e1<\/p>\n<p>moje milenka se na m\u011b v\u0161ude vypt\u00e1v\u00e1<br \/>\nje\u0161t\u011b se moc nezn\u00e1me<br \/>\na v\u0161ude m\u011b chv\u00e1lej<\/p>\n<p>produkuju kila p\u0159\u00ed\u0161ern\u00fdho psan\u00ed<br \/>\nv\u0161e to p\u00e1l\u00edm v okam\u017een\u00ed<br \/>\nvypiju 14 piv kdy\u017e chci<br \/>\na 6 kdy\u017e nechci \u017e\u00e1dn\u00fd<br \/>\nsem stra\u0161n\u011b citlivej ale tvrdej<\/p>\n<p>b\u016fh Mars na m\u011b k\u00fdve z m\u00fdho<br \/>\nlev\u00fdho svalu miloval sem<br \/>\nnep\u0159\u00ed\u010detnou \u017eenu<\/p>\n<p>stejn\u011b se ob\u011bs\u00edm nejsem katol\u00edk<br \/>\nnejsem terorista nejsem pravej<br \/>\nani levej sem prost\u011b ten pravej<br \/>\nka\u017edej to \u0159\u00edk\u00e1 stejn\u011b sem nalezenec<\/p>\n<p>B\u016fh na m\u011b koul\u00ed prav\u00fdm okem boj\u00edm se<br \/>\na je\u0161t\u011b nechci chc\u00edpnout<br \/>\na tak po\u0159\u00e1d p\u00ed\u0161u<\/p>\n","protected":false},"excerpt":{"rendered":"<p>Je pond\u011bl\u00ed, ach! Tady m\u00e1te ot\u00e1zku: Kdo je autorem n\u00e1sleduj\u00edc\u00edho textu? po\u0159\u00e1d p\u00ed\u0161u m\u00e1m skv\u011bl\u00fd kalhoty v\u016fbec sem skv\u011blej ka\u017edej to \u0159\u00edk\u00e1 moje milenka se na m\u011b v\u0161ude vypt\u00e1v\u00e1 je\u0161t\u011b se moc nezn\u00e1me a v\u0161ude m\u011b chv\u00e1lej produkuju kila p\u0159\u00ed\u0161ern\u00fdho psan\u00ed v\u0161e to p\u00e1l\u00edm v okam\u017een\u00ed vypiju 14 piv kdy\u017e chci a 6 kdy\u017e nechci [&hellip;]<\/p>\n","protected":false},"author":1,"featured_media":0,"comment_status":"open","ping_status":"open","sticky":false,"template":"","format":"standard","meta":{"site-sidebar-layout":"default","site-content-layout":"","ast-site-content-layout":"default","site-content-style":"default","site-sidebar-style":"default","ast-global-header-display":"","ast-banner-title-visibility":"","ast-main-header-display":"","ast-hfb-above-header-display":"","ast-hfb-below-header-display":"","ast-hfb-mobile-header-display":"","site-post-title":"","ast-breadcrumbs-content":"","ast-featured-img":"","footer-sml-layout":"","ast-disable-related-posts":"","theme-transparent-header-meta":"","adv-header-id-meta":"","stick-header-meta":"","header-above-stick-meta":"","header-main-stick-meta":"","header-below-stick-meta":"","astra-migrate-meta-layouts":"default","ast-page-background-enabled":"default","ast-page-background-meta":{"desktop":{"background-color":"var(--ast-global-color-5)","background-image":"","background-repeat":"repeat","background-position":"center center","background-size":"auto","background-attachment":"scroll","background-type":"","background-media":"","overlay-type":"","overlay-color":"","overlay-opacity":"","overlay-gradient":""},"tablet":{"background-color":"","background-image":"","background-repeat":"repeat","background-position":"center center","background-size":"auto","background-attachment":"scroll","background-type":"","background-media":"","overlay-type":"","overlay-color":"","overlay-opacity":"","overlay-gradient":""},"mobile":{"background-color":"","background-image":"","background-repeat":"repeat","background-position":"center center","background-size":"auto","background-attachment":"scroll","background-type":"","background-media":"","overlay-type":"","overlay-color":"","overlay-opacity":"","overlay-gradient":""}},"ast-content-background-meta":{"desktop":{"background-color":"var(--ast-global-color-4)","background-image":"","background-repeat":"repeat","background-position":"center center","background-size":"auto","background-attachment":"scroll","background-type":"","background-media":"","overlay-type":"","overlay-color":"","overlay-opacity":"","overlay-gradient":""},"tablet":{"background-color":"var(--ast-global-color-4)","background-image":"","background-repeat":"repeat","background-position":"center center","background-size":"auto","background-attachment":"scroll","background-type":"","background-media":"","overlay-type":"","overlay-color":"","overlay-opacity":"","overlay-gradient":""},"mobile":{"background-color":"var(--ast-global-color-4)","background-image":"","background-repeat":"repeat","background-position":"center center","background-size":"auto","background-attachment":"scroll","background-type":"","background-media":"","overlay-type":"","overlay-color":"","overlay-opacity":"","overlay-gradient":""}},"jetpack_post_was_ever_published":false,"_jetpack_newsletter_access":"","_jetpack_dont_email_post_to_subs":false,"_jetpack_newsletter_tier_id":0,"_jetpack_memberships_contains_paywalled_content":false,"_jetpack_memberships_contains_paid_content":false,"footnotes":""},"categories":[17],"tags":[],"class_list":["post-904","post","type-post","status-publish","format-standard","hentry","category-kdo-je-autorem"],"jetpack_featured_media_url":"","jetpack_shortlink":"https:\/\/wp.me\/p4mLP7-eA","jetpack-related-posts":[{"id":1202,"url":"https:\/\/kotrla.com\/pmpro\/2003\/10\/kdo-je-autorem-nasledujicich-versu-10\/","url_meta":{"origin":904,"position":0},"title":"Kdo je autorem n\u00e1sleduj\u00edc\u00edch ver\u0161\u016f? (10)","author":"Pavel Kotrla","date":"7.10.2003","format":false,"excerpt":"Je\u0161t\u011b st\u00e1le tu nejsem. :-) Ale pro povahy hr\u00e1\u010dsk\u00e9 tu m\u00e1me dal\u0161\u00ed h\u00e1dane\u010dku. To jsem zv\u011bdav. Autor nen\u00ed za b\u00e1sn\u00edka p\u0159\u00edli\u0161 pova\u017eov\u00e1n. Aspo\u0148 v\u011bt\u0161ina u\u010debnic o t\u00e9to skute\u010dnosti ml\u010d\u00ed. Uvid\u00edme, jak se s t\u00edm poperete. Ot\u00e1zka z\u016fst\u00e1v\u00e1 st\u00e1le stejn\u00e1: Kdo je autorem n\u00e1sleduj\u00edc\u00edch ver\u0161\u016f? \u010cernej pad\u00e1k Kdo nem\u00e1 kam se\u2026","rel":"","context":"V \u201eKdo je autorem?\u201c","block_context":{"text":"Kdo je autorem?","link":"https:\/\/kotrla.com\/pmpro\/category\/kdo-je-autorem\/"},"img":{"alt_text":"","src":"","width":0,"height":0},"classes":[]},{"id":752,"url":"https:\/\/kotrla.com\/pmpro\/2005\/05\/kdo-je-autorem-nasledujicich-versu-91\/","url_meta":{"origin":904,"position":1},"title":"Kdo je autorem n\u00e1sleduj\u00edc\u00edch ver\u0161\u016f? (91)","author":"Pavel Kotrla","date":"30.5.2005","format":false,"excerpt":"P\u0159i \u010dek\u00e1n\u00ed na d\u00e9\u0161\u0165, teda tam, kde je\u0161t\u011b nebyl, snad pot\u011b\u0161\u00ed trocha ciz\u00edho ne\u0161t\u011bst\u00ed. Kdopak je autorem n\u00e1sleduj\u00edc\u00edho textu? P\u00cdSE\u0147 O MARN\u00c9 TOUZE Maje nohy v lav\u00f3\u0159e mus\u00edm myslet na m\u00f3\u0159e, kter\u00e9 jsem nikdy nevid\u011bl: Z pohlednic z\u00e1\u0159\u00ed tu ultramar\u00edn blankytu, za n\u011bj\u017e by se mal\u00ed\u0159 nestyd\u011bl. M\u00edv\u00e1 pro mne\u2026","rel":"","context":"V \u201eKdo je autorem?\u201c","block_context":{"text":"Kdo je autorem?","link":"https:\/\/kotrla.com\/pmpro\/category\/kdo-je-autorem\/"},"img":{"alt_text":"","src":"","width":0,"height":0},"classes":[]},{"id":331,"url":"https:\/\/kotrla.com\/pmpro\/2008\/08\/kdo-je-autorem-nasledujicich-versu-115\/","url_meta":{"origin":904,"position":2},"title":"Kdo je autorem n\u00e1sleduj\u00edc\u00edch ver\u0161\u016f? (115)","author":"Pavel Kotrla","date":"19.8.2008","format":false,"excerpt":"Tak v t\u00e9to rubrice jsem naposledy zve\u0159ejnil n\u011bco p\u0159ed rokem a p\u016fl. Ne, \u017ee bych za dobu \u017e\u00e1dnou poezii ne\u010detl, nebo ji zcela zanedb\u00e1val. Pravda, mo\u017en\u00e1 ji u\u017e nen\u00ed tolik, jako kdysi. Ale dnes ale dostal jsem sb\u00edrku, na kterou jsem se t\u011b\u0161il. Von\u00ed novotou. St\u0159\u00eddm\u00e1 \u00faprava, st\u0159\u00eddm\u00e9 proveden\u00ed. Tak\u017ee\u2026","rel":"","context":"V \u201eKdo je autorem?\u201c","block_context":{"text":"Kdo je autorem?","link":"https:\/\/kotrla.com\/pmpro\/category\/kdo-je-autorem\/"},"img":{"alt_text":"","src":"","width":0,"height":0},"classes":[]},{"id":883,"url":"https:\/\/kotrla.com\/pmpro\/2004\/11\/kdo-je-autorem-nasledujicich-versu-63\/","url_meta":{"origin":904,"position":3},"title":"Kdo je autorem n\u00e1sleduj\u00edc\u00edch ver\u0161\u016f? (63)","author":"Pavel Kotrla","date":"15.11.2004","format":false,"excerpt":"Kdopak je autorem n\u00e1sleduj\u00edc\u00ed b\u00e1sn\u011b? Jenom rovnou uv\u00e1d\u00edm, \u017ee se jedn\u00e1 o p\u0159eklad z pera Vladim\u00edra Holana. Leda Kdy\u017e b\u016fh ji stih v sv\u00e9 t\u00edsni, t\u00e9m\u011b\u0159 lek se, shledal labu\u0165 v kr\u00e1se toliker\u00e9; zmaten\u00fd zcela zmizet v n\u00ed se bere. Le\u010d podvod k \u010dinu nes jej ji\u017e a vlek, d\u0159\u00edv\u2026","rel":"","context":"V \u201eKdo je autorem?\u201c","block_context":{"text":"Kdo je autorem?","link":"https:\/\/kotrla.com\/pmpro\/category\/kdo-je-autorem\/"},"img":{"alt_text":"","src":"","width":0,"height":0},"classes":[]},{"id":838,"url":"https:\/\/kotrla.com\/pmpro\/2005\/01\/kdo-je-autorem-nasledujicich-versu-72\/","url_meta":{"origin":904,"position":4},"title":"Kdo je autorem n\u00e1sleduj\u00edc\u00edch ver\u0161\u016f? (72)","author":"Pavel Kotrla","date":"17.1.2005","format":false,"excerpt":"N\u00e1pov\u011bda pro pond\u011bln\u00ed ot\u00e1zku se dnes skr\u00fdv\u00e1 p\u0159\u00edmo v textu b\u00e1sn\u011b. Kdo ji napsal? V T\u0158IAT\u0158IC\u00c1TEM ROCE SV\u00c9HO V\u011aKU nau\u010dil jsem se pou\u017e\u00edvat zub\u016f p\u0159i pr\u00e1ci, v kamenn\u00e9 v\u011b\u017ei \u010dtvrt\u00fd m\u011bs\u00edc pozoruji po\u010das\u00ed zat\u00edn\u00e1m zuby kdy\u017e po z\u00e1padu slunce na ochozu m\u011bn\u00edm prop\u00e1lenou slune\u010dn\u00ed p\u00e1sku kdy\u017e v\u00edtr \/dnes osm\u00fd stupe\u0148\u2026","rel":"","context":"V \u201eKdo je autorem?\u201c","block_context":{"text":"Kdo je autorem?","link":"https:\/\/kotrla.com\/pmpro\/category\/kdo-je-autorem\/"},"img":{"alt_text":"","src":"","width":0,"height":0},"classes":[]},{"id":678,"url":"https:\/\/kotrla.com\/pmpro\/2005\/09\/kdo-je-autorem-nasledujicich-versu-108\/","url_meta":{"origin":904,"position":5},"title":"Kdo je autorem n\u00e1sleduj\u00edc\u00edch ver\u0161\u016f? (108)","author":"Pavel Kotrla","date":"26.9.2005","format":false,"excerpt":"pro st\u00e1le del\u0161\u00ed noci pond\u011bln\u00ed h\u00e1danka: ST\u00cdN Tak ti\u0161e jako po sametu jde st\u00e1le za mnou mihotav\u00fd st\u00edn \u2013 ulic\u00ed, sadem pln\u00fdm vonn\u00fdch kv\u011bt\u016f a v str\u00e1ni za mnou vnik\u00e1 do k\u0159ovin. To nech\u00e1pu, jak st\u00edn je vytrval\u00fd, on neopust\u00ed mne snad nikdy ji\u017e; jde st\u00e1le za mnou, jak bychom\u2026","rel":"","context":"V \u201eKdo je autorem?\u201c","block_context":{"text":"Kdo je autorem?","link":"https:\/\/kotrla.com\/pmpro\/category\/kdo-je-autorem\/"},"img":{"alt_text":"","src":"","width":0,"height":0},"classes":[]}],"jetpack_sharing_enabled":true,"_links":{"self":[{"href":"https:\/\/kotrla.com\/pmpro\/wp-json\/wp\/v2\/posts\/904","targetHints":{"allow":["GET"]}}],"collection":[{"href":"https:\/\/kotrla.com\/pmpro\/wp-json\/wp\/v2\/posts"}],"about":[{"href":"https:\/\/kotrla.com\/pmpro\/wp-json\/wp\/v2\/types\/post"}],"author":[{"embeddable":true,"href":"https:\/\/kotrla.com\/pmpro\/wp-json\/wp\/v2\/users\/1"}],"replies":[{"embeddable":true,"href":"https:\/\/kotrla.com\/pmpro\/wp-json\/wp\/v2\/comments?post=904"}],"version-history":[{"count":0,"href":"https:\/\/kotrla.com\/pmpro\/wp-json\/wp\/v2\/posts\/904\/revisions"}],"wp:attachment":[{"href":"https:\/\/kotrla.com\/pmpro\/wp-json\/wp\/v2\/media?parent=904"}],"wp:term":[{"taxonomy":"category","embeddable":true,"href":"https:\/\/kotrla.com\/pmpro\/wp-json\/wp\/v2\/categories?post=904"},{"taxonomy":"post_tag","embeddable":true,"href":"https:\/\/kotrla.com\/pmpro\/wp-json\/wp\/v2\/tags?post=904"}],"curies":[{"name":"wp","href":"https:\/\/api.w.org\/{rel}","templated":true}]}}