{"id":925,"date":"2004-09-05T20:26:28","date_gmt":"2004-09-05T19:26:28","guid":{"rendered":"http:\/\/kotrla.com\/wordpress\/?p=925"},"modified":"2019-11-20T22:29:20","modified_gmt":"2019-11-20T21:29:20","slug":"nekompletni-sestava","status":"publish","type":"post","link":"https:\/\/kotrla.com\/pmpro\/2004\/09\/nekompletni-sestava\/","title":{"rendered":"Nekompletn\u00ed sestava"},"content":{"rendered":"<p><img loading=\"lazy\" decoding=\"async\" src=\"https:\/\/kotrla.com\/pmpro\/images\/uploads\/nekompletnisestava.jpg\" border=\"0\" alt=\"Nekompletn\u00ed sestava\" name=\"image\" width=\"420\" height=\"315\" \/> <\/p>\n<p>N\u011bkte\u0159\u00ed z absolvent\u016f na\u0161eho <a href=\"http:\/\/prekladatelskytabor.kotrla.com\">p\u0159ekladatelsk\u00e9ho t\u00e1bora<\/a>.<\/p>\n","protected":false},"excerpt":{"rendered":"<p>N\u011bkte\u0159\u00ed z absolvent\u016f na\u0161eho p\u0159ekladatelsk\u00e9ho t\u00e1bora.<\/p>\n","protected":false},"author":1,"featured_media":0,"comment_status":"open","ping_status":"open","sticky":false,"template":"","format":"standard","meta":{"site-sidebar-layout":"default","site-content-layout":"","ast-site-content-layout":"default","site-content-style":"default","site-sidebar-style":"default","ast-global-header-display":"","ast-banner-title-visibility":"","ast-main-header-display":"","ast-hfb-above-header-display":"","ast-hfb-below-header-display":"","ast-hfb-mobile-header-display":"","site-post-title":"","ast-breadcrumbs-content":"","ast-featured-img":"","footer-sml-layout":"","ast-disable-related-posts":"","theme-transparent-header-meta":"","adv-header-id-meta":"","stick-header-meta":"","header-above-stick-meta":"","header-main-stick-meta":"","header-below-stick-meta":"","astra-migrate-meta-layouts":"default","ast-page-background-enabled":"default","ast-page-background-meta":{"desktop":{"background-color":"var(--ast-global-color-5)","background-image":"","background-repeat":"repeat","background-position":"center center","background-size":"auto","background-attachment":"scroll","background-type":"","background-media":"","overlay-type":"","overlay-color":"","overlay-opacity":"","overlay-gradient":""},"tablet":{"background-color":"","background-image":"","background-repeat":"repeat","background-position":"center center","background-size":"auto","background-attachment":"scroll","background-type":"","background-media":"","overlay-type":"","overlay-color":"","overlay-opacity":"","overlay-gradient":""},"mobile":{"background-color":"","background-image":"","background-repeat":"repeat","background-position":"center center","background-size":"auto","background-attachment":"scroll","background-type":"","background-media":"","overlay-type":"","overlay-color":"","overlay-opacity":"","overlay-gradient":""}},"ast-content-background-meta":{"desktop":{"background-color":"var(--ast-global-color-4)","background-image":"","background-repeat":"repeat","background-position":"center center","background-size":"auto","background-attachment":"scroll","background-type":"","background-media":"","overlay-type":"","overlay-color":"","overlay-opacity":"","overlay-gradient":""},"tablet":{"background-color":"var(--ast-global-color-4)","background-image":"","background-repeat":"repeat","background-position":"center center","background-size":"auto","background-attachment":"scroll","background-type":"","background-media":"","overlay-type":"","overlay-color":"","overlay-opacity":"","overlay-gradient":""},"mobile":{"background-color":"var(--ast-global-color-4)","background-image":"","background-repeat":"repeat","background-position":"center center","background-size":"auto","background-attachment":"scroll","background-type":"","background-media":"","overlay-type":"","overlay-color":"","overlay-opacity":"","overlay-gradient":""}},"jetpack_post_was_ever_published":false,"_jetpack_newsletter_access":"","_jetpack_dont_email_post_to_subs":false,"_jetpack_newsletter_tier_id":0,"_jetpack_memberships_contains_paywalled_content":false,"_jetpack_memberships_contains_paid_content":false,"footnotes":""},"categories":[1],"tags":[],"class_list":["post-925","post","type-post","status-publish","format-standard","hentry","category-nezarazene"],"jetpack_featured_media_url":"","jetpack_shortlink":"https:\/\/wp.me\/p4mLP7-eV","jetpack-related-posts":[{"id":922,"url":"https:\/\/kotrla.com\/pmpro\/2004\/09\/fotografie-z-1-rocniku-prekladatelskeho-tabora\/","url_meta":{"origin":925,"position":0},"title":"Fotografie z 1. ro\u010dn\u00edku p\u0159ekladatelsk\u00e9ho t\u00e1bora","author":"Pavel Kotrla","date":"12.9.2004","format":false,"excerpt":"Mal\u00e1 fotogalerie: ZDE.","rel":"","context":"V \u201eNeza\u0159azen\u00e9\u201c","block_context":{"text":"Neza\u0159azen\u00e9","link":"https:\/\/kotrla.com\/pmpro\/category\/nezarazene\/"},"img":{"alt_text":"","src":"","width":0,"height":0},"classes":[]},{"id":685,"url":"https:\/\/kotrla.com\/pmpro\/2005\/09\/fotografie-z-ii-rocniku-prekladatelskeho-tabora\/","url_meta":{"origin":925,"position":1},"title":"Fotografie z II. ro\u010dn\u00edku p\u0159ekladatelsk\u00e9ho t\u00e1bora","author":"Pavel Kotrla","date":"11.9.2005","format":false,"excerpt":"Fotografie najdete zde: http:\/\/prekladatelskytabor.kotrla.com\/2005_fotografie.php","rel":"","context":"V \u201eNeza\u0159azen\u00e9\u201c","block_context":{"text":"Neza\u0159azen\u00e9","link":"https:\/\/kotrla.com\/pmpro\/category\/nezarazene\/"},"img":{"alt_text":"2. st\u0159edoevropsk\u00fd p\u0159ekladatelsk\u00fd t\u00e1bor","src":"https:\/\/i0.wp.com\/kotrla.com\/pmpro\/images\/uploads\/tabor_2005.jpg?resize=350%2C200&ssl=1","width":350,"height":200},"classes":[]},{"id":928,"url":"https:\/\/kotrla.com\/pmpro\/2004\/08\/jsme-prekladani\/","url_meta":{"origin":925,"position":2},"title":"Jsme p\u0159ekl\u00e1d\u00e1ni?","author":"Pavel Kotrla","date":"30.8.2004","format":false,"excerpt":"D\u00edky statistice m\u00e9 dom\u00e9ny (p\u00e1tral po n\u00e1v\u0161t\u011bvn\u00edc\u00edch str\u00e1nky p\u0159ekladatelsk\u00e9ho t\u00e1bora) jsem zjistil, \u017ee n\u011bkte\u0159\u00ed p\u0159ich\u00e1zej\u00ed z jednoho f\u00f3ra Totemu. Diskutuje se zde o tom, zda jsou \u010de\u0161t\u00ed auto\u0159i zn\u00e1m\u00ed ve sv\u011bt\u011b, nebo ne. Z\u00e1v\u011bry polemiky sice vyzn\u00edvaj\u00ed zat\u00edm tak trochu do pr\u00e1zdna, ale za p\u0159e\u010dten\u00ed stoj\u00ed. Kupodivu nikde se v\u2026","rel":"","context":"V \u201eNeza\u0159azen\u00e9\u201c","block_context":{"text":"Neza\u0159azen\u00e9","link":"https:\/\/kotrla.com\/pmpro\/category\/nezarazene\/"},"img":{"alt_text":"","src":"","width":0,"height":0},"classes":[]},{"id":907,"url":"https:\/\/kotrla.com\/pmpro\/2004\/10\/aktualizace-stranek-prekladatelskeho-tabora\/","url_meta":{"origin":925,"position":3},"title":"Aktualizace str\u00e1nek p\u0159ekladatelsk\u00e9ho t\u00e1bora","author":"Pavel Kotrla","date":"6.10.2004","format":false,"excerpt":"Nov\u011b: Prvn\u00ed (doru\u010den\u00e9) p\u0159eklady \u00fa\u010dastn\u00edk\u016f Z p\u0159edn\u00e1\u0161ek Chystaj\u00ed se dal\u0161\u00ed fotky.","rel":"","context":"V \u201eNeza\u0159azen\u00e9\u201c","block_context":{"text":"Neza\u0159azen\u00e9","link":"https:\/\/kotrla.com\/pmpro\/category\/nezarazene\/"},"img":{"alt_text":"","src":"","width":0,"height":0},"classes":[]},{"id":122,"url":"https:\/\/kotrla.com\/pmpro\/2011\/12\/preklady-z-tabora-2011\/","url_meta":{"origin":925,"position":4},"title":"P\u0159eklady z t\u00e1bora 2011","author":"Pavel Kotrla","date":"27.12.2011","format":false,"excerpt":"P\u0159edchoz\u00ed p\u0159\u00edsp\u011bvek mi p\u0159ipomenul jeden rest. \u00da\u010dastn\u00edci na\u0161eho p\u0159ekladatelsk\u00e9ho t\u00e1bora se tr\u00e1pili s pr\u00f3zami Poh\u00e1dka Bohuslava Reynka a Denatur Jana Balab\u00e1na. Tak\u017ee kone\u010dn\u011b. \u010c\u00e1st p\u0159eklad\u016f \u00fa\u010dastn\u00edk\u016f je k nalezen\u00ed na adrese: http:\/\/prekladatelskytabor.kotrla.com\/2011_prace.php","rel":"","context":"V \u201eLiteratura\u201c","block_context":{"text":"Literatura","link":"https:\/\/kotrla.com\/pmpro\/category\/literatura\/"},"img":{"alt_text":"","src":"","width":0,"height":0},"classes":[]},{"id":770,"url":"https:\/\/kotrla.com\/pmpro\/2005\/04\/stredoevropsky-prekladatelsky-tabor-2005\/","url_meta":{"origin":925,"position":5},"title":"St\u0159edoevropsk\u00fd p\u0159ekladatelsk\u00fd t\u00e1bor 2005","author":"Pavel Kotrla","date":"27.4.2005","format":false,"excerpt":"Aspo\u0148 \u010d\u00e1ste\u010dn\u011b jsem aktualizoval str\u00e1nky na\u0161eho p\u0159ekladatelsk\u00e9ho t\u00e1bora, kter\u00fd se bude konat i letos. Hl\u00e1s\u00ed se nejenom nov\u00ed z\u00e1jemci, ale i lon\u0161t\u00ed \u00fa\u010dastn\u00edci. V\u00edce informac\u00ed o t\u00e9to akci na podporu nejenom \u010desk\u00e9 literatury najdete na str\u00e1nk\u00e1ch http:\/\/prekladatelskytabor.kotrla.com\/. V dohledn\u00e9 dob\u011b budou dopln\u011bny o dal\u0161\u00ed informace.","rel":"","context":"V \u201eNeza\u0159azen\u00e9\u201c","block_context":{"text":"Neza\u0159azen\u00e9","link":"https:\/\/kotrla.com\/pmpro\/category\/nezarazene\/"},"img":{"alt_text":"","src":"","width":0,"height":0},"classes":[]}],"jetpack_sharing_enabled":true,"_links":{"self":[{"href":"https:\/\/kotrla.com\/pmpro\/wp-json\/wp\/v2\/posts\/925","targetHints":{"allow":["GET"]}}],"collection":[{"href":"https:\/\/kotrla.com\/pmpro\/wp-json\/wp\/v2\/posts"}],"about":[{"href":"https:\/\/kotrla.com\/pmpro\/wp-json\/wp\/v2\/types\/post"}],"author":[{"embeddable":true,"href":"https:\/\/kotrla.com\/pmpro\/wp-json\/wp\/v2\/users\/1"}],"replies":[{"embeddable":true,"href":"https:\/\/kotrla.com\/pmpro\/wp-json\/wp\/v2\/comments?post=925"}],"version-history":[{"count":0,"href":"https:\/\/kotrla.com\/pmpro\/wp-json\/wp\/v2\/posts\/925\/revisions"}],"wp:attachment":[{"href":"https:\/\/kotrla.com\/pmpro\/wp-json\/wp\/v2\/media?parent=925"}],"wp:term":[{"taxonomy":"category","embeddable":true,"href":"https:\/\/kotrla.com\/pmpro\/wp-json\/wp\/v2\/categories?post=925"},{"taxonomy":"post_tag","embeddable":true,"href":"https:\/\/kotrla.com\/pmpro\/wp-json\/wp\/v2\/tags?post=925"}],"curies":[{"name":"wp","href":"https:\/\/api.w.org\/{rel}","templated":true}]}}