{"id":926,"date":"2004-09-05T19:56:00","date_gmt":"2004-09-05T18:56:00","guid":{"rendered":"http:\/\/kotrla.com\/wordpress\/?p=926"},"modified":"2019-11-20T22:29:20","modified_gmt":"2019-11-20T21:29:20","slug":"stari-dobri-karel-hlavacek-liv","status":"publish","type":"post","link":"https:\/\/kotrla.com\/pmpro\/2004\/09\/stari-dobri-karel-hlavacek-liv\/","title":{"rendered":"STA\u0158\u00cd DOB\u0158\u00cd: Karel Hlav\u00e1\u010dek (LIV.)"},"content":{"rendered":"<p>(Praha: 1874 &#8211; 1898)<\/p>\n<p><b>Z\u00e1hada<\/b><\/p>\n<p>A\u010d pozd\u011b v noci na n\u00e1m\u011bst\u00ed, u\u0161l\u00ed, dorazili &#8211;<br \/>\nt\u0159i poutn\u00edci &#8211;, p\u0159ec navz\u00e1jem se ml\u010dky pozdravili.<br \/>\n*<br \/>\nA z n\u00e1m\u011bst\u00ed do \u00fazk\u00fdch ulic sp\u011b\u0161n\u011b vyb\u00edhali,<br \/>\na v\u00edc, ne\u017e <i>dneska p\u0159ijde-li<\/i>, si pt\u00e1t se netroufali.<br \/>\n*<br \/>\nA k r\u00e1nu ani t\u00e1zav\u011b na sebe nepohl\u00e9dli,<br \/>\nkdy\u017e <i>je\u0161t\u011b<\/i> nep\u0159i\u0161el a nad st\u0159echami hv\u011bzdy bledly&#8230;<br \/>\n*<br \/>\nA sl\u00edbiv\u0161e jen d\u00e1ti o tom zpr\u00e1vu v rodn\u00fdch kraj\u00edch,<br \/>\nzas roze\u0161li se na <i>Sever<\/i> a na <i>Z\u00e1pad<\/i> a na <i>Jih<\/i>&#8230;<\/p>\n","protected":false},"excerpt":{"rendered":"<p>(Praha: 1874 &#8211; 1898) Z\u00e1hada A\u010d pozd\u011b v noci na n\u00e1m\u011bst\u00ed, u\u0161l\u00ed, dorazili &#8211; t\u0159i poutn\u00edci &#8211;, p\u0159ec navz\u00e1jem se ml\u010dky pozdravili. * A z n\u00e1m\u011bst\u00ed do \u00fazk\u00fdch ulic sp\u011b\u0161n\u011b vyb\u00edhali, a v\u00edc, ne\u017e dneska p\u0159ijde-li, si pt\u00e1t se netroufali. * A k r\u00e1nu ani t\u00e1zav\u011b na sebe nepohl\u00e9dli, kdy\u017e je\u0161t\u011b nep\u0159i\u0161el a nad st\u0159echami [&hellip;]<\/p>\n","protected":false},"author":1,"featured_media":0,"comment_status":"open","ping_status":"open","sticky":false,"template":"","format":"standard","meta":{"site-sidebar-layout":"default","site-content-layout":"","ast-site-content-layout":"default","site-content-style":"default","site-sidebar-style":"default","ast-global-header-display":"","ast-banner-title-visibility":"","ast-main-header-display":"","ast-hfb-above-header-display":"","ast-hfb-below-header-display":"","ast-hfb-mobile-header-display":"","site-post-title":"","ast-breadcrumbs-content":"","ast-featured-img":"","footer-sml-layout":"","ast-disable-related-posts":"","theme-transparent-header-meta":"","adv-header-id-meta":"","stick-header-meta":"","header-above-stick-meta":"","header-main-stick-meta":"","header-below-stick-meta":"","astra-migrate-meta-layouts":"default","ast-page-background-enabled":"default","ast-page-background-meta":{"desktop":{"background-color":"var(--ast-global-color-5)","background-image":"","background-repeat":"repeat","background-position":"center center","background-size":"auto","background-attachment":"scroll","background-type":"","background-media":"","overlay-type":"","overlay-color":"","overlay-opacity":"","overlay-gradient":""},"tablet":{"background-color":"","background-image":"","background-repeat":"repeat","background-position":"center center","background-size":"auto","background-attachment":"scroll","background-type":"","background-media":"","overlay-type":"","overlay-color":"","overlay-opacity":"","overlay-gradient":""},"mobile":{"background-color":"","background-image":"","background-repeat":"repeat","background-position":"center center","background-size":"auto","background-attachment":"scroll","background-type":"","background-media":"","overlay-type":"","overlay-color":"","overlay-opacity":"","overlay-gradient":""}},"ast-content-background-meta":{"desktop":{"background-color":"var(--ast-global-color-4)","background-image":"","background-repeat":"repeat","background-position":"center center","background-size":"auto","background-attachment":"scroll","background-type":"","background-media":"","overlay-type":"","overlay-color":"","overlay-opacity":"","overlay-gradient":""},"tablet":{"background-color":"var(--ast-global-color-4)","background-image":"","background-repeat":"repeat","background-position":"center center","background-size":"auto","background-attachment":"scroll","background-type":"","background-media":"","overlay-type":"","overlay-color":"","overlay-opacity":"","overlay-gradient":""},"mobile":{"background-color":"var(--ast-global-color-4)","background-image":"","background-repeat":"repeat","background-position":"center center","background-size":"auto","background-attachment":"scroll","background-type":"","background-media":"","overlay-type":"","overlay-color":"","overlay-opacity":"","overlay-gradient":""}},"jetpack_post_was_ever_published":false,"_jetpack_newsletter_access":"","_jetpack_dont_email_post_to_subs":false,"_jetpack_newsletter_tier_id":0,"_jetpack_memberships_contains_paywalled_content":false,"_jetpack_memberships_contains_paid_content":false,"footnotes":""},"categories":[8],"tags":[],"class_list":["post-926","post","type-post","status-publish","format-standard","hentry","category-stari-dobri"],"jetpack_featured_media_url":"","jetpack_shortlink":"https:\/\/wp.me\/p4mLP7-eW","jetpack-related-posts":[{"id":852,"url":"https:\/\/kotrla.com\/pmpro\/2004\/12\/stari-dobri-konstantinos-kavafis-lxv\/","url_meta":{"origin":926,"position":0},"title":"STA\u0158\u00cd DOB\u0158\u00cd: Konstantinos Kavafis (LXV.)","author":"Pavel Kotrla","date":"26.12.2004","format":false,"excerpt":"Novo\u0159eck\u00fd b\u00e1sn\u00edk (1863 - 1933) stoj\u00edc\u00ed u zrodu modern\u00ed \u0159eck\u00e9 poezie. V o\u010dek\u00e1v\u00e1n\u00ed barbar\u016f Na co \u010dek\u00e1te shrom\u00e1\u017ed\u011bn\u00ed na n\u00e1m\u011bst\u00ed? Barba\u0159i maj\u00ed dnes p\u0159ij\u00edt. Pro\u010d takov\u00e1 ne\u010dinnost v sen\u00e1t\u011b? Jak to, \u017ee sen\u00e1to\u0159i zasedaj\u00ed a nevyd\u00e1vaj\u00ed z\u00e1kony? Proto\u017ee dneska barba\u0159i p\u0159ijdou. Tak jak\u00e9 z\u00e1kony by sen\u00e1to\u0159i chystali? Jakmile barba\u0159i p\u0159ijdou,\u2026","rel":"","context":"V \u201eSta\u0159\u00ed dob\u0159\u00ed\u201c","block_context":{"text":"Sta\u0159\u00ed dob\u0159\u00ed","link":"https:\/\/kotrla.com\/pmpro\/category\/stari-dobri\/"},"img":{"alt_text":"","src":"","width":0,"height":0},"classes":[]},{"id":948,"url":"https:\/\/kotrla.com\/pmpro\/2004\/08\/stari-dobri-josif-brodskij-l\/","url_meta":{"origin":926,"position":1},"title":"STA\u0158\u00cd DOB\u0158\u00cd: Josif Brodskij (L.)","author":"Pavel Kotrla","date":"8.8.2004","format":false,"excerpt":"Jeden z m\u00fdch obl\u00edben\u00fdch autor\u016f (24. 5. 1940 - 28. 1. 1996). N\u011bkter\u00fdmi jeho b\u00e1sn\u011bmi jsem fascinov\u00e1n. M\u00e1m je r\u00e1d hlavn\u011b v origin\u00e1le, ale doposud jsem nenalezl odvahu je p\u0159elo\u017eit. Proto nab\u00edz\u00edm ver\u0161e z knihy \u0158\u00edmsk\u00e9 elegie, kter\u00e9 letos v zrcadlov\u00e9m dvojjazy\u010dn\u00e9m vyd\u00e1n\u00ed vydalo mal\u00e9 nakladatelstv\u00ed Opus - Kristina M\u011bd\u00edlkov\u00e1.\u2026","rel":"","context":"V \u201eSta\u0159\u00ed dob\u0159\u00ed\u201c","block_context":{"text":"Sta\u0159\u00ed dob\u0159\u00ed","link":"https:\/\/kotrla.com\/pmpro\/category\/stari-dobri\/"},"img":{"alt_text":"","src":"","width":0,"height":0},"classes":[]},{"id":684,"url":"https:\/\/kotrla.com\/pmpro\/2005\/09\/stari-dobri-paavo-haavikko-xcviii\/","url_meta":{"origin":926,"position":2},"title":"STA\u0158\u00cd DOB\u0158\u00cd: Paavo Haavikko (XCVIII.)","author":"Pavel Kotrla","date":"11.9.2005","format":false,"excerpt":"Finsk\u00fd b\u00e1sn\u00edk, dramatik, prozaik (* 1931). * * * Vyr\u016fstal jsem v dom\u011b, kolem byla tr\u00e1va sluncem sp\u00e1len\u00e1. V\u00edtr a st\u00edny kr\u00e1\u010dely v m\u0159\u00ed\u017e\u00edch, m\u0159\u00ed\u017ee k\u0159\u00ed\u017eem hladil d\u00e9\u0161\u0165 a v\u00edtr, na m\u00e9 stran\u011b m\u0159\u00ed\u017e\u00ed ne\u017eili svi\u0161ti, ani zaj\u00edci, vyr\u016fstal jsem v dom\u011b, kolem byla tr\u00e1va sluncem sp\u00e1len\u00e1, a de\u0161t\u011b, \u010dern\u00e9\u2026","rel":"","context":"V \u201eSta\u0159\u00ed dob\u0159\u00ed\u201c","block_context":{"text":"Sta\u0159\u00ed dob\u0159\u00ed","link":"https:\/\/kotrla.com\/pmpro\/category\/stari-dobri\/"},"img":{"alt_text":"","src":"","width":0,"height":0},"classes":[]},{"id":690,"url":"https:\/\/kotrla.com\/pmpro\/2005\/09\/stari-dobri-tu-mu-xcvii\/","url_meta":{"origin":926,"position":3},"title":"STA\u0158\u00cd DOB\u0158\u00cd: Tu Mu (XCVII.)","author":"Pavel Kotrla","date":"4.9.2005","format":false,"excerpt":"Proch\u00e1zka po hor\u00e1ch Kamenit\u00e1 stezka \u00a0\u00a0vine se vzh\u016fru \u00a0\u00a0na chladnou horu. Z chumlu oblak\u016f \u00a0\u00a0n\u00e1hle se vyno\u0159ilo \u00a0\u00a0lidsk\u00e9 obydl\u00ed. Zastavuji k\u00e1ru, \u00a0\u00a0koch\u00e1m se pohledem \u00a0\u00a0na z\u00e1pad slunce \u00a0\u00a0v korun\u00e1ch javor\u016f. Bohat\u00e9 listov\u00ed o\u017eehl\u00e9 mrazem \u00a0\u00a0je stokr\u00e1t \u010derven\u011bj\u0161\u00ed \u00a0\u00a0ne\u017e jarn\u00ed kv\u011bty. p\u0159eklad z \u010d\u00edn\u0161tiny Ferdinand Sto\u010des","rel":"","context":"V \u201eSta\u0159\u00ed dob\u0159\u00ed\u201c","block_context":{"text":"Sta\u0159\u00ed dob\u0159\u00ed","link":"https:\/\/kotrla.com\/pmpro\/category\/stari-dobri\/"},"img":{"alt_text":"","src":"","width":0,"height":0},"classes":[]},{"id":823,"url":"https:\/\/kotrla.com\/pmpro\/2005\/02\/stari-dobri-bartolo-cattafi-lxxi\/","url_meta":{"origin":926,"position":4},"title":"STA\u0158\u00cd DOB\u0158\u00cd: Bartolo Cattafi (LXXI.)","author":"Pavel Kotrla","date":"6.2.2005","format":false,"excerpt":"Solit\u00e9r italsk\u00e9 literatury (1922 -\u00a0 1979), tak\u00e9 mal\u00ed\u0159 samouk. \u017dil v mal\u00e9 vesnici na pob\u0159e\u017e\u00ed Sic\u00edlie nedaleko Messini. http:\/\/www.thedrunkenboat.com\/cattafi.html Ti mal\u00ed pt\u00e1\u010dkov\u00e9 Ti mal\u00ed pt\u00e1\u010dkov\u00e9 by t\u011b vlastn\u011b cht\u011bli u\u0161tvat dr\u00e1pancem zohavit ti tv\u00e1\u0159 to je jejich smutek kdy\u017e se na tebe d\u00edvaj\u00ed a p\u0159iv\u00edraj\u00ed \u017elut\u00e1 v\u00ed\u010dka p\u0159elo\u017eil Vladim\u00edr Mike\u0161","rel":"","context":"V \u201eSta\u0159\u00ed dob\u0159\u00ed\u201c","block_context":{"text":"Sta\u0159\u00ed dob\u0159\u00ed","link":"https:\/\/kotrla.com\/pmpro\/category\/stari-dobri\/"},"img":{"alt_text":"","src":"","width":0,"height":0},"classes":[]},{"id":673,"url":"https:\/\/kotrla.com\/pmpro\/2005\/10\/stari-dobri-william-carlos-williams-ci\/","url_meta":{"origin":926,"position":5},"title":"STA\u0158\u00cd DOB\u0158\u00cd: William Carlos Williams (CI.)","author":"Pavel Kotrla","date":"2.10.2005","format":false,"excerpt":"Americk\u00fd b\u00e1sn\u00edk (17. 9. 1883, \u2020 4. 3. 1963), jeden z hlavn\u00edch p\u0159edstavitel\u016f modern\u00ed americk\u00e9 poezie. Navazuje na d\u00edlo Ezry Pounda a \u010d\u00e1ste\u010dn\u011b tak\u00e9 na Walta Whitmana. Mezi zdmi U zadn\u00edch k\u0159\u00eddel budov nemocnice kde nic neporoste le\u017e\u00ed \u0161kv\u00e1ra a v n\u00ed z\u00e1\u0159\u00ed rozbit\u00e9 kusy l\u00e1hve zelen\u00e9 (p\u0159elo\u017eila Ji\u0159ina Haukov\u00e1)","rel":"","context":"V \u201eSta\u0159\u00ed dob\u0159\u00ed\u201c","block_context":{"text":"Sta\u0159\u00ed dob\u0159\u00ed","link":"https:\/\/kotrla.com\/pmpro\/category\/stari-dobri\/"},"img":{"alt_text":"","src":"","width":0,"height":0},"classes":[]}],"jetpack_sharing_enabled":true,"_links":{"self":[{"href":"https:\/\/kotrla.com\/pmpro\/wp-json\/wp\/v2\/posts\/926","targetHints":{"allow":["GET"]}}],"collection":[{"href":"https:\/\/kotrla.com\/pmpro\/wp-json\/wp\/v2\/posts"}],"about":[{"href":"https:\/\/kotrla.com\/pmpro\/wp-json\/wp\/v2\/types\/post"}],"author":[{"embeddable":true,"href":"https:\/\/kotrla.com\/pmpro\/wp-json\/wp\/v2\/users\/1"}],"replies":[{"embeddable":true,"href":"https:\/\/kotrla.com\/pmpro\/wp-json\/wp\/v2\/comments?post=926"}],"version-history":[{"count":0,"href":"https:\/\/kotrla.com\/pmpro\/wp-json\/wp\/v2\/posts\/926\/revisions"}],"wp:attachment":[{"href":"https:\/\/kotrla.com\/pmpro\/wp-json\/wp\/v2\/media?parent=926"}],"wp:term":[{"taxonomy":"category","embeddable":true,"href":"https:\/\/kotrla.com\/pmpro\/wp-json\/wp\/v2\/categories?post=926"},{"taxonomy":"post_tag","embeddable":true,"href":"https:\/\/kotrla.com\/pmpro\/wp-json\/wp\/v2\/tags?post=926"}],"curies":[{"name":"wp","href":"https:\/\/api.w.org\/{rel}","templated":true}]}}