{"id":9277,"date":"2022-01-10T14:06:11","date_gmt":"2022-01-10T13:06:11","guid":{"rendered":"http:\/\/kotrla.com\/pmpro\/?p=9277"},"modified":"2022-01-10T14:06:11","modified_gmt":"2022-01-10T13:06:11","slug":"neco-pracovniho-pro-radost","status":"publish","type":"post","link":"https:\/\/kotrla.com\/pmpro\/2022\/01\/neco-pracovniho-pro-radost\/","title":{"rendered":"N\u011bco pracovn\u00edho pro radost"},"content":{"rendered":"<p><a href=\"https:\/\/kotrla.com\/pmpro\/wp-content\/uploads\/2022\/01\/s_laskou_k_remeslu_IMGP4006.jpg\"><img loading=\"lazy\" decoding=\"async\" class=\"alignnone size-full wp-image-9270\" src=\"https:\/\/kotrla.com\/pmpro\/wp-content\/uploads\/2022\/01\/s_laskou_k_remeslu_IMGP4006.jpg\" alt=\"\" width=\"1600\" height=\"1066\" srcset=\"https:\/\/kotrla.com\/pmpro\/wp-content\/uploads\/2022\/01\/s_laskou_k_remeslu_IMGP4006.jpg 1600w, https:\/\/kotrla.com\/pmpro\/wp-content\/uploads\/2022\/01\/s_laskou_k_remeslu_IMGP4006-300x200.jpg 300w, https:\/\/kotrla.com\/pmpro\/wp-content\/uploads\/2022\/01\/s_laskou_k_remeslu_IMGP4006-1024x682.jpg 1024w, https:\/\/kotrla.com\/pmpro\/wp-content\/uploads\/2022\/01\/s_laskou_k_remeslu_IMGP4006-1536x1023.jpg 1536w\" sizes=\"auto, (max-width: 1600px) 100vw, 1600px\" \/><\/a><\/p>\n<p>Teda moj\u00ed radost \ud83d\ude42 I v pr\u00e1ci si \u010dlov\u011bk m\u016f\u017ee vyd\u00e1vat n\u011bco, co mu ud\u011bl\u00e1 radost. Minule kniha o rekonstrukci v\u011b\u017ee Vranova nad Dyj\u00ed, p\u0159edt\u00edm o rekonstrukci radnice Olomouc, a te\u010f t\u0159eba n\u011bco o pam\u00e1tk\u00e1ch&#8230; Kdy\u017e u\u017e se na oprav\u011b tolika z nich pod\u00edl\u00edme. Po \u010dty\u0159ech letech dostalo portfolio nejlep\u0161\u00edch realizac\u00ed nov\u00e9ho sourozence. \u010cernou lepenku vyst\u0159\u00eddala \u0161ed\u00e1.\u00a0 Otev\u0159en\u00e1 vazba V8 s \u010dervenou nit\u00ed, ra\u017ebou z\u016fstala. Stejn\u011b tak kvalitn\u00ed pap\u00edr Olin Nature White 150 g uvnit\u0159. Prost\u011b n\u011bco pro radost. Zvl\u00e1\u0161\u0165 kdy\u017e jsem si v\u011bt\u0161inu t\u011bch pam\u00e1tek mohl nafotit. Na ty v\u00fd\u0161ky si \u010dlov\u011bk \u010dasem trochu zvykne&#8230;<\/p>\n<div id='gallery-1' class='gallery galleryid-9277 gallery-columns-3 gallery-size-thumbnail'><figure class='gallery-item'>\n\t\t\t<div class='gallery-icon landscape'>\n\t\t\t\t<a href='https:\/\/kotrla.com\/pmpro\/2022\/01\/neco-pracovniho-pro-radost\/s_laskou_k_remeslu_imgp4011\/'><img loading=\"lazy\" decoding=\"async\" width=\"150\" height=\"150\" src=\"https:\/\/kotrla.com\/pmpro\/wp-content\/uploads\/2022\/01\/s_laskou_k_remeslu_IMGP4011-150x150.jpg\" class=\"attachment-thumbnail size-thumbnail\" alt=\"\" \/><\/a>\n\t\t\t<\/div><\/figure><figure class='gallery-item'>\n\t\t\t<div class='gallery-icon landscape'>\n\t\t\t\t<a href='https:\/\/kotrla.com\/pmpro\/2022\/01\/neco-pracovniho-pro-radost\/s_laskou_k_remeslu_imgp4013\/'><img loading=\"lazy\" decoding=\"async\" width=\"150\" height=\"150\" src=\"https:\/\/kotrla.com\/pmpro\/wp-content\/uploads\/2022\/01\/s_laskou_k_remeslu_IMGP4013-150x150.jpg\" class=\"attachment-thumbnail size-thumbnail\" alt=\"\" \/><\/a>\n\t\t\t<\/div><\/figure><figure class='gallery-item'>\n\t\t\t<div class='gallery-icon landscape'>\n\t\t\t\t<a href='https:\/\/kotrla.com\/pmpro\/2022\/01\/neco-pracovniho-pro-radost\/s_laskou_k_remeslu_imgp4018\/'><img loading=\"lazy\" decoding=\"async\" width=\"150\" height=\"150\" src=\"https:\/\/kotrla.com\/pmpro\/wp-content\/uploads\/2022\/01\/s_laskou_k_remeslu_IMGP4018-150x150.jpg\" class=\"attachment-thumbnail size-thumbnail\" alt=\"\" \/><\/a>\n\t\t\t<\/div><\/figure><figure class='gallery-item'>\n\t\t\t<div class='gallery-icon landscape'>\n\t\t\t\t<a href='https:\/\/kotrla.com\/pmpro\/2022\/01\/neco-pracovniho-pro-radost\/s_laskou_k_remeslu_imgp4019\/'><img loading=\"lazy\" decoding=\"async\" width=\"150\" height=\"150\" src=\"https:\/\/kotrla.com\/pmpro\/wp-content\/uploads\/2022\/01\/s_laskou_k_remeslu_IMGP4019-150x150.jpg\" class=\"attachment-thumbnail size-thumbnail\" alt=\"\" \/><\/a>\n\t\t\t<\/div><\/figure><figure class='gallery-item'>\n\t\t\t<div class='gallery-icon landscape'>\n\t\t\t\t<a href='https:\/\/kotrla.com\/pmpro\/2022\/01\/neco-pracovniho-pro-radost\/s_laskou_k_remeslu_imgp4021\/'><img loading=\"lazy\" decoding=\"async\" width=\"150\" height=\"150\" src=\"https:\/\/kotrla.com\/pmpro\/wp-content\/uploads\/2022\/01\/s_laskou_k_remeslu_IMGP4021-150x150.jpg\" class=\"attachment-thumbnail size-thumbnail\" alt=\"\" \/><\/a>\n\t\t\t<\/div><\/figure><figure class='gallery-item'>\n\t\t\t<div class='gallery-icon landscape'>\n\t\t\t\t<a href='https:\/\/kotrla.com\/pmpro\/2022\/01\/neco-pracovniho-pro-radost\/s_laskou_k_remeslu_imgp4022\/'><img loading=\"lazy\" decoding=\"async\" width=\"150\" height=\"150\" src=\"https:\/\/kotrla.com\/pmpro\/wp-content\/uploads\/2022\/01\/s_laskou_k_remeslu_IMGP4022-150x150.jpg\" class=\"attachment-thumbnail size-thumbnail\" alt=\"\" \/><\/a>\n\t\t\t<\/div><\/figure>\n\t\t<\/div>\n\n","protected":false},"excerpt":{"rendered":"<p>Teda moj\u00ed radost \ud83d\ude42 I v pr\u00e1ci si \u010dlov\u011bk m\u016f\u017ee vyd\u00e1vat n\u011bco, co mu ud\u011bl\u00e1 radost. Minule kniha o rekonstrukci v\u011b\u017ee Vranova nad Dyj\u00ed, p\u0159edt\u00edm o rekonstrukci radnice Olomouc, a te\u010f t\u0159eba n\u011bco o pam\u00e1tk\u00e1ch&#8230; Kdy\u017e u\u017e se na oprav\u011b tolika z nich pod\u00edl\u00edme. Po \u010dty\u0159ech letech dostalo portfolio nejlep\u0161\u00edch realizac\u00ed nov\u00e9ho sourozence. \u010cernou lepenku [&hellip;]<\/p>\n","protected":false},"author":1,"featured_media":0,"comment_status":"open","ping_status":"open","sticky":false,"template":"","format":"standard","meta":{"site-sidebar-layout":"default","site-content-layout":"","ast-site-content-layout":"default","site-content-style":"default","site-sidebar-style":"default","ast-global-header-display":"","ast-banner-title-visibility":"","ast-main-header-display":"","ast-hfb-above-header-display":"","ast-hfb-below-header-display":"","ast-hfb-mobile-header-display":"","site-post-title":"","ast-breadcrumbs-content":"","ast-featured-img":"","footer-sml-layout":"","ast-disable-related-posts":"","theme-transparent-header-meta":"","adv-header-id-meta":"","stick-header-meta":"","header-above-stick-meta":"","header-main-stick-meta":"","header-below-stick-meta":"","astra-migrate-meta-layouts":"default","ast-page-background-enabled":"default","ast-page-background-meta":{"desktop":{"background-color":"var(--ast-global-color-5)","background-image":"","background-repeat":"repeat","background-position":"center center","background-size":"auto","background-attachment":"scroll","background-type":"","background-media":"","overlay-type":"","overlay-color":"","overlay-opacity":"","overlay-gradient":""},"tablet":{"background-color":"","background-image":"","background-repeat":"repeat","background-position":"center center","background-size":"auto","background-attachment":"scroll","background-type":"","background-media":"","overlay-type":"","overlay-color":"","overlay-opacity":"","overlay-gradient":""},"mobile":{"background-color":"","background-image":"","background-repeat":"repeat","background-position":"center center","background-size":"auto","background-attachment":"scroll","background-type":"","background-media":"","overlay-type":"","overlay-color":"","overlay-opacity":"","overlay-gradient":""}},"ast-content-background-meta":{"desktop":{"background-color":"var(--ast-global-color-4)","background-image":"","background-repeat":"repeat","background-position":"center center","background-size":"auto","background-attachment":"scroll","background-type":"","background-media":"","overlay-type":"","overlay-color":"","overlay-opacity":"","overlay-gradient":""},"tablet":{"background-color":"var(--ast-global-color-4)","background-image":"","background-repeat":"repeat","background-position":"center center","background-size":"auto","background-attachment":"scroll","background-type":"","background-media":"","overlay-type":"","overlay-color":"","overlay-opacity":"","overlay-gradient":""},"mobile":{"background-color":"var(--ast-global-color-4)","background-image":"","background-repeat":"repeat","background-position":"center center","background-size":"auto","background-attachment":"scroll","background-type":"","background-media":"","overlay-type":"","overlay-color":"","overlay-opacity":"","overlay-gradient":""}},"jetpack_post_was_ever_published":false,"_jetpack_newsletter_access":"","_jetpack_dont_email_post_to_subs":false,"_jetpack_newsletter_tier_id":0,"_jetpack_memberships_contains_paywalled_content":false,"_jetpack_memberships_contains_paid_content":false,"footnotes":""},"categories":[3],"tags":[],"class_list":["post-9277","post","type-post","status-publish","format-standard","hentry","category-osobni"],"jetpack_featured_media_url":"","jetpack_shortlink":"https:\/\/wp.me\/p4mLP7-2pD","jetpack-related-posts":[{"id":933,"url":"https:\/\/kotrla.com\/pmpro\/2004\/08\/tak-jsem-validni\/","url_meta":{"origin":9277,"position":0},"title":"Tak jsem validn\u00ed!","author":"Pavel Kotrla","date":"24.8.2004","format":false,"excerpt":"Ztratil jsem t\u00edm n\u011bco m\u00e1lo minut sv\u00e9ho drahocenn\u00e9ho \u017eivota, ale nyn\u00ed by m\u011bl b\u00fdt m\u016fj blog CSS i XHTML validn\u00ed. M\u00e1te z toho radost? Op\u011bt \u0159e\u010dnick\u00e1 ot\u00e1zka, na obsahu str\u00e1nek to nic nezm\u011bnilo (a na vzhledu tak\u00e9 ne). Hmm, no a co. Pokud si \u010dlov\u011bk d\u00e1 pozor, tak toho zpravidla\u2026","rel":"","context":"V \u201eNeza\u0159azen\u00e9\u201c","block_context":{"text":"Neza\u0159azen\u00e9","link":"https:\/\/kotrla.com\/pmpro\/category\/nezarazene\/"},"img":{"alt_text":"","src":"","width":0,"height":0},"classes":[]},{"id":3995,"url":"https:\/\/kotrla.com\/pmpro\/2018\/11\/udelat-si-radost-v-praci\/","url_meta":{"origin":9277,"position":1},"title":"Ud\u011blat si radost v pr\u00e1ci","author":"Pavel Kotrla","date":"29.11.2018","format":false,"excerpt":"Tak i n\u011bco pracovn\u00edho. Vydat si kn\u00ed\u017eku v pr\u00e1ci? Pro\u010d ne :) Vymyslet, napsat\/sestavit (propa\u0161ovat do n\u00ed aspo\u0148 zm\u00ednky o literatu\u0159e), z v\u011bt\u0161\u00ed poloviny nafotit, vys\u00e1zet. Otev\u0159en\u00e1 vazba V8 s \u010dervenou nit\u00ed, ra\u017eba do \u010dern\u00fdch lepenkov\u00fdch desek, uvnit\u0159 Olin Natural White 150 g. \u010casto na m\u00edstech pro b\u011b\u017en\u00e9 n\u00e1v\u0161t\u011bvn\u00edky nep\u0159\u00edstupn\u00fdch.\u2026","rel":"","context":"V \u201eFotografie\u201c","block_context":{"text":"Fotografie","link":"https:\/\/kotrla.com\/pmpro\/category\/fotografie\/"},"img":{"alt_text":"","src":"https:\/\/i0.wp.com\/kotrla.com\/pmpro\/wp-content\/uploads\/2018\/11\/hbd_tradice_01-150x150.jpg?resize=350%2C200&ssl=1","width":350,"height":200,"srcset":"https:\/\/i0.wp.com\/kotrla.com\/pmpro\/wp-content\/uploads\/2018\/11\/hbd_tradice_01-150x150.jpg?resize=350%2C200&ssl=1 1x, https:\/\/i0.wp.com\/kotrla.com\/pmpro\/wp-content\/uploads\/2018\/11\/hbd_tradice_01-150x150.jpg?resize=525%2C300&ssl=1 1.5x, https:\/\/i0.wp.com\/kotrla.com\/pmpro\/wp-content\/uploads\/2018\/11\/hbd_tradice_01-150x150.jpg?resize=700%2C400&ssl=1 2x, https:\/\/i0.wp.com\/kotrla.com\/pmpro\/wp-content\/uploads\/2018\/11\/hbd_tradice_01-150x150.jpg?resize=1050%2C600&ssl=1 3x, https:\/\/i0.wp.com\/kotrla.com\/pmpro\/wp-content\/uploads\/2018\/11\/hbd_tradice_01-150x150.jpg?resize=1400%2C800&ssl=1 4x"},"classes":[]},{"id":376,"url":"https:\/\/kotrla.com\/pmpro\/2008\/02\/mizejici-svet\/","url_meta":{"origin":9277,"position":2},"title":"Mizej\u00edc\u00ed sv\u011bt","author":"Pavel Kotrla","date":"9.2.2008","format":false,"excerpt":"Tak n\u011bjak si \u0159\u00edk\u00e1m, \u017ee sou\u010dasn\u00fd zp\u016fsob rekonstrukc\u00ed star\u00fdch hospod\u00e1\u0159sk\u00fdch staven\u00ed a horsk\u00fdch chalup nesn\u00e1\u0161\u00edm. V\u00edce plastov\u00fdch oken, podivn\u00fdch vik\u00fd\u0159\u016f atd. Po dlouh\u00e9 dob\u011b m\u00e1m radost, \u017ee po r\u00e1nu cestou tmou (by\u0165 nemus\u00edm) sly\u0161\u00edv\u00e1m kohouta, ne jen motory proj\u00ed\u017ed\u011bj\u00edch aut.","rel":"","context":"V \u201eFotografie\u201c","block_context":{"text":"Fotografie","link":"https:\/\/kotrla.com\/pmpro\/category\/fotografie\/"},"img":{"alt_text":"Mizej\u00edc\u00ed sv\u011bt","src":"https:\/\/i0.wp.com\/kotrla.com\/pmpro\/images\/uploads\/mizejici_svet.jpg?resize=350%2C200&ssl=1","width":350,"height":200},"classes":[]},{"id":348,"url":"https:\/\/kotrla.com\/pmpro\/2008\/05\/ctenar-pismenek\/","url_meta":{"origin":9277,"position":3},"title":"\u010cten\u00e1\u0159 p\u00edsmenek","author":"Pavel Kotrla","date":"25.5.2008","format":false,"excerpt":"Dnes drobn\u00e9 pozn\u00e1mky nad p\u0159e\u010dten\u00fdmi knihami i \u010dasopisy pohromad\u011b. Tak Ps\u00ed v\u00edno m\u00e1 novou grafiku a typografickou \u00fapravu. Zm\u011bna k lep\u0161\u00edmu. Duch otce zakladatele se stejn\u011b vytratil a grafika byla sou\u010dasn\u00e9mu obsahu na obt\u00ed\u017e. \u010c\u00edslo p\u0159edchoz\u00ed mne p\u0159\u00edli\u0161 nezaujalo, to aktu\u00e1ln\u00ed je lep\u0161\u00ed. \u010casopis se op\u011bt v\u011bnuje poezii, tak jak\u2026","rel":"","context":"V \u201e\u010cten\u00e1\u0159sk\u00fd den\u00edk\u201c","block_context":{"text":"\u010cten\u00e1\u0159sk\u00fd den\u00edk","link":"https:\/\/kotrla.com\/pmpro\/category\/ctenarsky-denik\/"},"img":{"alt_text":"","src":"","width":0,"height":0},"classes":[]},{"id":1066,"url":"https:\/\/kotrla.com\/pmpro\/2004\/03\/kdo-je-autorem-nasledujicich-versu-26\/","url_meta":{"origin":9277,"position":4},"title":"Kdo je autorem n\u00e1sleduj\u00edc\u00edch ver\u0161\u016f? (26)","author":"Pavel Kotrla","date":"1.3.2004","format":false,"excerpt":"Snad lehk\u00e1 h\u00e1danka pro pond\u011bln\u00ed r\u00e1no. Bavte se! Ot\u00e1zka je st\u00e1le stejn\u00e1: Kdo je autorem n\u00e1sleduj\u00edc\u00edch ver\u0161\u016f? Je to Tam na n\u00e1ro\u017e\u00ed u v\u00fd\u010depu bl\u00fdsk\u00e1 se v\u017edycky trocha st\u0159ep\u016f. Nic nesmete je, nevyklove, oslepnou jedny, sv\u00edt\u00ed nov\u00e9. Tam na n\u00e1ro\u017e\u00ed pod sch\u016fdky lampa m\u00e1 kr\u00e1mek klenotnick\u00fd. Tam na n\u00e1ro\u017e\u00ed pod\u2026","rel":"","context":"V \u201eKdo je autorem?\u201c","block_context":{"text":"Kdo je autorem?","link":"https:\/\/kotrla.com\/pmpro\/category\/kdo-je-autorem\/"},"img":{"alt_text":"","src":"","width":0,"height":0},"classes":[]},{"id":14001,"url":"https:\/\/kotrla.com\/pmpro\/2026\/01\/helena-salichova-tvary-skryte-ve-dreve\/","url_meta":{"origin":9277,"position":5},"title":"Helena Salichov\u00e1 \u2013 Tvary skryt\u00e9 ve d\u0159ev\u011b","author":"Pavel Kotrla","date":"22.1.2026","format":false,"excerpt":"Ned\u011bln\u00ed v\u00fdprava do ocelov\u00e9ho m\u011bsta a galerie Gong. G. sice \u0159\u00edkala, \u017ee asi drobn\u011b sn\u011b\u017e\u00ed, ale sp\u00ed\u0161 to byla ta zn\u00e1m\u00e1 ostravsk\u00e1 omrzlina. Krom Tvar\u016f skryt\u00fdch ve d\u0159ev\u011b Heleny Salichov\u00e9 t\u00e9\u017e dv\u011b dal\u0161\u00ed v\u00fdstavy, Neuropolis Kri\u0161tofa Kintery a Pioneers (op-art a kinetick\u00e9 um\u011bn\u00ed). Radost to byla. V\u0161echny t\u0159i v\u00fdstavy. Nav\u00edc\u2026","rel":"","context":"V \u201eOsobn\u00ed\u201c","block_context":{"text":"Osobn\u00ed","link":"https:\/\/kotrla.com\/pmpro\/category\/osobni\/"},"img":{"alt_text":"","src":"https:\/\/i0.wp.com\/kotrla.com\/pmpro\/wp-content\/uploads\/2026\/01\/salichova_IMGP1658-150x150.jpg?resize=350%2C200&ssl=1","width":350,"height":200,"srcset":"https:\/\/i0.wp.com\/kotrla.com\/pmpro\/wp-content\/uploads\/2026\/01\/salichova_IMGP1658-150x150.jpg?resize=350%2C200&ssl=1 1x, https:\/\/i0.wp.com\/kotrla.com\/pmpro\/wp-content\/uploads\/2026\/01\/salichova_IMGP1658-150x150.jpg?resize=525%2C300&ssl=1 1.5x, https:\/\/i0.wp.com\/kotrla.com\/pmpro\/wp-content\/uploads\/2026\/01\/salichova_IMGP1658-150x150.jpg?resize=700%2C400&ssl=1 2x, https:\/\/i0.wp.com\/kotrla.com\/pmpro\/wp-content\/uploads\/2026\/01\/salichova_IMGP1658-150x150.jpg?resize=1050%2C600&ssl=1 3x, https:\/\/i0.wp.com\/kotrla.com\/pmpro\/wp-content\/uploads\/2026\/01\/salichova_IMGP1658-150x150.jpg?resize=1400%2C800&ssl=1 4x"},"classes":[]}],"jetpack_sharing_enabled":true,"_links":{"self":[{"href":"https:\/\/kotrla.com\/pmpro\/wp-json\/wp\/v2\/posts\/9277","targetHints":{"allow":["GET"]}}],"collection":[{"href":"https:\/\/kotrla.com\/pmpro\/wp-json\/wp\/v2\/posts"}],"about":[{"href":"https:\/\/kotrla.com\/pmpro\/wp-json\/wp\/v2\/types\/post"}],"author":[{"embeddable":true,"href":"https:\/\/kotrla.com\/pmpro\/wp-json\/wp\/v2\/users\/1"}],"replies":[{"embeddable":true,"href":"https:\/\/kotrla.com\/pmpro\/wp-json\/wp\/v2\/comments?post=9277"}],"version-history":[{"count":0,"href":"https:\/\/kotrla.com\/pmpro\/wp-json\/wp\/v2\/posts\/9277\/revisions"}],"wp:attachment":[{"href":"https:\/\/kotrla.com\/pmpro\/wp-json\/wp\/v2\/media?parent=9277"}],"wp:term":[{"taxonomy":"category","embeddable":true,"href":"https:\/\/kotrla.com\/pmpro\/wp-json\/wp\/v2\/categories?post=9277"},{"taxonomy":"post_tag","embeddable":true,"href":"https:\/\/kotrla.com\/pmpro\/wp-json\/wp\/v2\/tags?post=9277"}],"curies":[{"name":"wp","href":"https:\/\/api.w.org\/{rel}","templated":true}]}}