{"id":9397,"date":"2022-02-04T13:21:26","date_gmt":"2022-02-04T12:21:26","guid":{"rendered":"http:\/\/kotrla.com\/pmpro\/?p=9397"},"modified":"2022-02-04T13:30:17","modified_gmt":"2022-02-04T12:30:17","slug":"krvaviny-jakuba-chrobaka-nominovany-na-cenu-jantar","status":"publish","type":"post","link":"https:\/\/kotrla.com\/pmpro\/2022\/02\/krvaviny-jakuba-chrobaka-nominovany-na-cenu-jantar\/","title":{"rendered":"Krvaviny Jakuba Chrob\u00e1ka nominov\u00e1ny na Cenu Jantar"},"content":{"rendered":"<p><a href=\"https:\/\/kotrla.com\/pmpro\/wp-content\/uploads\/2022\/02\/ceny-jantar-nominace-za-literaturu-2021.jpg\"><img loading=\"lazy\" decoding=\"async\" class=\"alignnone size-full wp-image-9398\" src=\"https:\/\/kotrla.com\/pmpro\/wp-content\/uploads\/2022\/02\/ceny-jantar-nominace-za-literaturu-2021.jpg\" alt=\"\" width=\"1920\" height=\"1000\" srcset=\"https:\/\/kotrla.com\/pmpro\/wp-content\/uploads\/2022\/02\/ceny-jantar-nominace-za-literaturu-2021.jpg 1920w, https:\/\/kotrla.com\/pmpro\/wp-content\/uploads\/2022\/02\/ceny-jantar-nominace-za-literaturu-2021-300x156.jpg 300w, https:\/\/kotrla.com\/pmpro\/wp-content\/uploads\/2022\/02\/ceny-jantar-nominace-za-literaturu-2021-1024x533.jpg 1024w, https:\/\/kotrla.com\/pmpro\/wp-content\/uploads\/2022\/02\/ceny-jantar-nominace-za-literaturu-2021-1536x800.jpg 1536w\" sizes=\"auto, (max-width: 1920px) 100vw, 1920px\" \/><\/a><\/p>\n<p>Mezi nominovan\u00fdmi knihami na <a href=\"https:\/\/www.cenyjantar.cz\/clanek\/115\/nominace-na-cenu-jantar-za-literaturu-ziskali-chlupovachrobakpolach-a-stastna\">Cenu Jantar<\/a> za literaturu je i sb\u00edrka Jakuba Chrob\u00e1ka <a href=\"https:\/\/kotrla.com\/pmpro\/klenov\/jakub-chrobak-v-krvavinach-2021\/\">Krvaviny<\/a>, kterou vydalo m\u00e9 jednomu\u017en\u00e9 nakladatelstv\u00ed <a href=\"https:\/\/kotrla.com\/pmpro\/klenov\/\">Klenov<\/a> vydalo z\u00e1v\u011brem lo\u0148sk\u00e9ho roku. Gratuluji i dal\u0161\u00edm nominovan\u00fdm.<\/p>\n","protected":false},"excerpt":{"rendered":"<p>Mezi nominovan\u00fdmi knihami na Cenu Jantar za literaturu je i sb\u00edrka Jakuba Chrob\u00e1ka Krvaviny, kterou vydalo m\u00e9 jednomu\u017en\u00e9 nakladatelstv\u00ed Klenov vydalo z\u00e1v\u011brem lo\u0148sk\u00e9ho roku. Gratuluji i dal\u0161\u00edm nominovan\u00fdm.<\/p>\n","protected":false},"author":1,"featured_media":0,"comment_status":"open","ping_status":"open","sticky":false,"template":"","format":"standard","meta":{"site-sidebar-layout":"default","site-content-layout":"","ast-site-content-layout":"default","site-content-style":"default","site-sidebar-style":"default","ast-global-header-display":"","ast-banner-title-visibility":"","ast-main-header-display":"","ast-hfb-above-header-display":"","ast-hfb-below-header-display":"","ast-hfb-mobile-header-display":"","site-post-title":"","ast-breadcrumbs-content":"","ast-featured-img":"","footer-sml-layout":"","ast-disable-related-posts":"","theme-transparent-header-meta":"","adv-header-id-meta":"","stick-header-meta":"","header-above-stick-meta":"","header-main-stick-meta":"","header-below-stick-meta":"","astra-migrate-meta-layouts":"default","ast-page-background-enabled":"default","ast-page-background-meta":{"desktop":{"background-color":"var(--ast-global-color-5)","background-image":"","background-repeat":"repeat","background-position":"center center","background-size":"auto","background-attachment":"scroll","background-type":"","background-media":"","overlay-type":"","overlay-color":"","overlay-opacity":"","overlay-gradient":""},"tablet":{"background-color":"","background-image":"","background-repeat":"repeat","background-position":"center center","background-size":"auto","background-attachment":"scroll","background-type":"","background-media":"","overlay-type":"","overlay-color":"","overlay-opacity":"","overlay-gradient":""},"mobile":{"background-color":"","background-image":"","background-repeat":"repeat","background-position":"center center","background-size":"auto","background-attachment":"scroll","background-type":"","background-media":"","overlay-type":"","overlay-color":"","overlay-opacity":"","overlay-gradient":""}},"ast-content-background-meta":{"desktop":{"background-color":"var(--ast-global-color-4)","background-image":"","background-repeat":"repeat","background-position":"center center","background-size":"auto","background-attachment":"scroll","background-type":"","background-media":"","overlay-type":"","overlay-color":"","overlay-opacity":"","overlay-gradient":""},"tablet":{"background-color":"var(--ast-global-color-4)","background-image":"","background-repeat":"repeat","background-position":"center center","background-size":"auto","background-attachment":"scroll","background-type":"","background-media":"","overlay-type":"","overlay-color":"","overlay-opacity":"","overlay-gradient":""},"mobile":{"background-color":"var(--ast-global-color-4)","background-image":"","background-repeat":"repeat","background-position":"center center","background-size":"auto","background-attachment":"scroll","background-type":"","background-media":"","overlay-type":"","overlay-color":"","overlay-opacity":"","overlay-gradient":""}},"jetpack_post_was_ever_published":false,"_jetpack_newsletter_access":"","_jetpack_dont_email_post_to_subs":false,"_jetpack_newsletter_tier_id":0,"_jetpack_memberships_contains_paywalled_content":false,"_jetpack_memberships_contains_paid_content":false,"footnotes":""},"categories":[19,2,57,3],"tags":[],"class_list":["post-9397","post","type-post","status-publish","format-standard","hentry","category-knihy","category-literatura","category-nakladatelstvi-klenov","category-osobni"],"jetpack_featured_media_url":"","jetpack_shortlink":"https:\/\/wp.me\/p4mLP7-2rz","jetpack-related-posts":[{"id":12104,"url":"https:\/\/kotrla.com\/pmpro\/2024\/09\/uvedeni-sbirky-jakuba-chrobaka-pan-buh-se-nejspis-musel-narodit-v-luzne\/","url_meta":{"origin":9397,"position":0},"title":"Uveden\u00ed sb\u00edrky Jakuba Chrob\u00e1ka P\u00e1n B\u016fh se nejsp\u00ed\u0161 musel narodit v Lu\u017en\u00e9","author":"Pavel Kotrla","date":"4.9.2024","format":false,"excerpt":"Ohl\u00e9dnut\u00ed za sobotou. Uveden\u00ed sb\u00edrky Jakuba Chrob\u00e1ka P\u00e1n B\u016fh se nejsp\u00ed\u0161 musel narodit v Lu\u017en\u00e9 (vydalo nakladatelstv\u00ed Dauphin), kter\u00e9 doprov\u00e1z\u00ed fotografie Roberta Gol\u00e1n\u011b, se povedlo. Jakub sice mohl b\u00fdt p\u0159\u00edtomn\u00fd pouze p\u0159es videokonferenci, ale nov\u00e1 ledvina je d\u00e1rek, na kter\u00fd ur\u010dit\u011b tou\u017eebn\u011b \u010dekal a kter\u00e1 absenci pln\u011b ospravedlnila.","rel":"","context":"V \u201eFotografie\u201c","block_context":{"text":"Fotografie","link":"https:\/\/kotrla.com\/pmpro\/category\/fotografie\/"},"img":{"alt_text":"","src":"https:\/\/i0.wp.com\/kotrla.com\/pmpro\/wp-content\/uploads\/2024\/09\/luzna_IMGP3865-150x150.jpg?resize=350%2C200&ssl=1","width":350,"height":200,"srcset":"https:\/\/i0.wp.com\/kotrla.com\/pmpro\/wp-content\/uploads\/2024\/09\/luzna_IMGP3865-150x150.jpg?resize=350%2C200&ssl=1 1x, https:\/\/i0.wp.com\/kotrla.com\/pmpro\/wp-content\/uploads\/2024\/09\/luzna_IMGP3865-150x150.jpg?resize=525%2C300&ssl=1 1.5x, https:\/\/i0.wp.com\/kotrla.com\/pmpro\/wp-content\/uploads\/2024\/09\/luzna_IMGP3865-150x150.jpg?resize=700%2C400&ssl=1 2x, https:\/\/i0.wp.com\/kotrla.com\/pmpro\/wp-content\/uploads\/2024\/09\/luzna_IMGP3865-150x150.jpg?resize=1050%2C600&ssl=1 3x, https:\/\/i0.wp.com\/kotrla.com\/pmpro\/wp-content\/uploads\/2024\/09\/luzna_IMGP3865-150x150.jpg?resize=1400%2C800&ssl=1 4x"},"classes":[]},{"id":9247,"url":"https:\/\/kotrla.com\/pmpro\/2021\/12\/jakub-chrobak-v-krvavinach-ostravske-uvedeni-knihy\/","url_meta":{"origin":9397,"position":1},"title":"Jakub Chrob\u00e1k &#8211; V krvavin\u00e1ch &#8211; ostravsk\u00e9 uveden\u00ed knihy","author":"Pavel Kotrla","date":"21.12.2021","format":false,"excerpt":"Dne\u0161n\u00ed uveden\u00ed sb\u00edrky Jakuba Chrob\u00e1ka z produkce m\u00e9ho nakladatelstv\u00ed Klenov.","rel":"","context":"V \u201eNakladatelstv\u00ed Klenov\u201c","block_context":{"text":"Nakladatelstv\u00ed Klenov","link":"https:\/\/kotrla.com\/pmpro\/category\/nakladatelstvi-klenov\/"},"img":{"alt_text":"","src":"https:\/\/i0.wp.com\/kotrla.com\/pmpro\/wp-content\/uploads\/2021\/12\/chrobak_v_krvavinach_plakat.jpg?resize=350%2C200&ssl=1","width":350,"height":200,"srcset":"https:\/\/i0.wp.com\/kotrla.com\/pmpro\/wp-content\/uploads\/2021\/12\/chrobak_v_krvavinach_plakat.jpg?resize=350%2C200&ssl=1 1x, https:\/\/i0.wp.com\/kotrla.com\/pmpro\/wp-content\/uploads\/2021\/12\/chrobak_v_krvavinach_plakat.jpg?resize=525%2C300&ssl=1 1.5x, https:\/\/i0.wp.com\/kotrla.com\/pmpro\/wp-content\/uploads\/2021\/12\/chrobak_v_krvavinach_plakat.jpg?resize=700%2C400&ssl=1 2x, https:\/\/i0.wp.com\/kotrla.com\/pmpro\/wp-content\/uploads\/2021\/12\/chrobak_v_krvavinach_plakat.jpg?resize=1050%2C600&ssl=1 3x, https:\/\/i0.wp.com\/kotrla.com\/pmpro\/wp-content\/uploads\/2021\/12\/chrobak_v_krvavinach_plakat.jpg?resize=1400%2C800&ssl=1 4x"},"classes":[]},{"id":9167,"url":"https:\/\/kotrla.com\/pmpro\/2021\/11\/cerstve-dopeceno-jakub-chrobak-v-krvavinach\/","url_meta":{"origin":9397,"position":2},"title":"\u010cerstv\u011b dope\u010deno: Jakub Chrob\u00e1k &#8211; V krvavin\u00e1ch","author":"Pavel Kotrla","date":"13.11.2021","format":false,"excerpt":"A t\u0159in\u00e1ctou knihou m\u00e9ho jednomu\u017en\u00e9ho nakladadatelstv\u00ed Klenov se st\u00e1v\u00e1 sb\u00edrka dlouholet\u00e9ho souputn\u00edka Jakuba Chrob\u00e1ka V krvavin\u00e1ch.","rel":"","context":"V \u201eKnihy\u201c","block_context":{"text":"Knihy","link":"https:\/\/kotrla.com\/pmpro\/category\/knihy\/"},"img":{"alt_text":"","src":"https:\/\/i0.wp.com\/kotrla.com\/pmpro\/wp-content\/uploads\/2021\/11\/jakub_chrobak_v_krvavinach_IMGP3580.jpg?resize=350%2C200&ssl=1","width":350,"height":200,"srcset":"https:\/\/i0.wp.com\/kotrla.com\/pmpro\/wp-content\/uploads\/2021\/11\/jakub_chrobak_v_krvavinach_IMGP3580.jpg?resize=350%2C200&ssl=1 1x, https:\/\/i0.wp.com\/kotrla.com\/pmpro\/wp-content\/uploads\/2021\/11\/jakub_chrobak_v_krvavinach_IMGP3580.jpg?resize=525%2C300&ssl=1 1.5x, https:\/\/i0.wp.com\/kotrla.com\/pmpro\/wp-content\/uploads\/2021\/11\/jakub_chrobak_v_krvavinach_IMGP3580.jpg?resize=700%2C400&ssl=1 2x, https:\/\/i0.wp.com\/kotrla.com\/pmpro\/wp-content\/uploads\/2021\/11\/jakub_chrobak_v_krvavinach_IMGP3580.jpg?resize=1050%2C600&ssl=1 3x, https:\/\/i0.wp.com\/kotrla.com\/pmpro\/wp-content\/uploads\/2021\/11\/jakub_chrobak_v_krvavinach_IMGP3580.jpg?resize=1400%2C800&ssl=1 4x"},"classes":[]},{"id":9204,"url":"https:\/\/kotrla.com\/pmpro\/2021\/11\/dnes-vecer\/","url_meta":{"origin":9397,"position":3},"title":"Dnes ve\u010der","author":"Pavel Kotrla","date":"28.11.2021","format":false,"excerpt":"Mimo jin\u00e9 dnes ve\u010der v Lese: Rozhovor Moniky Hors\u00e1kov\u00e9 a Pavla Hru\u0161ky s liter\u00e1rn\u00edm historikem a b\u00e1sn\u00edkem Jakubem Chrob\u00e1kem a nakladatelem Pavlem Kotrlou a k\u0159est b\u00e1snick\u00e9 sb\u00edrky Jakuba Chrob\u00e1ka V krvavin\u00e1ch.","rel":"","context":"V \u201eKnihy\u201c","block_context":{"text":"Knihy","link":"https:\/\/kotrla.com\/pmpro\/category\/knihy\/"},"img":{"alt_text":"","src":"https:\/\/i0.wp.com\/kotrla.com\/pmpro\/wp-content\/uploads\/2021\/11\/radio_les_20211128.jpg?resize=350%2C200&ssl=1","width":350,"height":200,"srcset":"https:\/\/i0.wp.com\/kotrla.com\/pmpro\/wp-content\/uploads\/2021\/11\/radio_les_20211128.jpg?resize=350%2C200&ssl=1 1x, https:\/\/i0.wp.com\/kotrla.com\/pmpro\/wp-content\/uploads\/2021\/11\/radio_les_20211128.jpg?resize=525%2C300&ssl=1 1.5x, https:\/\/i0.wp.com\/kotrla.com\/pmpro\/wp-content\/uploads\/2021\/11\/radio_les_20211128.jpg?resize=700%2C400&ssl=1 2x, https:\/\/i0.wp.com\/kotrla.com\/pmpro\/wp-content\/uploads\/2021\/11\/radio_les_20211128.jpg?resize=1050%2C600&ssl=1 3x, https:\/\/i0.wp.com\/kotrla.com\/pmpro\/wp-content\/uploads\/2021\/11\/radio_les_20211128.jpg?resize=1400%2C800&ssl=1 4x"},"classes":[]},{"id":209,"url":"https:\/\/kotrla.com\/pmpro\/2010\/05\/jakubova-dvojka\/","url_meta":{"origin":9397,"position":4},"title":"Jakubova dvojka","author":"Pavel Kotrla","date":"7.5.2010","format":false,"excerpt":"P\u0159ed sedmi roky byl jeden z prvn\u00edch p\u0159\u00edsp\u011bvk\u016f v\u011bnov\u00e1n vyd\u00e1n\u00ed prvotiny m\u00e9ho kamar\u00e1da Jakuba Chrob\u00e1ka. A ejhle! Sedmiletka se se\u0161la se sedmiletkou a je tu Jakubova druh\u00e1 b\u00e1snick\u00e1 sb\u00edrka: Adresy. Je\u0161t\u011b von\u00ed tisk\u00e1rnou. Vydalo domovsk\u00e9 vset\u00ednsk\u00e9 nakladatelstv\u00ed Dalibora Maliny. Jednu uk\u00e1zku naleznete zde, n\u011bco najdete v Textech a tu je\u2026","rel":"","context":"V \u201eLiteratura\u201c","block_context":{"text":"Literatura","link":"https:\/\/kotrla.com\/pmpro\/category\/literatura\/"},"img":{"alt_text":"Jakub Chrob\u00e1k - Adresy","src":"https:\/\/i0.wp.com\/kotrla.com\/pmpro\/images\/uploads\/adresy.gif?resize=350%2C200&ssl=1","width":350,"height":200},"classes":[]},{"id":12639,"url":"https:\/\/kotrla.com\/pmpro\/2025\/04\/moudrost-stezky-miroslava-cerneho-nominovana-v-cenach-jantar\/","url_meta":{"origin":9397,"position":5},"title":"Moudrost stezky Miroslava \u010cern\u00e9ho nominov\u00e1na v Cen\u00e1ch Jantar","author":"Pavel Kotrla","date":"4.4.2025","format":false,"excerpt":"Mal\u00e1 radost a velk\u00e9 p\u0159ekvapen\u00ed. Uvid\u00edme... Moudrost stezky Miroslava \u010cern\u00e9ho (Klenov 2024) byla nominov\u00e1na na Cenu Jantar v kategorii Literatura.","rel":"","context":"V \u201eKnihy\u201c","block_context":{"text":"Knihy","link":"https:\/\/kotrla.com\/pmpro\/category\/knihy\/"},"img":{"alt_text":"","src":"https:\/\/i0.wp.com\/kotrla.com\/pmpro\/wp-content\/uploads\/2025\/04\/ceny_jantar_nominace_2025_literatura.jpg?resize=350%2C200&ssl=1","width":350,"height":200,"srcset":"https:\/\/i0.wp.com\/kotrla.com\/pmpro\/wp-content\/uploads\/2025\/04\/ceny_jantar_nominace_2025_literatura.jpg?resize=350%2C200&ssl=1 1x, https:\/\/i0.wp.com\/kotrla.com\/pmpro\/wp-content\/uploads\/2025\/04\/ceny_jantar_nominace_2025_literatura.jpg?resize=525%2C300&ssl=1 1.5x, https:\/\/i0.wp.com\/kotrla.com\/pmpro\/wp-content\/uploads\/2025\/04\/ceny_jantar_nominace_2025_literatura.jpg?resize=700%2C400&ssl=1 2x, https:\/\/i0.wp.com\/kotrla.com\/pmpro\/wp-content\/uploads\/2025\/04\/ceny_jantar_nominace_2025_literatura.jpg?resize=1050%2C600&ssl=1 3x, https:\/\/i0.wp.com\/kotrla.com\/pmpro\/wp-content\/uploads\/2025\/04\/ceny_jantar_nominace_2025_literatura.jpg?resize=1400%2C800&ssl=1 4x"},"classes":[]}],"jetpack_sharing_enabled":true,"_links":{"self":[{"href":"https:\/\/kotrla.com\/pmpro\/wp-json\/wp\/v2\/posts\/9397","targetHints":{"allow":["GET"]}}],"collection":[{"href":"https:\/\/kotrla.com\/pmpro\/wp-json\/wp\/v2\/posts"}],"about":[{"href":"https:\/\/kotrla.com\/pmpro\/wp-json\/wp\/v2\/types\/post"}],"author":[{"embeddable":true,"href":"https:\/\/kotrla.com\/pmpro\/wp-json\/wp\/v2\/users\/1"}],"replies":[{"embeddable":true,"href":"https:\/\/kotrla.com\/pmpro\/wp-json\/wp\/v2\/comments?post=9397"}],"version-history":[{"count":0,"href":"https:\/\/kotrla.com\/pmpro\/wp-json\/wp\/v2\/posts\/9397\/revisions"}],"wp:attachment":[{"href":"https:\/\/kotrla.com\/pmpro\/wp-json\/wp\/v2\/media?parent=9397"}],"wp:term":[{"taxonomy":"category","embeddable":true,"href":"https:\/\/kotrla.com\/pmpro\/wp-json\/wp\/v2\/categories?post=9397"},{"taxonomy":"post_tag","embeddable":true,"href":"https:\/\/kotrla.com\/pmpro\/wp-json\/wp\/v2\/tags?post=9397"}],"curies":[{"name":"wp","href":"https:\/\/api.w.org\/{rel}","templated":true}]}}