{"id":943,"date":"2004-08-16T07:06:00","date_gmt":"2004-08-16T06:06:00","guid":{"rendered":"http:\/\/kotrla.com\/wordpress\/?p=943"},"modified":"2019-11-20T22:26:20","modified_gmt":"2019-11-20T21:26:20","slug":"kdo-je-autorem-nasledujicich-versu-50","status":"publish","type":"post","link":"https:\/\/kotrla.com\/pmpro\/2004\/08\/kdo-je-autorem-nasledujicich-versu-50\/","title":{"rendered":"Kdo je autorem n\u00e1sleduj\u00edc\u00edch ver\u0161\u016f? (50)"},"content":{"rendered":"<p>Tipujte. <b>Kdo je autorem n\u00e1sleduj\u00edc\u00ed b\u00e1sn\u011b?<\/b> A mal\u00e1 n\u00e1pov\u011bda: \u010cechy.<\/p>\n<p><b>K\u0159ik<\/b><\/p>\n<p>\u010clov\u011bk se narod\u00ed, a hned<br \/>\nk\u0159i\u010d\u00ed.<br \/>\nNikdo mu nerozum\u00ed, <br \/>\nale v\u0161echny pot\u011b\u0161il.<br \/>\nTady jsem j\u00e1! \u0159ve \u010dlov\u011bk,<br \/>\np\u0159i\u0161el jsem \u017e\u00edt.<br \/>\nJsem tu dob\u0159e?<br \/>\nNarodil jsem se u <br \/>\ndobr\u00fdch lid\u00ed?<br \/>\nVe slu\u0161n\u00e9m stolet\u00ed?<br \/>\nNevedu n\u00e1hodou v\u00e1lku?<br \/>\nJe tady zru\u0161eno otroctv\u00ed?<br \/>\nM\u00e1m spr\u00e1vnou barvu <br \/>\nk\u016f\u017ee?<br \/>\nVhodn\u00fd p\u016fvod?<br \/>\nSm\u00edm d\u00fdchat?<br \/>\nTak d\u011bkuju.<\/p>\n","protected":false},"excerpt":{"rendered":"<p>Tipujte. Kdo je autorem n\u00e1sleduj\u00edc\u00ed b\u00e1sn\u011b? A mal\u00e1 n\u00e1pov\u011bda: \u010cechy. K\u0159ik \u010clov\u011bk se narod\u00ed, a hned k\u0159i\u010d\u00ed. Nikdo mu nerozum\u00ed, ale v\u0161echny pot\u011b\u0161il. Tady jsem j\u00e1! \u0159ve \u010dlov\u011bk, p\u0159i\u0161el jsem \u017e\u00edt. Jsem tu dob\u0159e? Narodil jsem se u dobr\u00fdch lid\u00ed? Ve slu\u0161n\u00e9m stolet\u00ed? Nevedu n\u00e1hodou v\u00e1lku? Je tady zru\u0161eno otroctv\u00ed? M\u00e1m spr\u00e1vnou barvu k\u016f\u017ee? Vhodn\u00fd [&hellip;]<\/p>\n","protected":false},"author":1,"featured_media":0,"comment_status":"open","ping_status":"open","sticky":false,"template":"","format":"standard","meta":{"site-sidebar-layout":"default","site-content-layout":"","ast-site-content-layout":"default","site-content-style":"default","site-sidebar-style":"default","ast-global-header-display":"","ast-banner-title-visibility":"","ast-main-header-display":"","ast-hfb-above-header-display":"","ast-hfb-below-header-display":"","ast-hfb-mobile-header-display":"","site-post-title":"","ast-breadcrumbs-content":"","ast-featured-img":"","footer-sml-layout":"","ast-disable-related-posts":"","theme-transparent-header-meta":"","adv-header-id-meta":"","stick-header-meta":"","header-above-stick-meta":"","header-main-stick-meta":"","header-below-stick-meta":"","astra-migrate-meta-layouts":"default","ast-page-background-enabled":"default","ast-page-background-meta":{"desktop":{"background-color":"var(--ast-global-color-5)","background-image":"","background-repeat":"repeat","background-position":"center center","background-size":"auto","background-attachment":"scroll","background-type":"","background-media":"","overlay-type":"","overlay-color":"","overlay-opacity":"","overlay-gradient":""},"tablet":{"background-color":"","background-image":"","background-repeat":"repeat","background-position":"center center","background-size":"auto","background-attachment":"scroll","background-type":"","background-media":"","overlay-type":"","overlay-color":"","overlay-opacity":"","overlay-gradient":""},"mobile":{"background-color":"","background-image":"","background-repeat":"repeat","background-position":"center center","background-size":"auto","background-attachment":"scroll","background-type":"","background-media":"","overlay-type":"","overlay-color":"","overlay-opacity":"","overlay-gradient":""}},"ast-content-background-meta":{"desktop":{"background-color":"var(--ast-global-color-4)","background-image":"","background-repeat":"repeat","background-position":"center center","background-size":"auto","background-attachment":"scroll","background-type":"","background-media":"","overlay-type":"","overlay-color":"","overlay-opacity":"","overlay-gradient":""},"tablet":{"background-color":"var(--ast-global-color-4)","background-image":"","background-repeat":"repeat","background-position":"center center","background-size":"auto","background-attachment":"scroll","background-type":"","background-media":"","overlay-type":"","overlay-color":"","overlay-opacity":"","overlay-gradient":""},"mobile":{"background-color":"var(--ast-global-color-4)","background-image":"","background-repeat":"repeat","background-position":"center center","background-size":"auto","background-attachment":"scroll","background-type":"","background-media":"","overlay-type":"","overlay-color":"","overlay-opacity":"","overlay-gradient":""}},"jetpack_post_was_ever_published":false,"_jetpack_newsletter_access":"","_jetpack_dont_email_post_to_subs":false,"_jetpack_newsletter_tier_id":0,"_jetpack_memberships_contains_paywalled_content":false,"_jetpack_memberships_contains_paid_content":false,"footnotes":""},"categories":[17],"tags":[],"class_list":["post-943","post","type-post","status-publish","format-standard","hentry","category-kdo-je-autorem"],"jetpack_featured_media_url":"","jetpack_shortlink":"https:\/\/wp.me\/p4mLP7-fd","jetpack-related-posts":[{"id":702,"url":"https:\/\/kotrla.com\/pmpro\/2005\/08\/kdo-je-autorem-nasledujicich-versu-102\/","url_meta":{"origin":943,"position":0},"title":"Kdo je autorem n\u00e1sleduj\u00edc\u00edch ver\u0161\u016f? (102)","author":"Pavel Kotrla","date":"15.8.2005","format":false,"excerpt":"Minul\u00e1 stolet\u00ed u mne p\u0159\u00edli\u0161 nostalgie nevyvol\u00e1vaj\u00ed, ale \u010das od \u010dasu je t\u0159eba nakouknout i do nich. Kdy\u017e u\u017e byl tak p\u011bkn\u011b uhodnut minule Alois Jir\u00e1sek, tak je tu dal\u0161\u00ed d\u0159evn\u00ed kousek z \u010desk\u00fdh luh\u016f a h\u00e1j\u016f. Kdopak n\u00e1m to jenom napsal? Klas. Ju\u017e rychle zraji, dob\u0159e v\u00edm, a brzy\u2026","rel":"","context":"V \u201eKdo je autorem?\u201c","block_context":{"text":"Kdo je autorem?","link":"https:\/\/kotrla.com\/pmpro\/category\/kdo-je-autorem\/"},"img":{"alt_text":"","src":"","width":0,"height":0},"classes":[]},{"id":1229,"url":"https:\/\/kotrla.com\/pmpro\/2003\/09\/kdo-je-autorem-nasledujicich-versu-4\/","url_meta":{"origin":943,"position":1},"title":"Kdo je autorem n\u00e1sleduj\u00edc\u00edch ver\u0161\u016f? (4)","author":"Pavel Kotrla","date":"11.9.2003","format":false,"excerpt":"P\u0159\u00e1tel\u00e9, v\u00edm, \u017ee je o\u0161idn\u00e9 d\u00e1vat h\u00e1dat text vytr\u017een\u00fd z kontextu. V n\u011bkter\u00fdch p\u0159\u00edpadech je to ot\u00e1zka n\u00e1hody. Nemysl\u00edm si, \u017ee je nutn\u00e9 uhodnout p\u0159\u00edmo autora, ale t\u0159eba v odpov\u011bd\u00edch na posledn\u00ed ot\u00e1zku bylo patrn\u00e9, \u017ee existuje ur\u010dit\u00fd okruh autor\u016f s p\u0159\u00edbuznou poetikou, kte\u0159\u00ed se setkali i v ur\u010dit\u00e9 dob\u011b.\u2026","rel":"","context":"V \u201eKdo je autorem?\u201c","block_context":{"text":"Kdo je autorem?","link":"https:\/\/kotrla.com\/pmpro\/category\/kdo-je-autorem\/"},"img":{"alt_text":"","src":"","width":0,"height":0},"classes":[]},{"id":678,"url":"https:\/\/kotrla.com\/pmpro\/2005\/09\/kdo-je-autorem-nasledujicich-versu-108\/","url_meta":{"origin":943,"position":2},"title":"Kdo je autorem n\u00e1sleduj\u00edc\u00edch ver\u0161\u016f? (108)","author":"Pavel Kotrla","date":"26.9.2005","format":false,"excerpt":"pro st\u00e1le del\u0161\u00ed noci pond\u011bln\u00ed h\u00e1danka: ST\u00cdN Tak ti\u0161e jako po sametu jde st\u00e1le za mnou mihotav\u00fd st\u00edn \u2013 ulic\u00ed, sadem pln\u00fdm vonn\u00fdch kv\u011bt\u016f a v str\u00e1ni za mnou vnik\u00e1 do k\u0159ovin. To nech\u00e1pu, jak st\u00edn je vytrval\u00fd, on neopust\u00ed mne snad nikdy ji\u017e; jde st\u00e1le za mnou, jak bychom\u2026","rel":"","context":"V \u201eKdo je autorem?\u201c","block_context":{"text":"Kdo je autorem?","link":"https:\/\/kotrla.com\/pmpro\/category\/kdo-je-autorem\/"},"img":{"alt_text":"","src":"","width":0,"height":0},"classes":[]},{"id":764,"url":"https:\/\/kotrla.com\/pmpro\/2005\/05\/kdo-je-autorem-nasledujicich-versu-88\/","url_meta":{"origin":943,"position":3},"title":"Kdo je autorem n\u00e1sleduj\u00edc\u00edch ver\u0161\u016f? (88)","author":"Pavel Kotrla","date":"9.5.2005","format":false,"excerpt":"I dne\u0161n\u00ed pond\u011bln\u00ed a kv\u011btnov\u00e1 noc p\u0159in\u00e1\u0161\u00ed h\u00e1danku: Kdo je autorem n\u00e1sleduj\u00edc\u00ed b\u00e1sn\u011b? 10. \u010cekal jsem noc ple\u0165 noci termickou sympatii dvou pa\u017e\u00ed \u010cekal jsem noc pt\u00e1ci dvakr\u00e1t p\u0159elet\u00ed do\u0161ij\u00ed monogramy vypust\u00ed nit \u010cekal jsem noc ka\u017ed\u00e1 ot\u00e1zka se m\u00fdl\u00ed","rel":"","context":"V \u201eKdo je autorem?\u201c","block_context":{"text":"Kdo je autorem?","link":"https:\/\/kotrla.com\/pmpro\/category\/kdo-je-autorem\/"},"img":{"alt_text":"","src":"","width":0,"height":0},"classes":[]},{"id":952,"url":"https:\/\/kotrla.com\/pmpro\/2004\/08\/kdo-je-autorem-nasledujicich-versu-48\/","url_meta":{"origin":943,"position":4},"title":"Kdo je autorem n\u00e1sleduj\u00edc\u00edch ver\u0161\u016f? (48)","author":"Pavel Kotrla","date":"2.8.2004","format":false,"excerpt":"Kde furt hledat autory pro pond\u011bln\u00ed ot\u00e1zku? Ale nic, jenom \u0159e\u010dnick\u00e1 ot\u00e1zka. ;-) Tak\u017ee: Kdo je autorem n\u00e1sleduj\u00edc\u00ed b\u00e1sn\u011b? l\u00e9ta jsem z tebe up\u00edjel\u2026 l\u00e9ta jsem z tebe up\u00edjel nejd\u0159\u00edv jako zlod\u011bj na vinic\u00edch p\u00e1n\u011b hladov\u00fd a skryt\u00fd a p\u0159et\u00ed\u017een\u00fd zlem t\u00edm \u0161est\u00fdm prstem lidsk\u00fdm kter\u00fd bol\u00ed v r\u00e1n\u011b bral\u2026","rel":"","context":"V \u201eKdo je autorem?\u201c","block_context":{"text":"Kdo je autorem?","link":"https:\/\/kotrla.com\/pmpro\/category\/kdo-je-autorem\/"},"img":{"alt_text":"","src":"","width":0,"height":0},"classes":[]},{"id":997,"url":"https:\/\/kotrla.com\/pmpro\/2004\/05\/kdo-je-autorem-nasledujicich-versu-39\/","url_meta":{"origin":943,"position":5},"title":"Kdo je autorem n\u00e1sleduj\u00edc\u00edch ver\u0161\u016f? (39)","author":"Pavel Kotrla","date":"31.5.2004","format":false,"excerpt":"Tak to jsem zv\u011bdav! Uhodnete autora n\u00e1sleduj\u00edc\u00edch ver\u0161\u016f? D\u016fv\u011brn\u00e9 Sly\u0161el jsem ho jasn\u011b Jak dlouho volal Bravo bravo bravissimo Na zdrav\u00ed jedn\u00e9 Ma\u010farce Je\u017e v\u00e1\u017eila 120 kg A nebyla tlust\u00e1 Bravo bravo bravissimo Nemysl\u00edm na konkr\u00e9tn\u00ed v\u011bci Mrak se usadil Na m\u00e9 hlav\u011b Jsem velice \u0161\u0165asten Bravo bravo bravissimo Nap\u00ed\u0161i\u2026","rel":"","context":"V \u201eKdo je autorem?\u201c","block_context":{"text":"Kdo je autorem?","link":"https:\/\/kotrla.com\/pmpro\/category\/kdo-je-autorem\/"},"img":{"alt_text":"","src":"","width":0,"height":0},"classes":[]}],"jetpack_sharing_enabled":true,"_links":{"self":[{"href":"https:\/\/kotrla.com\/pmpro\/wp-json\/wp\/v2\/posts\/943","targetHints":{"allow":["GET"]}}],"collection":[{"href":"https:\/\/kotrla.com\/pmpro\/wp-json\/wp\/v2\/posts"}],"about":[{"href":"https:\/\/kotrla.com\/pmpro\/wp-json\/wp\/v2\/types\/post"}],"author":[{"embeddable":true,"href":"https:\/\/kotrla.com\/pmpro\/wp-json\/wp\/v2\/users\/1"}],"replies":[{"embeddable":true,"href":"https:\/\/kotrla.com\/pmpro\/wp-json\/wp\/v2\/comments?post=943"}],"version-history":[{"count":0,"href":"https:\/\/kotrla.com\/pmpro\/wp-json\/wp\/v2\/posts\/943\/revisions"}],"wp:attachment":[{"href":"https:\/\/kotrla.com\/pmpro\/wp-json\/wp\/v2\/media?parent=943"}],"wp:term":[{"taxonomy":"category","embeddable":true,"href":"https:\/\/kotrla.com\/pmpro\/wp-json\/wp\/v2\/categories?post=943"},{"taxonomy":"post_tag","embeddable":true,"href":"https:\/\/kotrla.com\/pmpro\/wp-json\/wp\/v2\/tags?post=943"}],"curies":[{"name":"wp","href":"https:\/\/api.w.org\/{rel}","templated":true}]}}