{"id":945,"date":"2004-08-16T06:50:44","date_gmt":"2004-08-16T05:50:44","guid":{"rendered":"http:\/\/kotrla.com\/wordpress\/?p=945"},"modified":"2019-11-20T22:26:20","modified_gmt":"2019-11-20T21:26:20","slug":"kazdorocni-nadilka","status":"publish","type":"post","link":"https:\/\/kotrla.com\/pmpro\/2004\/08\/kazdorocni-nadilka\/","title":{"rendered":"Ka\u017edoro\u010dn\u00ed nad\u00edlka"},"content":{"rendered":"<p><a href=\"http:\/\/www.rozhlas.cz\/kultura\/portal\/_zprava\/128612\">Moje recenze<\/a> na posledn\u00ed knihu Michala Viewegha na port\u00e1lu \u010cesk\u00e9ho rozhlasu.<\/p>\n","protected":false},"excerpt":{"rendered":"<p>Moje recenze na posledn\u00ed knihu Michala Viewegha na port\u00e1lu \u010cesk\u00e9ho rozhlasu.<\/p>\n","protected":false},"author":1,"featured_media":0,"comment_status":"open","ping_status":"open","sticky":false,"template":"","format":"standard","meta":{"site-sidebar-layout":"default","site-content-layout":"","ast-site-content-layout":"default","site-content-style":"default","site-sidebar-style":"default","ast-global-header-display":"","ast-banner-title-visibility":"","ast-main-header-display":"","ast-hfb-above-header-display":"","ast-hfb-below-header-display":"","ast-hfb-mobile-header-display":"","site-post-title":"","ast-breadcrumbs-content":"","ast-featured-img":"","footer-sml-layout":"","ast-disable-related-posts":"","theme-transparent-header-meta":"","adv-header-id-meta":"","stick-header-meta":"","header-above-stick-meta":"","header-main-stick-meta":"","header-below-stick-meta":"","astra-migrate-meta-layouts":"default","ast-page-background-enabled":"default","ast-page-background-meta":{"desktop":{"background-color":"var(--ast-global-color-5)","background-image":"","background-repeat":"repeat","background-position":"center center","background-size":"auto","background-attachment":"scroll","background-type":"","background-media":"","overlay-type":"","overlay-color":"","overlay-opacity":"","overlay-gradient":""},"tablet":{"background-color":"","background-image":"","background-repeat":"repeat","background-position":"center center","background-size":"auto","background-attachment":"scroll","background-type":"","background-media":"","overlay-type":"","overlay-color":"","overlay-opacity":"","overlay-gradient":""},"mobile":{"background-color":"","background-image":"","background-repeat":"repeat","background-position":"center center","background-size":"auto","background-attachment":"scroll","background-type":"","background-media":"","overlay-type":"","overlay-color":"","overlay-opacity":"","overlay-gradient":""}},"ast-content-background-meta":{"desktop":{"background-color":"var(--ast-global-color-4)","background-image":"","background-repeat":"repeat","background-position":"center center","background-size":"auto","background-attachment":"scroll","background-type":"","background-media":"","overlay-type":"","overlay-color":"","overlay-opacity":"","overlay-gradient":""},"tablet":{"background-color":"var(--ast-global-color-4)","background-image":"","background-repeat":"repeat","background-position":"center center","background-size":"auto","background-attachment":"scroll","background-type":"","background-media":"","overlay-type":"","overlay-color":"","overlay-opacity":"","overlay-gradient":""},"mobile":{"background-color":"var(--ast-global-color-4)","background-image":"","background-repeat":"repeat","background-position":"center center","background-size":"auto","background-attachment":"scroll","background-type":"","background-media":"","overlay-type":"","overlay-color":"","overlay-opacity":"","overlay-gradient":""}},"jetpack_post_was_ever_published":false,"_jetpack_newsletter_access":"","_jetpack_dont_email_post_to_subs":false,"_jetpack_newsletter_tier_id":0,"_jetpack_memberships_contains_paywalled_content":false,"_jetpack_memberships_contains_paid_content":false,"footnotes":""},"categories":[1],"tags":[],"class_list":["post-945","post","type-post","status-publish","format-standard","hentry","category-nezarazene"],"jetpack_featured_media_url":"","jetpack_shortlink":"https:\/\/wp.me\/p4mLP7-ff","jetpack-related-posts":[{"id":1297,"url":"https:\/\/kotrla.com\/pmpro\/2003\/07\/tuctovy-pribeh-drive-vyrazneho-autora\/","url_meta":{"origin":945,"position":0},"title":"Tuctov\u00fd p\u0159\u00edb\u011bh d\u0159\u00edve v\u00fdrazn\u00e9ho autora","author":"Pavel Kotrla","date":"6.7.2003","format":false,"excerpt":"Tak jo, v\u010dera vy\u0161la m\u00e1 ohla\u0161ovan\u00e1 recenze na posledn\u00ed knihu Michala Viewegha na port\u00e1lu \u010cesk\u00e9ho rozhlasu: http:\/\/www.rozhlas.cz\/kultura\/portal\/_zprava\/79477","rel":"","context":"V \u201eNeza\u0159azen\u00e9\u201c","block_context":{"text":"Neza\u0159azen\u00e9","link":"https:\/\/kotrla.com\/pmpro\/category\/nezarazene\/"},"img":{"alt_text":"","src":"","width":0,"height":0},"classes":[]},{"id":1301,"url":"https:\/\/kotrla.com\/pmpro\/2003\/07\/je-cas-poridit-si-ochranku\/","url_meta":{"origin":945,"position":1},"title":"Je \u010das po\u0159\u00edd\u00edt si ochranku","author":"Pavel Kotrla","date":"1.7.2003","format":false,"excerpt":"Jak \u0159\u00edk\u00e1 m\u016fj p\u0159\u00edtel Ren\u00e9 Ko\u010d\u00edk, m\u00e1m ten nejvy\u0161\u0161\u00ed \u010das na po\u0159\u00edzen\u00ed si osobn\u00ed ochranky. Vy\u0161la toti\u017e m\u00e1 recenze v T\u00fdden\u00edku Rozhlas na posledn\u00ed knihu Michala Viewegha: P\u0159\u00edpad nev\u011brn\u00e9 Kl\u00e1ry. Osobn\u011b pova\u017euji MW za sympatick\u00e9ho a mil\u00e9ho \u010dlov\u011bka. To nic ale nem\u011bn\u00ed na m\u00e9m n\u00e1zoru. Jo, u\u017e prost\u011b napsal lep\u0161\u00ed\u2026","rel":"","context":"V \u201eNeza\u0159azen\u00e9\u201c","block_context":{"text":"Neza\u0159azen\u00e9","link":"https:\/\/kotrla.com\/pmpro\/category\/nezarazene\/"},"img":{"alt_text":"","src":"","width":0,"height":0},"classes":[]},{"id":538,"url":"https:\/\/kotrla.com\/pmpro\/2006\/07\/oddechovy-cas-michala-viewegha\/","url_meta":{"origin":945,"position":2},"title":"Oddechov\u00fd \u010das Michala Viewegha","author":"Pavel Kotrla","date":"21.7.2006","format":false,"excerpt":"Moje recenze z T\u00fdden\u00edku Rozhlas na port\u00e1lu \u010cesk\u00e9ho rozhlasu: http:\/\/www.rozhlas.cz\/kultura\/literatura\/_zprava\/261227 Jsou prost\u011b kn\u00ed\u017eky, do jejich\u017e do\u010dten\u00ed se mus\u00edte nutit. Bohu\u017eel, toto byla jedna z nich.","rel":"","context":"V \u201eRecenze\u201c","block_context":{"text":"Recenze","link":"https:\/\/kotrla.com\/pmpro\/category\/recenze\/"},"img":{"alt_text":"image","src":"https:\/\/i0.wp.com\/kotrla.com\/pmpro\/images\/uploads\/viewegh_denik.jpg?resize=350%2C200&ssl=1","width":350,"height":200},"classes":[]},{"id":872,"url":"https:\/\/kotrla.com\/pmpro\/2004\/11\/pavel-brycz-patriarchatu-davno-zasla-slava\/","url_meta":{"origin":945,"position":3},"title":"Pavel Brycz: Patriarch\u00e1tu d\u00e1vno za\u0161l\u00e1 sl\u00e1va","author":"Pavel Kotrla","date":"29.11.2004","format":false,"excerpt":"Moje recenze na port\u00e1lu \u010cesk\u00e9ho rozhlasu na posledn\u00ed knihu Pavla Brycze, kter\u00e1 byla ocen\u011bna st\u00e1tn\u00ed cenou.","rel":"","context":"V \u201eNeza\u0159azen\u00e9\u201c","block_context":{"text":"Neza\u0159azen\u00e9","link":"https:\/\/kotrla.com\/pmpro\/category\/nezarazene\/"},"img":{"alt_text":"","src":"","width":0,"height":0},"classes":[]},{"id":848,"url":"https:\/\/kotrla.com\/pmpro\/2005\/01\/prozaicke-blues\/","url_meta":{"origin":945,"position":4},"title":"Prozaick\u00e9 blues","author":"Pavel Kotrla","date":"2.1.2005","format":false,"excerpt":"Moje recenze na port\u00e1lu \u010cesk\u00e9ho rozhlasu na knihu Jana Balab\u00e1na Mo\u017en\u00e1 \u017ee odch\u00e1z\u00edme.","rel":"","context":"V \u201eNeza\u0159azen\u00e9\u201c","block_context":{"text":"Neza\u0159azen\u00e9","link":"https:\/\/kotrla.com\/pmpro\/category\/nezarazene\/"},"img":{"alt_text":"","src":"","width":0,"height":0},"classes":[]},{"id":1065,"url":"https:\/\/kotrla.com\/pmpro\/2004\/03\/vaclav-rycl-pavilon-cislo-13\/","url_meta":{"origin":945,"position":5},"title":"V\u00e1clav Ry\u010dl: Pavilon \u010d\u00edslo 13","author":"Pavel Kotrla","date":"2.3.2004","format":false,"excerpt":"Moje recenze na knihu V\u00e1clava Ry\u010dla na port\u00e1lu \u010cesk\u00e9ho rozhlasu: http:\/\/www.rozhlas.cz\/kultura\/portal\/_zprava\/106727","rel":"","context":"V \u201eNeza\u0159azen\u00e9\u201c","block_context":{"text":"Neza\u0159azen\u00e9","link":"https:\/\/kotrla.com\/pmpro\/category\/nezarazene\/"},"img":{"alt_text":"","src":"","width":0,"height":0},"classes":[]}],"jetpack_sharing_enabled":true,"_links":{"self":[{"href":"https:\/\/kotrla.com\/pmpro\/wp-json\/wp\/v2\/posts\/945","targetHints":{"allow":["GET"]}}],"collection":[{"href":"https:\/\/kotrla.com\/pmpro\/wp-json\/wp\/v2\/posts"}],"about":[{"href":"https:\/\/kotrla.com\/pmpro\/wp-json\/wp\/v2\/types\/post"}],"author":[{"embeddable":true,"href":"https:\/\/kotrla.com\/pmpro\/wp-json\/wp\/v2\/users\/1"}],"replies":[{"embeddable":true,"href":"https:\/\/kotrla.com\/pmpro\/wp-json\/wp\/v2\/comments?post=945"}],"version-history":[{"count":0,"href":"https:\/\/kotrla.com\/pmpro\/wp-json\/wp\/v2\/posts\/945\/revisions"}],"wp:attachment":[{"href":"https:\/\/kotrla.com\/pmpro\/wp-json\/wp\/v2\/media?parent=945"}],"wp:term":[{"taxonomy":"category","embeddable":true,"href":"https:\/\/kotrla.com\/pmpro\/wp-json\/wp\/v2\/categories?post=945"},{"taxonomy":"post_tag","embeddable":true,"href":"https:\/\/kotrla.com\/pmpro\/wp-json\/wp\/v2\/tags?post=945"}],"curies":[{"name":"wp","href":"https:\/\/api.w.org\/{rel}","templated":true}]}}