{"id":949,"date":"2004-08-05T11:25:38","date_gmt":"2004-08-05T10:25:38","guid":{"rendered":"http:\/\/kotrla.com\/wordpress\/?p=949"},"modified":"2019-11-25T08:16:43","modified_gmt":"2019-11-25T07:16:43","slug":"john-gardner-milan-kundera-mario-vargas-llosa-literarni-kanon","status":"publish","type":"post","link":"https:\/\/kotrla.com\/pmpro\/2004\/08\/john-gardner-milan-kundera-mario-vargas-llosa-literarni-kanon\/","title":{"rendered":"John Gardner &#8211; Milan Kundera &#8211; Mario Vargas Llosa: liter\u00e1rn\u00ed k\u00e1non"},"content":{"rendered":"<p>P\u011bkn\u00fd \u010dl\u00e1nek srovn\u00e1vaj\u00edc\u00ed liter\u00e1rn\u00ed k\u00e1non v titulu uveden\u00fdch autor\u016f vy\u0161el na str\u00e1nk\u00e1ch <a href=\"https:\/\/web.archive.org\/web\/20090124011028\/http:\/\/rhetoricaldevice.com:80\/FireTheLiteraryCanon.html\">Rhetorical Device<\/a>. Pom\u011brn\u011b rozs\u00e1hl\u00e1 tabulka srovn\u00e1v\u00e1, na kter\u00e9 sv\u00e9 p\u0159edch\u016fdce ve sv\u00fdch teoretick\u00fdch d\u00edlech odkazuj\u00ed. A taky koho tito romanopisci preferuj\u00ed d\u00edky sv\u00e9mu p\u016fvodu. K zaj\u00edmav\u00fdm post\u0159eh\u016fm pat\u0159\u00ed t\u0159eba skute\u010dnost, \u017ee Milan Kundera ve sv\u00e9m autorsk\u00e9m v\u00fdb\u011bru zcela pom\u00edj\u00ed \u017eeny. Av\u0161ak i jeho kolegov\u00e9 na tom nejsou o mnoho l\u00e9pe a zmi\u0148uj\u00ed pouze Jane Austenovou (1775 &#8211; 1817) a Virginii Woolfovou (1882 &#8211; 1941). Kam se pod\u011bly modern\u00ed autorky? Tak\u00e9 nev\u00edme&#8230; <br \/>\nTaky mi zm\u00edn\u011bn\u00fd \u010dl\u00e1nek p\u0159ipom\u00edn\u00e1, \u017ee jsem si nekoupil \u010desk\u00e9 vyd\u00e1n\u00ed <b>K\u00e1nonu z\u00e1padn\u00ed literatury<\/b> (v\u00edce  v angli\u010dtin\u011b <a href=\"http:\/\/www.literarycritic.com\/bloom.htm\">tu<\/a> a <a href=\"http:\/\/www.bedfordstmartins.com\/litlinks\/critical\/bloom.htm\">tu<\/a>.) Kdyby tuto knihu n\u011bkdo n\u011bkde zahl\u00e9dl, tak a\u0165 d\u00e1 v\u011bd\u011bt.<\/p>\n","protected":false},"excerpt":{"rendered":"<p>P\u011bkn\u00fd \u010dl\u00e1nek srovn\u00e1vaj\u00edc\u00ed liter\u00e1rn\u00ed k\u00e1non v titulu uveden\u00fdch autor\u016f vy\u0161el na str\u00e1nk\u00e1ch Rhetorical Device. Pom\u011brn\u011b rozs\u00e1hl\u00e1 tabulka srovn\u00e1v\u00e1, na kter\u00e9 sv\u00e9 p\u0159edch\u016fdce ve sv\u00fdch teoretick\u00fdch d\u00edlech odkazuj\u00ed. A taky koho tito romanopisci preferuj\u00ed d\u00edky sv\u00e9mu p\u016fvodu. K zaj\u00edmav\u00fdm post\u0159eh\u016fm pat\u0159\u00ed t\u0159eba skute\u010dnost, \u017ee Milan Kundera ve sv\u00e9m autorsk\u00e9m v\u00fdb\u011bru zcela pom\u00edj\u00ed \u017eeny. Av\u0161ak i jeho [&hellip;]<\/p>\n","protected":false},"author":1,"featured_media":0,"comment_status":"open","ping_status":"open","sticky":false,"template":"","format":"standard","meta":{"site-sidebar-layout":"default","site-content-layout":"","ast-site-content-layout":"default","site-content-style":"default","site-sidebar-style":"default","ast-global-header-display":"","ast-banner-title-visibility":"","ast-main-header-display":"","ast-hfb-above-header-display":"","ast-hfb-below-header-display":"","ast-hfb-mobile-header-display":"","site-post-title":"","ast-breadcrumbs-content":"","ast-featured-img":"","footer-sml-layout":"","ast-disable-related-posts":"","theme-transparent-header-meta":"","adv-header-id-meta":"","stick-header-meta":"","header-above-stick-meta":"","header-main-stick-meta":"","header-below-stick-meta":"","astra-migrate-meta-layouts":"default","ast-page-background-enabled":"default","ast-page-background-meta":{"desktop":{"background-color":"var(--ast-global-color-5)","background-image":"","background-repeat":"repeat","background-position":"center center","background-size":"auto","background-attachment":"scroll","background-type":"","background-media":"","overlay-type":"","overlay-color":"","overlay-opacity":"","overlay-gradient":""},"tablet":{"background-color":"","background-image":"","background-repeat":"repeat","background-position":"center center","background-size":"auto","background-attachment":"scroll","background-type":"","background-media":"","overlay-type":"","overlay-color":"","overlay-opacity":"","overlay-gradient":""},"mobile":{"background-color":"","background-image":"","background-repeat":"repeat","background-position":"center center","background-size":"auto","background-attachment":"scroll","background-type":"","background-media":"","overlay-type":"","overlay-color":"","overlay-opacity":"","overlay-gradient":""}},"ast-content-background-meta":{"desktop":{"background-color":"var(--ast-global-color-4)","background-image":"","background-repeat":"repeat","background-position":"center center","background-size":"auto","background-attachment":"scroll","background-type":"","background-media":"","overlay-type":"","overlay-color":"","overlay-opacity":"","overlay-gradient":""},"tablet":{"background-color":"var(--ast-global-color-4)","background-image":"","background-repeat":"repeat","background-position":"center center","background-size":"auto","background-attachment":"scroll","background-type":"","background-media":"","overlay-type":"","overlay-color":"","overlay-opacity":"","overlay-gradient":""},"mobile":{"background-color":"var(--ast-global-color-4)","background-image":"","background-repeat":"repeat","background-position":"center center","background-size":"auto","background-attachment":"scroll","background-type":"","background-media":"","overlay-type":"","overlay-color":"","overlay-opacity":"","overlay-gradient":""}},"jetpack_post_was_ever_published":false,"_jetpack_newsletter_access":"","_jetpack_dont_email_post_to_subs":false,"_jetpack_newsletter_tier_id":0,"_jetpack_memberships_contains_paywalled_content":false,"_jetpack_memberships_contains_paid_content":false,"footnotes":""},"categories":[1],"tags":[],"class_list":["post-949","post","type-post","status-publish","format-standard","hentry","category-nezarazene"],"jetpack_featured_media_url":"","jetpack_shortlink":"https:\/\/wp.me\/p4mLP7-fj","jetpack-related-posts":[{"id":1046,"url":"https:\/\/kotrla.com\/pmpro\/2004\/03\/literarni-hlidka-v-breznu\/","url_meta":{"origin":949,"position":0},"title":"Liter\u00e1rn\u00ed hl\u00eddka v b\u0159eznu","author":"Pavel Kotrla","date":"25.3.2004","format":false,"excerpt":"Tak jsem op\u011bt po \u010dase proch\u00e1zel str\u00e1nku nakladatelstv\u00ed Petrov. O sv\u00e9 autory pe\u010duje dob\u0159e. Str\u00e1nky jsou \u010dasto aktualizov\u00e1ny a najdete zde spoustu informac\u00ed, kter\u00e9 p\u0159\u00edmo s nakladatelskou \u010dinnosti nesouvis\u00ed. Jsou to nap\u0159\u00edklad den\u00edky spisovatel\u016f (nap\u0159. Anton\u00edn Bajaja). Taky jak\u00e1si obdoba blog\u016f. :-) A te\u010f k \u010dasopis\u016fm. \u017de se kone\u010dn\u011b do\u010dk\u00e1me\u2026","rel":"","context":"V \u201eNeza\u0159azen\u00e9\u201c","block_context":{"text":"Neza\u0159azen\u00e9","link":"https:\/\/kotrla.com\/pmpro\/category\/nezarazene\/"},"img":{"alt_text":"","src":"","width":0,"height":0},"classes":[]},{"id":1325,"url":"https:\/\/kotrla.com\/pmpro\/2003\/06\/le-monde-diplomatique\/","url_meta":{"origin":949,"position":1},"title":"Le Monde diplomatique","author":"Pavel Kotrla","date":"11.6.2003","format":false,"excerpt":"Nen\u00ed to zcela nej\u010derstv\u011bj\u0161\u00ed zpr\u00e1va, ale p\u0159ece jenom stoj\u00ed za zm\u00ednku. Od 15. kv\u011btna za\u010daly na str\u00e1nk\u00e1ch Vulgo.net vych\u00e1zet v \u010de\u0161tin\u011b \u010dl\u00e1nky z Le Monde diplomatique, co\u017e je pom\u011brn\u011b presti\u017en\u00ed evropsk\u00fd m\u011bs\u00ed\u010dn\u00edk pro politiku a kulturu. Tak\u017ee dobr\u00e1 zpr\u00e1va pro frankofily. Revue Vulgo.net bude jinak i nad\u00e1le fungovat v nezm\u011bn\u011bn\u00e9\u2026","rel":"","context":"V \u201eNeza\u0159azen\u00e9\u201c","block_context":{"text":"Neza\u0159azen\u00e9","link":"https:\/\/kotrla.com\/pmpro\/category\/nezarazene\/"},"img":{"alt_text":"","src":"","width":0,"height":0},"classes":[]},{"id":1344,"url":"https:\/\/kotrla.com\/pmpro\/2003\/05\/program-festivalu-literarni-kveten-2003\/","url_meta":{"origin":949,"position":2},"title":"Program festivalu Liter\u00e1rn\u00ed kv\u011bten 2003","author":"Pavel Kotrla","date":"19.5.2003","format":false,"excerpt":"Pokud se chcete setkat se \u010dleny redakce \u010dasopisu Texty a p\u0159\u00e1telsky naklon\u011bn\u00fdch redakc\u00ed \u010dasopis\u016f Weles a Aluze, tak m\u00e1te mo\u017enost. Budeme na festivalu Liter\u00e1rn\u00ed kv\u011bten 2003, kter\u00fd se po\u0159\u00e1d\u00e1 v n\u00e1sleduj\u00edc\u00edch dnech ve Zl\u00edn\u011b. A tak \u010dtvrtek a p\u00e1tek jsou dny, kdy na n\u00e1s bude mo\u017eno narazit. Tak\u00e9 si budete\u2026","rel":"","context":"V \u201eNeza\u0159azen\u00e9\u201c","block_context":{"text":"Neza\u0159azen\u00e9","link":"https:\/\/kotrla.com\/pmpro\/category\/nezarazene\/"},"img":{"alt_text":"","src":"","width":0,"height":0},"classes":[]},{"id":1377,"url":"https:\/\/kotrla.com\/pmpro\/2003\/04\/anonymita-a-identita\/","url_meta":{"origin":949,"position":3},"title":"Anonymita a identita","author":"Pavel Kotrla","date":"2.4.2003","format":false,"excerpt":"To jsou zase v\u011bci! Tak podle \u010dl\u00e1nku na Undergroundu chce FBI chce snaz\u0161\u00ed odposlech Internetu. Tak on u\u017e jim nesta\u010d\u00ed Echelon. (Taky \u010dl\u00e1nek: Pravdy a m\u00fdty o echelonu) Ostatn\u011b: taky v\u011b\u0159\u00edte v\u0161emu tomu \u201efiltrovan\u00e9mu\u201c v\u00e1le\u010dn\u00e9mu zpravodajstv\u00ed? ;-) P\u0159e\u010dt\u011bte si t\u0159eba n\u011bco z Britsk\u00fdch list\u016f. Pom\u011brn\u011b zaj\u00edmav\u00fd \u010dl\u00e1nek Franti\u0161ka Petro Anonymita\u2026","rel":"","context":"V \u201eNeza\u0159azen\u00e9\u201c","block_context":{"text":"Neza\u0159azen\u00e9","link":"https:\/\/kotrla.com\/pmpro\/category\/nezarazene\/"},"img":{"alt_text":"","src":"","width":0,"height":0},"classes":[]},{"id":1372,"url":"https:\/\/kotrla.com\/pmpro\/2003\/04\/dobra-adresa-042003-a-tvar-72003\/","url_meta":{"origin":949,"position":4},"title":"Dobr\u00e1 adresa 04\/2003 a Tvar 7\/2003","author":"Pavel Kotrla","date":"8.4.2003","format":false,"excerpt":"Cel\u00fd nat\u011b\u0161en\u00fd jsem za\u010dal \u010d\u00edst posledn\u00ed \u010d\u00edsla t\u011bchto liter\u00e1rn\u00edch \u010dasopis\u016f.\u00a0 Dobr\u00e1 adresa mne ale p\u0159\u00edli\u0161 nep\u0159esv\u011bd\u010dila. Nest\u00e1v\u00e1 se to u tohoto \u010dasopisu \u010dasto, ale dubnov\u00e9 \u010d\u00edslo je takov\u00e9 n\u011bjak\u00e9 plan\u00e9. \u017de by ub\u00fdvalo sil? T\u011b\u017eko odhadnout. Vy\u0161lo pozd\u011bji ne\u017e je obvykl\u00e9. I kdy\u017e dva dny zpo\u017ed\u011bn\u00ed nen\u00ed v p\u0159\u00edpad\u011b liter\u00e1rn\u00edch\u2026","rel":"","context":"V \u201eNeza\u0159azen\u00e9\u201c","block_context":{"text":"Neza\u0159azen\u00e9","link":"https:\/\/kotrla.com\/pmpro\/category\/nezarazene\/"},"img":{"alt_text":"","src":"","width":0,"height":0},"classes":[]},{"id":1095,"url":"https:\/\/kotrla.com\/pmpro\/2004\/01\/ctenar-casopisu-v-lednu-dovetek\/","url_meta":{"origin":949,"position":5},"title":"\u010cten\u00e1\u0159 \u010dasopisu v lednu &#8211; dov\u011btek","author":"Pavel Kotrla","date":"26.1.2004","format":false,"excerpt":"Je\u0161t\u011b je tu Tvar 2\/2004, jeho\u017e archiv \u010d\u00edsel v PDF je k nalezen\u00ed na str\u00e1nk\u00e1ch \u00dastavu pro \u010deskou literaturu. Posledn\u00ed \u010d\u00edslo p\u0159in\u00e1\u0161\u00ed dal\u0161\u00ed ohlasy v\u011bnuj\u00edc\u00ed se Paverov\u011b opsan\u00e9 pr\u00e1ci, ze kterou z\u00edskal docenturu. Bohu\u017eel stav \u010dek\u00e9ho pr\u00e1va je takov\u00fd, \u017ee titul nelze odejmout. (V\u00edce \u010dl\u00e1nek a reakce na Aluze.cz) V\u2026","rel":"","context":"V \u201eNeza\u0159azen\u00e9\u201c","block_context":{"text":"Neza\u0159azen\u00e9","link":"https:\/\/kotrla.com\/pmpro\/category\/nezarazene\/"},"img":{"alt_text":"","src":"","width":0,"height":0},"classes":[]}],"jetpack_sharing_enabled":true,"_links":{"self":[{"href":"https:\/\/kotrla.com\/pmpro\/wp-json\/wp\/v2\/posts\/949","targetHints":{"allow":["GET"]}}],"collection":[{"href":"https:\/\/kotrla.com\/pmpro\/wp-json\/wp\/v2\/posts"}],"about":[{"href":"https:\/\/kotrla.com\/pmpro\/wp-json\/wp\/v2\/types\/post"}],"author":[{"embeddable":true,"href":"https:\/\/kotrla.com\/pmpro\/wp-json\/wp\/v2\/users\/1"}],"replies":[{"embeddable":true,"href":"https:\/\/kotrla.com\/pmpro\/wp-json\/wp\/v2\/comments?post=949"}],"version-history":[{"count":0,"href":"https:\/\/kotrla.com\/pmpro\/wp-json\/wp\/v2\/posts\/949\/revisions"}],"wp:attachment":[{"href":"https:\/\/kotrla.com\/pmpro\/wp-json\/wp\/v2\/media?parent=949"}],"wp:term":[{"taxonomy":"category","embeddable":true,"href":"https:\/\/kotrla.com\/pmpro\/wp-json\/wp\/v2\/categories?post=949"},{"taxonomy":"post_tag","embeddable":true,"href":"https:\/\/kotrla.com\/pmpro\/wp-json\/wp\/v2\/tags?post=949"}],"curies":[{"name":"wp","href":"https:\/\/api.w.org\/{rel}","templated":true}]}}