{"id":9502,"date":"2022-02-23T09:23:22","date_gmt":"2022-02-23T08:23:22","guid":{"rendered":"http:\/\/kotrla.com\/pmpro\/?p=9502"},"modified":"2022-02-23T09:24:47","modified_gmt":"2022-02-23T08:24:47","slug":"mirkovi-machalovi-byla-udelena-cena-mesta-vsetina","status":"publish","type":"post","link":"https:\/\/kotrla.com\/pmpro\/2022\/02\/mirkovi-machalovi-byla-udelena-cena-mesta-vsetina\/","title":{"rendered":"Mirkovi Machalovi byla ud\u011blena Cena m\u011bsta Vset\u00edna"},"content":{"rendered":"<p>Vset\u00ednsk\u00fd socha\u0159, a m\u016fj dlouholet\u00fd p\u0159\u00edtel, <a href=\"https:\/\/www.osobnostivalasska.cz\/osobnost\/miroslav-machala\/\">Miroslav Machala<\/a> obdr\u017eel <a href=\"https:\/\/www.mestovsetin.cz\/cena-mesta-vsetina-pro-sochare-miroslava-machalu\/d-548369\">Cenu m\u011bsta Vset\u00edna<\/a>. Velk\u00e1 gratulace! I na m\u00fdch str\u00e1nk\u00e1ch si m\u016f\u017eete p\u0159ipomenout aspo\u0148 n\u011bco m\u00e1lo z jeho aktivit: <a href=\"https:\/\/kotrla.com\/pmpro\/2016\/09\/meridian-18\/\">Meridian 18<\/a>,\u00a0 <a href=\"https:\/\/kotrla.com\/pmpro\/2017\/05\/machala-golan\/\">Machala-Gol\u00e1\u0148<\/a>, <a href=\"https:\/\/kotrla.com\/pmpro\/2019\/09\/setkani-rencontre-vernisaz\/\">Setk\u00e1n\u00ed ~ Rencontre: vernis\u00e1\u017e<\/a>. A tak\u00e9 jsme v m\u00e9m Klenov\u011b vydali sborn\u00edk <a href=\"https:\/\/kotrla.com\/pmpro\/klenov\/mirkovi\/\">Mirkovi!<\/a> k jeho sedmdes\u00e1tin\u00e1m. N\u011bkolik kus\u016f st\u00e1le naleznete v <a href=\"https:\/\/www.knihcentrum.cz\/Kniha\/mirkovi\">distribuci<\/a>.<\/p>\n<figure id=\"attachment_6627\" aria-describedby=\"caption-attachment-6627\" style=\"width: 1600px\" class=\"wp-caption alignnone\"><a href=\"https:\/\/kotrla.com\/pmpro\/wp-content\/uploads\/2020\/05\/miroslav_machala_IMGP6180bw.jpg\"><img loading=\"lazy\" decoding=\"async\" class=\"size-full wp-image-6627\" src=\"https:\/\/kotrla.com\/pmpro\/wp-content\/uploads\/2020\/05\/miroslav_machala_IMGP6180bw.jpg\" alt=\"Miroslav Machala\" width=\"1600\" height=\"1063\" srcset=\"https:\/\/kotrla.com\/pmpro\/wp-content\/uploads\/2020\/05\/miroslav_machala_IMGP6180bw.jpg 1600w, https:\/\/kotrla.com\/pmpro\/wp-content\/uploads\/2020\/05\/miroslav_machala_IMGP6180bw-300x199.jpg 300w, https:\/\/kotrla.com\/pmpro\/wp-content\/uploads\/2020\/05\/miroslav_machala_IMGP6180bw-1024x680.jpg 1024w, https:\/\/kotrla.com\/pmpro\/wp-content\/uploads\/2020\/05\/miroslav_machala_IMGP6180bw-1536x1020.jpg 1536w\" sizes=\"auto, (max-width: 1600px) 100vw, 1600px\" \/><\/a><figcaption id=\"caption-attachment-6627\" class=\"wp-caption-text\">Miroslav Machala<\/figcaption><\/figure>\n","protected":false},"excerpt":{"rendered":"<p>Vset\u00ednsk\u00fd socha\u0159, a m\u016fj dlouholet\u00fd p\u0159\u00edtel, Miroslav Machala obdr\u017eel Cenu m\u011bsta Vset\u00edna. Velk\u00e1 gratulace! I na m\u00fdch str\u00e1nk\u00e1ch si m\u016f\u017eete p\u0159ipomenout aspo\u0148 n\u011bco m\u00e1lo z jeho aktivit: Meridian 18,\u00a0 Machala-Gol\u00e1\u0148, Setk\u00e1n\u00ed ~ Rencontre: vernis\u00e1\u017e. A tak\u00e9 jsme v m\u00e9m Klenov\u011b vydali sborn\u00edk Mirkovi! k jeho sedmdes\u00e1tin\u00e1m. N\u011bkolik kus\u016f st\u00e1le naleznete v distribuci.<\/p>\n","protected":false},"author":1,"featured_media":0,"comment_status":"open","ping_status":"open","sticky":false,"template":"","format":"standard","meta":{"site-sidebar-layout":"default","site-content-layout":"default","ast-site-content-layout":"default","site-content-style":"default","site-sidebar-style":"default","ast-global-header-display":"","ast-banner-title-visibility":"","ast-main-header-display":"","ast-hfb-above-header-display":"","ast-hfb-below-header-display":"","ast-hfb-mobile-header-display":"","site-post-title":"","ast-breadcrumbs-content":"","ast-featured-img":"","footer-sml-layout":"","ast-disable-related-posts":"","theme-transparent-header-meta":"","adv-header-id-meta":"","stick-header-meta":"","header-above-stick-meta":"","header-main-stick-meta":"","header-below-stick-meta":"","astra-migrate-meta-layouts":"default","ast-page-background-enabled":"default","ast-page-background-meta":{"desktop":{"background-color":"var(--ast-global-color-5)","background-image":"","background-repeat":"repeat","background-position":"center center","background-size":"auto","background-attachment":"scroll","background-type":"","background-media":"","overlay-type":"","overlay-color":"","overlay-opacity":"","overlay-gradient":""},"tablet":{"background-color":"","background-image":"","background-repeat":"repeat","background-position":"center center","background-size":"auto","background-attachment":"scroll","background-type":"","background-media":"","overlay-type":"","overlay-color":"","overlay-opacity":"","overlay-gradient":""},"mobile":{"background-color":"","background-image":"","background-repeat":"repeat","background-position":"center center","background-size":"auto","background-attachment":"scroll","background-type":"","background-media":"","overlay-type":"","overlay-color":"","overlay-opacity":"","overlay-gradient":""}},"ast-content-background-meta":{"desktop":{"background-color":"var(--ast-global-color-4)","background-image":"","background-repeat":"repeat","background-position":"center center","background-size":"auto","background-attachment":"scroll","background-type":"","background-media":"","overlay-type":"","overlay-color":"","overlay-opacity":"","overlay-gradient":""},"tablet":{"background-color":"var(--ast-global-color-4)","background-image":"","background-repeat":"repeat","background-position":"center center","background-size":"auto","background-attachment":"scroll","background-type":"","background-media":"","overlay-type":"","overlay-color":"","overlay-opacity":"","overlay-gradient":""},"mobile":{"background-color":"var(--ast-global-color-4)","background-image":"","background-repeat":"repeat","background-position":"center center","background-size":"auto","background-attachment":"scroll","background-type":"","background-media":"","overlay-type":"","overlay-color":"","overlay-opacity":"","overlay-gradient":""}},"jetpack_post_was_ever_published":false,"_jetpack_newsletter_access":"","_jetpack_dont_email_post_to_subs":false,"_jetpack_newsletter_tier_id":0,"_jetpack_memberships_contains_paywalled_content":false,"_jetpack_memberships_contains_paid_content":false,"footnotes":""},"categories":[57,3],"tags":[],"class_list":["post-9502","post","type-post","status-publish","format-standard","hentry","category-nakladatelstvi-klenov","category-osobni"],"jetpack_featured_media_url":"","jetpack_shortlink":"https:\/\/wp.me\/p4mLP7-2tg","jetpack-related-posts":[{"id":9724,"url":"https:\/\/kotrla.com\/pmpro\/2022\/06\/cena-mesta-vsetina-pro-miroslava-machalu\/","url_meta":{"origin":9502,"position":0},"title":"Cena m\u011bsta Vset\u00edna pro Miroslava Machalu","author":"Pavel Kotrla","date":"28.6.2022","format":false,"excerpt":"Socha\u0159 Miroslav Machala v ned\u011bli 19. \u010dervna v 17 hodin ve vset\u00ednsk\u00e9m z\u00e1mku p\u0159evzal Cenu m\u011bsta Vset\u00edna. Jen pro tento ve\u010der bylo v p\u0159eds\u00e1l\u00ed vystaveno n\u011bkolik autorov\u00fdch plastik z posledn\u00ed doby. (Zaznamen\u00e1no aspo\u0148 mobilem.)","rel":"","context":"V \u201eOsobn\u00ed\u201c","block_context":{"text":"Osobn\u00ed","link":"https:\/\/kotrla.com\/pmpro\/category\/osobni\/"},"img":{"alt_text":"","src":"https:\/\/i0.wp.com\/kotrla.com\/pmpro\/wp-content\/uploads\/2022\/06\/machala_07.jpg?resize=350%2C200&ssl=1","width":350,"height":200,"srcset":"https:\/\/i0.wp.com\/kotrla.com\/pmpro\/wp-content\/uploads\/2022\/06\/machala_07.jpg?resize=350%2C200&ssl=1 1x, https:\/\/i0.wp.com\/kotrla.com\/pmpro\/wp-content\/uploads\/2022\/06\/machala_07.jpg?resize=525%2C300&ssl=1 1.5x, https:\/\/i0.wp.com\/kotrla.com\/pmpro\/wp-content\/uploads\/2022\/06\/machala_07.jpg?resize=700%2C400&ssl=1 2x, https:\/\/i0.wp.com\/kotrla.com\/pmpro\/wp-content\/uploads\/2022\/06\/machala_07.jpg?resize=1050%2C600&ssl=1 3x, https:\/\/i0.wp.com\/kotrla.com\/pmpro\/wp-content\/uploads\/2022\/06\/machala_07.jpg?resize=1400%2C800&ssl=1 4x"},"classes":[]},{"id":2968,"url":"https:\/\/kotrla.com\/pmpro\/2016\/09\/meridian-18\/","url_meta":{"origin":9502,"position":1},"title":"Meridian 18","author":"Pavel Kotrla","date":"24.9.2016","format":false,"excerpt":"Osmn\u00e1ct\u00fd poledn\u00edk se stal inspirac\u00ed pro obelisk vset\u00ednsk\u00e9ho socha\u0159e Miroslava Machaly, kter\u00fd byl dnes slavnostn\u011b odhalen na pozici 49.375N, 18.000E.\u00a0Mirkovi se to povedlo! Skv\u011blou akci doprov\u00e1zel hudbou Spolek Vdolek. Podobn\u011b jako my m\u016f\u017eete pozorovat, jak v prav\u00e9 poledne slunce sv\u00edt\u00ed \u0161t\u011brbinou. A kdy je prav\u00e9 poledne? Strana obelisku napov\u00ed. Kdopak\u2026","rel":"","context":"V \u201eFotografie\u201c","block_context":{"text":"Fotografie","link":"https:\/\/kotrla.com\/pmpro\/category\/fotografie\/"},"img":{"alt_text":"","src":"https:\/\/i0.wp.com\/kotrla.com\/pmpro\/wp-content\/uploads\/2016\/09\/meridian18_IMGP6835-150x150.jpg?resize=350%2C200&ssl=1","width":350,"height":200,"srcset":"https:\/\/i0.wp.com\/kotrla.com\/pmpro\/wp-content\/uploads\/2016\/09\/meridian18_IMGP6835-150x150.jpg?resize=350%2C200&ssl=1 1x, https:\/\/i0.wp.com\/kotrla.com\/pmpro\/wp-content\/uploads\/2016\/09\/meridian18_IMGP6835-150x150.jpg?resize=525%2C300&ssl=1 1.5x, https:\/\/i0.wp.com\/kotrla.com\/pmpro\/wp-content\/uploads\/2016\/09\/meridian18_IMGP6835-150x150.jpg?resize=700%2C400&ssl=1 2x, https:\/\/i0.wp.com\/kotrla.com\/pmpro\/wp-content\/uploads\/2016\/09\/meridian18_IMGP6835-150x150.jpg?resize=1050%2C600&ssl=1 3x, https:\/\/i0.wp.com\/kotrla.com\/pmpro\/wp-content\/uploads\/2016\/09\/meridian18_IMGP6835-150x150.jpg?resize=1400%2C800&ssl=1 4x"},"classes":[]},{"id":208,"url":"https:\/\/kotrla.com\/pmpro\/2010\/05\/setkani-s-casopisem-texty-jeho-autory-hosty-a-verejnosti\/","url_meta":{"origin":9502,"position":2},"title":"Setk\u00e1n\u00ed s \u010dasopisem Texty, jeho autory, hosty a ve\u0159ejnost\u00ed","author":"Pavel Kotrla","date":"10.5.2010","format":false,"excerpt":"a uveden\u00ed nov\u00e9 b\u00e1snick\u00e9 sb\u00edrky Jakuba Chrob\u00e1ka ADRESY za \u00fa\u010dasti \u010desk\u00fdch b\u00e1sn\u00edk\u016f Petra Hru\u0161ky a Bo\u017eeny Spr\u00e1vcov\u00e9. Hraj\u00ed cimb\u00e1lov\u00e1 muzika ze Vset\u00edna a kapela Le\u017e\u00e9rn\u011b a vle\u017ee. Knihkupectv\u00ed Malina, Doln\u00ed n\u00e1m\u011bst\u00ed Vset\u00edn P\u00e1tek 21. kv\u011btna 2010 od 17 hod. P\u0159\u00e1tel\u00e9, jin\u00fdmi slovy: dal\u0161\u00ed ve\u010d\u00edrek. Srde\u010dn\u011b zveme.","rel":"","context":"V \u201eLiteratura\u201c","block_context":{"text":"Literatura","link":"https:\/\/kotrla.com\/pmpro\/category\/literatura\/"},"img":{"alt_text":"\u010dasopis Texty","src":"https:\/\/i0.wp.com\/kotrla.com\/pmpro\/images\/uploads\/texty_logo.gif?resize=350%2C200&ssl=1","width":350,"height":200},"classes":[]},{"id":367,"url":"https:\/\/kotrla.com\/pmpro\/2008\/03\/valasska-krajina-tri-jizvy\/","url_meta":{"origin":9502,"position":3},"title":"Vala\u0161sk\u00e1 krajina: t\u0159i jizvy","author":"Pavel Kotrla","date":"7.3.2008","format":false,"excerpt":"Dnes jsme s kamar\u00e1dy provedli intern\u00ed volbu t\u0159\u00ed nejhor\u0161\u00edch jizev na krajin\u011b Vala\u0161ska. Dv\u011b jsem zde u\u017e zmi\u0148oval, posledn\u00ed je tak v\u00fdrazn\u00e1 a obludn\u00e1, \u017ee jsem si ji u\u017e p\u0159estal vn\u00edmat. Tak\u017ee n\u00e1\u0161 \u017eeb\u0159\u00ed\u010dek, bez n\u00e1roku na p\u0159esn\u00e9 po\u0159ad\u00ed: 1) Roz\u0161i\u0159uj\u00edc\u00ed se kamenolom v ho\u0159e Klenov 2) Vznikaj\u00edc\u00ed rychlostn\u00ed komunikace\u2026","rel":"","context":"V \u201eOsobn\u00ed\u201c","block_context":{"text":"Osobn\u00ed","link":"https:\/\/kotrla.com\/pmpro\/category\/osobni\/"},"img":{"alt_text":"","src":"","width":0,"height":0},"classes":[]},{"id":6624,"url":"https:\/\/kotrla.com\/pmpro\/2020\/05\/mirkovi\/","url_meta":{"origin":9502,"position":4},"title":"Mirkovi.","author":"Pavel Kotrla","date":"10.5.2020","format":false,"excerpt":"Tak dal\u0161\u00ed kniha Klenova na sv\u011bt\u011b. Tentokr\u00e1t sborn\u00edk Mirkovi. Sborn\u00edk p\u0159\u00edsp\u011bvk\u016f k sedmdes\u00e1tin\u00e1m Miroslava Machaly. V\u00edce o knize zde.\u00a0V p\u00e1tek p\u0159ed\u00e1no p\u0159ekvapen\u00e9mu oslavenci.","rel":"","context":"V \u201eKnihy\u201c","block_context":{"text":"Knihy","link":"https:\/\/kotrla.com\/pmpro\/category\/knihy\/"},"img":{"alt_text":"Miroslav Machala","src":"https:\/\/i0.wp.com\/kotrla.com\/pmpro\/wp-content\/uploads\/2020\/05\/miroslav_machala_IMGP6180bw.jpg?resize=350%2C200&ssl=1","width":350,"height":200,"srcset":"https:\/\/i0.wp.com\/kotrla.com\/pmpro\/wp-content\/uploads\/2020\/05\/miroslav_machala_IMGP6180bw.jpg?resize=350%2C200&ssl=1 1x, https:\/\/i0.wp.com\/kotrla.com\/pmpro\/wp-content\/uploads\/2020\/05\/miroslav_machala_IMGP6180bw.jpg?resize=525%2C300&ssl=1 1.5x, https:\/\/i0.wp.com\/kotrla.com\/pmpro\/wp-content\/uploads\/2020\/05\/miroslav_machala_IMGP6180bw.jpg?resize=700%2C400&ssl=1 2x, https:\/\/i0.wp.com\/kotrla.com\/pmpro\/wp-content\/uploads\/2020\/05\/miroslav_machala_IMGP6180bw.jpg?resize=1050%2C600&ssl=1 3x, https:\/\/i0.wp.com\/kotrla.com\/pmpro\/wp-content\/uploads\/2020\/05\/miroslav_machala_IMGP6180bw.jpg?resize=1400%2C800&ssl=1 4x"},"classes":[]},{"id":1228,"url":"https:\/\/kotrla.com\/pmpro\/2003\/09\/novy-host-72003\/","url_meta":{"origin":9502,"position":5},"title":"Nov\u00fd Host 7\/2003","author":"Pavel Kotrla","date":"11.9.2003","format":false,"excerpt":"Nov\u00e9 \u010d\u00edslo Hosta pot\u011b\u0161ilo. U\u017e t\u0159eba jenom rozhovorem s Miloslavem Topinkou. U\u017e ten n\u00e1zev: \u201eKdo si za\u010dal s poezi\u00ed, mus\u00ed si polo\u017eit z\u00e1kladn\u00ed ot\u00e1zku: pro\u010d Rimbaud p\u0159estal ps\u00e1t?\u201c JO! Tomu \u0159\u00edk\u00e1m spr\u00e1vn\u011b formulovan\u00fd dotaz. \u0160koda, \u017ee jeho posledn\u00ed sb\u00edrka nen\u00ed nejlevn\u011bj\u0161\u00ed. Na \u010dten\u00ed je toho v \u010d\u00edsle dost. Doporu\u010d\u00edm pozornosti\u2026","rel":"","context":"V \u201eNeza\u0159azen\u00e9\u201c","block_context":{"text":"Neza\u0159azen\u00e9","link":"https:\/\/kotrla.com\/pmpro\/category\/nezarazene\/"},"img":{"alt_text":"","src":"","width":0,"height":0},"classes":[]}],"jetpack_sharing_enabled":true,"_links":{"self":[{"href":"https:\/\/kotrla.com\/pmpro\/wp-json\/wp\/v2\/posts\/9502","targetHints":{"allow":["GET"]}}],"collection":[{"href":"https:\/\/kotrla.com\/pmpro\/wp-json\/wp\/v2\/posts"}],"about":[{"href":"https:\/\/kotrla.com\/pmpro\/wp-json\/wp\/v2\/types\/post"}],"author":[{"embeddable":true,"href":"https:\/\/kotrla.com\/pmpro\/wp-json\/wp\/v2\/users\/1"}],"replies":[{"embeddable":true,"href":"https:\/\/kotrla.com\/pmpro\/wp-json\/wp\/v2\/comments?post=9502"}],"version-history":[{"count":0,"href":"https:\/\/kotrla.com\/pmpro\/wp-json\/wp\/v2\/posts\/9502\/revisions"}],"wp:attachment":[{"href":"https:\/\/kotrla.com\/pmpro\/wp-json\/wp\/v2\/media?parent=9502"}],"wp:term":[{"taxonomy":"category","embeddable":true,"href":"https:\/\/kotrla.com\/pmpro\/wp-json\/wp\/v2\/categories?post=9502"},{"taxonomy":"post_tag","embeddable":true,"href":"https:\/\/kotrla.com\/pmpro\/wp-json\/wp\/v2\/tags?post=9502"}],"curies":[{"name":"wp","href":"https:\/\/api.w.org\/{rel}","templated":true}]}}