{"id":9520,"date":"2022-03-11T21:22:53","date_gmt":"2022-03-11T20:22:53","guid":{"rendered":"http:\/\/kotrla.com\/pmpro\/?p=9520"},"modified":"2022-03-11T21:22:53","modified_gmt":"2022-03-11T20:22:53","slug":"kamila-hladka","status":"publish","type":"post","link":"https:\/\/kotrla.com\/pmpro\/2022\/03\/kamila-hladka\/","title":{"rendered":"Kamila Hladk\u00e1"},"content":{"rendered":"<p>Ze v\u010derej\u0161\u00edho \u010dten\u00ed <a href=\"https:\/\/www.linkedin.com\/in\/kamila-hladk\u00e1-36441386\/\">autorky<\/a> knih Hornick\u00e9 vdovy a Sestry. A dal\u0161\u00ed p\u0159\u00edsp\u011bvek do voln\u00e9ho cyklu <a href=\"https:\/\/kotrla.com\/pmpro\/foto\/spisovatele-literati\/\">Vl\u00e1dci slov<\/a>. (S novou hra\u010dkou<a href=\"https:\/\/us.ricoh-imaging.com\/product\/pentax-k-3-mark-iii\/\"> Pentax K3-III<\/a> se teprve s\u017e\u00edv\u00e1m, ale snad to p\u016fjde.) Jinak ve\u010der s p\u0159edstaven\u00edm druh\u00e9 knihy byl p\u0159\u00edjemn\u00fdm p\u0159ekvapen\u00edm.<\/p>\n<figure id=\"attachment_9528\" aria-describedby=\"caption-attachment-9528\" style=\"width: 1600px\" class=\"wp-caption alignnone\"><a href=\"https:\/\/kotrla.com\/pmpro\/wp-content\/uploads\/2022\/03\/kamila_hladka_IMGP0197.jpg\"><img loading=\"lazy\" decoding=\"async\" class=\"size-full wp-image-9528\" src=\"https:\/\/kotrla.com\/pmpro\/wp-content\/uploads\/2022\/03\/kamila_hladka_IMGP0197.jpg\" alt=\"\" width=\"1600\" height=\"1067\" srcset=\"https:\/\/kotrla.com\/pmpro\/wp-content\/uploads\/2022\/03\/kamila_hladka_IMGP0197.jpg 1600w, https:\/\/kotrla.com\/pmpro\/wp-content\/uploads\/2022\/03\/kamila_hladka_IMGP0197-300x200.jpg 300w, https:\/\/kotrla.com\/pmpro\/wp-content\/uploads\/2022\/03\/kamila_hladka_IMGP0197-1024x683.jpg 1024w, https:\/\/kotrla.com\/pmpro\/wp-content\/uploads\/2022\/03\/kamila_hladka_IMGP0197-1536x1024.jpg 1536w\" sizes=\"auto, (max-width: 1600px) 100vw, 1600px\" \/><\/a><figcaption id=\"caption-attachment-9528\" class=\"wp-caption-text\">Kamila Hladk\u00e1<\/figcaption><\/figure>\n<div id='gallery-1' class='gallery galleryid-9520 gallery-columns-3 gallery-size-thumbnail'><figure class='gallery-item'>\n\t\t\t<div class='gallery-icon landscape'>\n\t\t\t\t<a href='https:\/\/kotrla.com\/pmpro\/2022\/03\/kamila-hladka\/kamila-hladka-2\/'><img loading=\"lazy\" decoding=\"async\" width=\"150\" height=\"150\" src=\"https:\/\/kotrla.com\/pmpro\/wp-content\/uploads\/2022\/03\/kamila_hladka_IMGP0178-150x150.jpg\" class=\"attachment-thumbnail size-thumbnail\" alt=\"\" aria-describedby=\"gallery-1-9529\" \/><\/a>\n\t\t\t<\/div>\n\t\t\t\t<figcaption class='wp-caption-text gallery-caption' id='gallery-1-9529'>\n\t\t\t\tKamila Hladk\u00e1\n\t\t\t\t<\/figcaption><\/figure><figure class='gallery-item'>\n\t\t\t<div class='gallery-icon landscape'>\n\t\t\t\t<a href='https:\/\/kotrla.com\/pmpro\/2022\/03\/kamila-hladka\/kamila-hladka-3\/'><img loading=\"lazy\" decoding=\"async\" width=\"150\" height=\"150\" src=\"https:\/\/kotrla.com\/pmpro\/wp-content\/uploads\/2022\/03\/kamila_hladka_IMGP0185-150x150.jpg\" class=\"attachment-thumbnail size-thumbnail\" alt=\"\" aria-describedby=\"gallery-1-9530\" \/><\/a>\n\t\t\t<\/div>\n\t\t\t\t<figcaption class='wp-caption-text gallery-caption' id='gallery-1-9530'>\n\t\t\t\tKamila Hladk\u00e1\n\t\t\t\t<\/figcaption><\/figure><figure class='gallery-item'>\n\t\t\t<div class='gallery-icon landscape'>\n\t\t\t\t<a href='https:\/\/kotrla.com\/pmpro\/2022\/03\/kamila-hladka\/kamila-hladka-4\/'><img loading=\"lazy\" decoding=\"async\" width=\"150\" height=\"150\" src=\"https:\/\/kotrla.com\/pmpro\/wp-content\/uploads\/2022\/03\/kamila_hladka_IMGP0194-150x150.jpg\" class=\"attachment-thumbnail size-thumbnail\" alt=\"\" aria-describedby=\"gallery-1-9531\" \/><\/a>\n\t\t\t<\/div>\n\t\t\t\t<figcaption class='wp-caption-text gallery-caption' id='gallery-1-9531'>\n\t\t\t\tKamila Hladk\u00e1\n\t\t\t\t<\/figcaption><\/figure>\n\t\t<\/div>\n\n","protected":false},"excerpt":{"rendered":"<p>Ze v\u010derej\u0161\u00edho \u010dten\u00ed autorky knih Hornick\u00e9 vdovy a Sestry. A dal\u0161\u00ed p\u0159\u00edsp\u011bvek do voln\u00e9ho cyklu Vl\u00e1dci slov. (S novou hra\u010dkou Pentax K3-III se teprve s\u017e\u00edv\u00e1m, ale snad to p\u016fjde.) Jinak ve\u010der s p\u0159edstaven\u00edm druh\u00e9 knihy byl p\u0159\u00edjemn\u00fdm p\u0159ekvapen\u00edm.<\/p>\n","protected":false},"author":1,"featured_media":0,"comment_status":"open","ping_status":"open","sticky":false,"template":"","format":"standard","meta":{"site-sidebar-layout":"default","site-content-layout":"default","ast-site-content-layout":"default","site-content-style":"default","site-sidebar-style":"default","ast-global-header-display":"","ast-banner-title-visibility":"","ast-main-header-display":"","ast-hfb-above-header-display":"","ast-hfb-below-header-display":"","ast-hfb-mobile-header-display":"","site-post-title":"","ast-breadcrumbs-content":"","ast-featured-img":"","footer-sml-layout":"","ast-disable-related-posts":"","theme-transparent-header-meta":"default","adv-header-id-meta":"","stick-header-meta":"","header-above-stick-meta":"","header-main-stick-meta":"","header-below-stick-meta":"","astra-migrate-meta-layouts":"default","ast-page-background-enabled":"default","ast-page-background-meta":{"desktop":{"background-color":"var(--ast-global-color-5)","background-image":"","background-repeat":"repeat","background-position":"center center","background-size":"auto","background-attachment":"scroll","background-type":"","background-media":"","overlay-type":"","overlay-color":"","overlay-opacity":"","overlay-gradient":""},"tablet":{"background-color":"","background-image":"","background-repeat":"repeat","background-position":"center center","background-size":"auto","background-attachment":"scroll","background-type":"","background-media":"","overlay-type":"","overlay-color":"","overlay-opacity":"","overlay-gradient":""},"mobile":{"background-color":"","background-image":"","background-repeat":"repeat","background-position":"center center","background-size":"auto","background-attachment":"scroll","background-type":"","background-media":"","overlay-type":"","overlay-color":"","overlay-opacity":"","overlay-gradient":""}},"ast-content-background-meta":{"desktop":{"background-color":"var(--ast-global-color-4)","background-image":"","background-repeat":"repeat","background-position":"center center","background-size":"auto","background-attachment":"scroll","background-type":"","background-media":"","overlay-type":"","overlay-color":"","overlay-opacity":"","overlay-gradient":""},"tablet":{"background-color":"var(--ast-global-color-4)","background-image":"","background-repeat":"repeat","background-position":"center center","background-size":"auto","background-attachment":"scroll","background-type":"","background-media":"","overlay-type":"","overlay-color":"","overlay-opacity":"","overlay-gradient":""},"mobile":{"background-color":"var(--ast-global-color-4)","background-image":"","background-repeat":"repeat","background-position":"center center","background-size":"auto","background-attachment":"scroll","background-type":"","background-media":"","overlay-type":"","overlay-color":"","overlay-opacity":"","overlay-gradient":""}},"jetpack_post_was_ever_published":false,"_jetpack_newsletter_access":"","_jetpack_dont_email_post_to_subs":false,"_jetpack_newsletter_tier_id":0,"_jetpack_memberships_contains_paywalled_content":false,"_jetpack_memberships_contains_paid_content":false,"footnotes":""},"categories":[7,19,2],"tags":[],"class_list":["post-9520","post","type-post","status-publish","format-standard","hentry","category-fotografie","category-knihy","category-literatura"],"jetpack_featured_media_url":"","jetpack_shortlink":"https:\/\/wp.me\/p4mLP7-2ty","jetpack-related-posts":[{"id":11656,"url":"https:\/\/kotrla.com\/pmpro\/2024\/05\/toyen-knihy-bez-hranic\/","url_meta":{"origin":9520,"position":0},"title":"Toyen &#8211; Knihy bez hranic","author":"Pavel Kotrla","date":"25.5.2024","format":false,"excerpt":"Skv\u011bl\u00e1 v\u00fdstava v Galerii v\u00fdtvarn\u00e9ho um\u011bn\u00ed v Ostrav\u011b. Dnes nav\u00edc se zah\u00e1jen\u00edm Ji\u0159\u00edm J\u016fzou a Zde\u0148kem Sklen\u00e1\u0159em a s v\u00fdkladem Karla Srpa. Prost\u011b radost. A kniha Toyen: Knihy bez hranic t\u00e9\u017e. U\u017e jen do 16. 6.","rel":"","context":"V \u201eKnihy\u201c","block_context":{"text":"Knihy","link":"https:\/\/kotrla.com\/pmpro\/category\/knihy\/"},"img":{"alt_text":"","src":"https:\/\/i0.wp.com\/kotrla.com\/pmpro\/wp-content\/uploads\/2024\/05\/IMG_20240525_140034667-150x150.jpg?resize=350%2C200&ssl=1","width":350,"height":200,"srcset":"https:\/\/i0.wp.com\/kotrla.com\/pmpro\/wp-content\/uploads\/2024\/05\/IMG_20240525_140034667-150x150.jpg?resize=350%2C200&ssl=1 1x, https:\/\/i0.wp.com\/kotrla.com\/pmpro\/wp-content\/uploads\/2024\/05\/IMG_20240525_140034667-150x150.jpg?resize=525%2C300&ssl=1 1.5x, https:\/\/i0.wp.com\/kotrla.com\/pmpro\/wp-content\/uploads\/2024\/05\/IMG_20240525_140034667-150x150.jpg?resize=700%2C400&ssl=1 2x, https:\/\/i0.wp.com\/kotrla.com\/pmpro\/wp-content\/uploads\/2024\/05\/IMG_20240525_140034667-150x150.jpg?resize=1050%2C600&ssl=1 3x, https:\/\/i0.wp.com\/kotrla.com\/pmpro\/wp-content\/uploads\/2024\/05\/IMG_20240525_140034667-150x150.jpg?resize=1400%2C800&ssl=1 4x"},"classes":[]},{"id":14162,"url":"https:\/\/kotrla.com\/pmpro\/2026\/02\/knihy-ve-stinu-klenova\/","url_meta":{"origin":9520,"position":1},"title":"Knihy ve st\u00ednu Klenova","author":"Pavel Kotrla","date":"26.2.2026","format":false,"excerpt":"Pokud budete cht\u00edt, m\u016f\u017eeme se potkat v knihovn\u011b. (Akci najdete tak\u00e9 na FB.) Liter\u00e1rn\u00ed ve\u010der v\u011bnovan\u00fd titul\u016fm nakladatelstv\u00ed Klenov \u010dtvrtek 19. b\u0159ezna v 17 H, spole\u010densk\u00fd s\u00e1l knihovny, Doln\u00ed n\u00e1m\u011bst\u00ed Vset\u00edn, Masarykova ve\u0159ejn\u00e1 knihovna Setk\u00e1n\u00ed s literaturou, kter\u00e1 nesp\u011bch\u00e1 a nezmiz\u00ed s posledn\u00ed str\u00e1nkou. Zveme v\u00e1s na ve\u010der s knihami\u2026","rel":"","context":"V \u201eKnihy\u201c","block_context":{"text":"Knihy","link":"https:\/\/kotrla.com\/pmpro\/category\/knihy\/"},"img":{"alt_text":"","src":"https:\/\/i0.wp.com\/kotrla.com\/pmpro\/wp-content\/uploads\/2026\/02\/643426563_1370170491819157_5951069268147829471_n.jpg?resize=350%2C200&ssl=1","width":350,"height":200,"srcset":"https:\/\/i0.wp.com\/kotrla.com\/pmpro\/wp-content\/uploads\/2026\/02\/643426563_1370170491819157_5951069268147829471_n.jpg?resize=350%2C200&ssl=1 1x, https:\/\/i0.wp.com\/kotrla.com\/pmpro\/wp-content\/uploads\/2026\/02\/643426563_1370170491819157_5951069268147829471_n.jpg?resize=525%2C300&ssl=1 1.5x, https:\/\/i0.wp.com\/kotrla.com\/pmpro\/wp-content\/uploads\/2026\/02\/643426563_1370170491819157_5951069268147829471_n.jpg?resize=700%2C400&ssl=1 2x, https:\/\/i0.wp.com\/kotrla.com\/pmpro\/wp-content\/uploads\/2026\/02\/643426563_1370170491819157_5951069268147829471_n.jpg?resize=1050%2C600&ssl=1 3x"},"classes":[]},{"id":594,"url":"https:\/\/kotrla.com\/pmpro\/2006\/03\/kouzlo-detske-knihy\/","url_meta":{"origin":9520,"position":2},"title":"Kouzlo d\u011btsk\u00e9 knihy","author":"Pavel Kotrla","date":"18.3.2006","format":false,"excerpt":"Holandsk\u00fd International Institute of Social History v Amsterodamu na sv\u00fdch str\u00e1nk\u00e1ch nab\u00edz\u00ed kolekci digitalizovan\u00fdch d\u011btsk\u00fdch knih ze Sov\u011btsk\u00e9ho svazu t\u0159ic\u00e1t\u00fdch let. S odstupem let p\u016fsob\u00ed nejen podivn\u011b, ale tak\u00e9 jako p\u0159esn\u00e9 sv\u011bdectv\u00ed doby, ve kter\u00e9 vznikaly. P\u0159esto se \u0159ad\u011b z nich ned\u00e1 odep\u0159\u00edt ur\u010dit\u00e1 v\u00fdtvarn\u00e1 hodnota a origin\u00e1lnost. N\u011bkte\u0159\u00ed z\u2026","rel":"","context":"V \u201eLiteratura\u201c","block_context":{"text":"Literatura","link":"https:\/\/kotrla.com\/pmpro\/category\/literatura\/"},"img":{"alt_text":"image","src":"https:\/\/i0.wp.com\/kotrla.com\/pmpro\/images\/uploads\/sov_det_knihy.jpg?resize=350%2C200&ssl=1","width":350,"height":200},"classes":[]},{"id":13964,"url":"https:\/\/kotrla.com\/pmpro\/2026\/01\/miroslav-zelinsky\/","url_meta":{"origin":9520,"position":3},"title":"Miroslav Zelinsk\u00fd","author":"Pavel Kotrla","date":"18.1.2026","format":false,"excerpt":"Ohl\u00e9dnut\u00ed za \u010dtvrte\u010dn\u00edm ve\u010derem ve vset\u00ednsk\u00e9 knihovn\u011b. Miroslav Zelinsk\u00fd a jeho knihy v\u011bnovan\u00e9 osobnostem architektury. Besedou prov\u00e1zel Jakub Chrob\u00e1k. Prost\u011b fajn ve\u010der s p\u0159\u00e1teli a knihami. Zmi\u0148ovan\u00e9 Mirkovy knihy najdete na str\u00e1nk\u00e1ch nakladatelstv\u00ed Grada.","rel":"","context":"V \u201eKnihy\u201c","block_context":{"text":"Knihy","link":"https:\/\/kotrla.com\/pmpro\/category\/knihy\/"},"img":{"alt_text":"","src":"https:\/\/i0.wp.com\/kotrla.com\/pmpro\/wp-content\/uploads\/2026\/01\/mvk_vsetin_zelinsky_IMGP1617-150x150.jpg?resize=350%2C200&ssl=1","width":350,"height":200,"srcset":"https:\/\/i0.wp.com\/kotrla.com\/pmpro\/wp-content\/uploads\/2026\/01\/mvk_vsetin_zelinsky_IMGP1617-150x150.jpg?resize=350%2C200&ssl=1 1x, https:\/\/i0.wp.com\/kotrla.com\/pmpro\/wp-content\/uploads\/2026\/01\/mvk_vsetin_zelinsky_IMGP1617-150x150.jpg?resize=525%2C300&ssl=1 1.5x, https:\/\/i0.wp.com\/kotrla.com\/pmpro\/wp-content\/uploads\/2026\/01\/mvk_vsetin_zelinsky_IMGP1617-150x150.jpg?resize=700%2C400&ssl=1 2x, https:\/\/i0.wp.com\/kotrla.com\/pmpro\/wp-content\/uploads\/2026\/01\/mvk_vsetin_zelinsky_IMGP1617-150x150.jpg?resize=1050%2C600&ssl=1 3x, https:\/\/i0.wp.com\/kotrla.com\/pmpro\/wp-content\/uploads\/2026\/01\/mvk_vsetin_zelinsky_IMGP1617-150x150.jpg?resize=1400%2C800&ssl=1 4x"},"classes":[]},{"id":4767,"url":"https:\/\/kotrla.com\/pmpro\/2019\/10\/slavnostni-predstaveni-knihy-valassko-historie-a-kultura-ii-obziva\/","url_meta":{"origin":9520,"position":4},"title":"Slavnostn\u00ed p\u0159edstaven\u00ed knihy Vala\u0161sko \u2013 historie a kultura II. Ob\u017eiva","author":"Pavel Kotrla","date":"4.10.2019","format":false,"excerpt":"Slavnostn\u00ed p\u0159edstaven\u00ed knihy Vala\u0161sko \u2013 historie a kultura II. Ob\u017eiva prob\u011bhne ve st\u0159edu 16. \u0159\u00edjna v 16 hodin v prostoru konferen\u010dn\u00edho s\u00e1lu Su\u0161\u00e1ku Vala\u0161sk\u00e9ho muzea v p\u0159\u00edrod\u011b v Ro\u017enov\u011b pod Radho\u0161t\u011bm. V\u00edce na https:\/\/www.nmvp.cz\/akce\/slavnostni-predstaveni-knihy","rel":"","context":"V \u201eKnihy\u201c","block_context":{"text":"Knihy","link":"https:\/\/kotrla.com\/pmpro\/category\/knihy\/"},"img":{"alt_text":"","src":"https:\/\/i0.wp.com\/kotrla.com\/pmpro\/wp-content\/uploads\/2019\/10\/plak%C3%A1t-p%C5%99edstaven%C3%AD-knihy-2019-m.jpg?resize=350%2C200&ssl=1","width":350,"height":200,"srcset":"https:\/\/i0.wp.com\/kotrla.com\/pmpro\/wp-content\/uploads\/2019\/10\/plak%C3%A1t-p%C5%99edstaven%C3%AD-knihy-2019-m.jpg?resize=350%2C200&ssl=1 1x, https:\/\/i0.wp.com\/kotrla.com\/pmpro\/wp-content\/uploads\/2019\/10\/plak%C3%A1t-p%C5%99edstaven%C3%AD-knihy-2019-m.jpg?resize=525%2C300&ssl=1 1.5x, https:\/\/i0.wp.com\/kotrla.com\/pmpro\/wp-content\/uploads\/2019\/10\/plak%C3%A1t-p%C5%99edstaven%C3%AD-knihy-2019-m.jpg?resize=700%2C400&ssl=1 2x"},"classes":[]},{"id":150,"url":"https:\/\/kotrla.com\/pmpro\/2011\/06\/martin-pecina-knihy-a-typografie\/","url_meta":{"origin":9520,"position":5},"title":"Martin Pecina: Knihy a typografie","author":"Pavel Kotrla","date":"6.6.2011","format":false,"excerpt":"Minul\u00fd t\u00fdden byl na \u00falovky bohat\u00fd podobn\u011b jako ty p\u0159edchoz\u00ed a nov\u00fdch knih se se\u0161lo hned n\u011bkolik. Jednou z nich je i mnou o\u010dek\u00e1van\u00e1 nov\u00e1 kniha Knihy a typografie Martina Peciny. Vy\u0161la jako 500. publikace nakladatelstv\u00ed Host. T\u011b\u0161il jsem se na ni a o v\u00edkendu ji do\u010detl. Vzhledem k tomu,\u2026","rel":"","context":"V \u201e\u010cten\u00e1\u0159sk\u00fd den\u00edk\u201c","block_context":{"text":"\u010cten\u00e1\u0159sk\u00fd den\u00edk","link":"https:\/\/kotrla.com\/pmpro\/category\/ctenarsky-denik\/"},"img":{"alt_text":"Martin Pecina - Knihy a typografie","src":"https:\/\/i0.wp.com\/kotrla.com\/pmpro\/images\/uploads\/martin_pecina_knihy_a_typografie.jpg?resize=350%2C200&ssl=1","width":350,"height":200},"classes":[]}],"jetpack_sharing_enabled":true,"_links":{"self":[{"href":"https:\/\/kotrla.com\/pmpro\/wp-json\/wp\/v2\/posts\/9520","targetHints":{"allow":["GET"]}}],"collection":[{"href":"https:\/\/kotrla.com\/pmpro\/wp-json\/wp\/v2\/posts"}],"about":[{"href":"https:\/\/kotrla.com\/pmpro\/wp-json\/wp\/v2\/types\/post"}],"author":[{"embeddable":true,"href":"https:\/\/kotrla.com\/pmpro\/wp-json\/wp\/v2\/users\/1"}],"replies":[{"embeddable":true,"href":"https:\/\/kotrla.com\/pmpro\/wp-json\/wp\/v2\/comments?post=9520"}],"version-history":[{"count":0,"href":"https:\/\/kotrla.com\/pmpro\/wp-json\/wp\/v2\/posts\/9520\/revisions"}],"wp:attachment":[{"href":"https:\/\/kotrla.com\/pmpro\/wp-json\/wp\/v2\/media?parent=9520"}],"wp:term":[{"taxonomy":"category","embeddable":true,"href":"https:\/\/kotrla.com\/pmpro\/wp-json\/wp\/v2\/categories?post=9520"},{"taxonomy":"post_tag","embeddable":true,"href":"https:\/\/kotrla.com\/pmpro\/wp-json\/wp\/v2\/tags?post=9520"}],"curies":[{"name":"wp","href":"https:\/\/api.w.org\/{rel}","templated":true}]}}