{"id":976,"date":"2004-06-28T05:00:01","date_gmt":"2004-06-28T04:00:01","guid":{"rendered":"http:\/\/kotrla.com\/wordpress\/?p=976"},"modified":"2019-11-20T22:26:23","modified_gmt":"2019-11-20T21:26:23","slug":"kdo-je-autorem-nasledujicich-versu-43","status":"publish","type":"post","link":"https:\/\/kotrla.com\/pmpro\/2004\/06\/kdo-je-autorem-nasledujicich-versu-43\/","title":{"rendered":"Kdo je autorem n\u00e1sleduj\u00edc\u00edch ver\u0161\u016f? (43)"},"content":{"rendered":"<p>Pond\u011bln\u00ed ot\u00e1zka: <b>Uhodnete autora?<\/b><\/p>\n<p><b>\u017de&#8230;<\/b><\/p>\n<p>\u017de nad\u011bje psanc\u016f se m\u011bn\u00ed ka\u017ed\u00fd den.<br \/>\n\u017de ten, kdo je u\u017e bez osudu<br \/>\na je\u0161t\u011b \u017eije, m\u00e1 pocit,<br \/>\njako by se d\u00edval do zelen\u011b potm\u011b.<br \/>\n\u017de jin\u00fd nem\u00e1 \u010das,<br \/>\nnem\u00e1 \u010das ani na smrt.<br \/>\n\u017de dal\u0161\u00ed by cht\u011bl lh\u00e1t mrtv\u00fdm,<br \/>\nale to by musil pozp\u00e1tku.<br \/>\n\u017de m\u011bsto je toho pln\u00e9<br \/>\na venkov se t\u00edm rozl\u00e9h\u00e1.<\/p>\n<p>Nezapomn\u011bl jsem na nikoho?<\/p>\n","protected":false},"excerpt":{"rendered":"<p>Pond\u011bln\u00ed ot\u00e1zka: Uhodnete autora? \u017de&#8230; \u017de nad\u011bje psanc\u016f se m\u011bn\u00ed ka\u017ed\u00fd den. \u017de ten, kdo je u\u017e bez osudu a je\u0161t\u011b \u017eije, m\u00e1 pocit, jako by se d\u00edval do zelen\u011b potm\u011b. \u017de jin\u00fd nem\u00e1 \u010das, nem\u00e1 \u010das ani na smrt. \u017de dal\u0161\u00ed by cht\u011bl lh\u00e1t mrtv\u00fdm, ale to by musil pozp\u00e1tku. \u017de m\u011bsto je toho [&hellip;]<\/p>\n","protected":false},"author":1,"featured_media":0,"comment_status":"open","ping_status":"open","sticky":false,"template":"","format":"standard","meta":{"site-sidebar-layout":"default","site-content-layout":"","ast-site-content-layout":"default","site-content-style":"default","site-sidebar-style":"default","ast-global-header-display":"","ast-banner-title-visibility":"","ast-main-header-display":"","ast-hfb-above-header-display":"","ast-hfb-below-header-display":"","ast-hfb-mobile-header-display":"","site-post-title":"","ast-breadcrumbs-content":"","ast-featured-img":"","footer-sml-layout":"","ast-disable-related-posts":"","theme-transparent-header-meta":"","adv-header-id-meta":"","stick-header-meta":"","header-above-stick-meta":"","header-main-stick-meta":"","header-below-stick-meta":"","astra-migrate-meta-layouts":"default","ast-page-background-enabled":"default","ast-page-background-meta":{"desktop":{"background-color":"var(--ast-global-color-5)","background-image":"","background-repeat":"repeat","background-position":"center center","background-size":"auto","background-attachment":"scroll","background-type":"","background-media":"","overlay-type":"","overlay-color":"","overlay-opacity":"","overlay-gradient":""},"tablet":{"background-color":"","background-image":"","background-repeat":"repeat","background-position":"center center","background-size":"auto","background-attachment":"scroll","background-type":"","background-media":"","overlay-type":"","overlay-color":"","overlay-opacity":"","overlay-gradient":""},"mobile":{"background-color":"","background-image":"","background-repeat":"repeat","background-position":"center center","background-size":"auto","background-attachment":"scroll","background-type":"","background-media":"","overlay-type":"","overlay-color":"","overlay-opacity":"","overlay-gradient":""}},"ast-content-background-meta":{"desktop":{"background-color":"var(--ast-global-color-4)","background-image":"","background-repeat":"repeat","background-position":"center center","background-size":"auto","background-attachment":"scroll","background-type":"","background-media":"","overlay-type":"","overlay-color":"","overlay-opacity":"","overlay-gradient":""},"tablet":{"background-color":"var(--ast-global-color-4)","background-image":"","background-repeat":"repeat","background-position":"center center","background-size":"auto","background-attachment":"scroll","background-type":"","background-media":"","overlay-type":"","overlay-color":"","overlay-opacity":"","overlay-gradient":""},"mobile":{"background-color":"var(--ast-global-color-4)","background-image":"","background-repeat":"repeat","background-position":"center center","background-size":"auto","background-attachment":"scroll","background-type":"","background-media":"","overlay-type":"","overlay-color":"","overlay-opacity":"","overlay-gradient":""}},"_jetpack_newsletter_access":"","_jetpack_dont_email_post_to_subs":false,"_jetpack_newsletter_tier_id":0,"_jetpack_memberships_contains_paywalled_content":false,"_jetpack_feature_clip_id":0,"_jetpack_memberships_contains_paid_content":false,"footnotes":"","jetpack_post_was_ever_published":false},"categories":[17],"tags":[],"class_list":["post-976","post","type-post","status-publish","format-standard","hentry","category-kdo-je-autorem"],"jetpack_shortlink":"https:\/\/wp.me\/p4mLP7-fK","jetpack-related-posts":[{"id":860,"url":"https:\/\/kotrla.com\/pmpro\/2004\/12\/kdo-je-autorem-nasledujicich-versu-67\/","url_meta":{"origin":976,"position":0},"title":"Kdo je autorem n\u00e1sleduj\u00edc\u00edch ver\u0161\u016f? (67)","author":"Pavel Kotrla","date":"13.12.2004","format":false,"excerpt":"Uhodnete autora n\u00e1sleduj\u00edc\u00ed b\u00e1sn\u011b? 17. kv\u011bten BALVAN ZLOBY vypl\u0148uje celou kuchy\u0148, nelze ud\u011blat krok; pohne hlavou, okem a bolest vysko\u010d\u00ed. Odkud? Nev\u00ed. Z\u00edtra budou v\u0161ichni vypr\u00e1v\u011bt, a on mus\u00ed ml\u010det nebo \u0159\u00edci, \u017ee poslouchal rozhlas, jenom rozhlas. A v\u0161echna ho\u0159kost nast\u0159\u00e1dan\u00e1 \u0161patn\u00fdm tr\u00e1ven\u00edm v\u010derej\u0161\u00ed prohrou v kart\u00e1ch, \u00fastupkem, \u017ee nebyl\u2026","rel":"","context":"V \u201eKdo je autorem?\u201c","block_context":{"text":"Kdo je autorem?","link":"https:\/\/kotrla.com\/pmpro\/category\/kdo-je-autorem\/"},"img":{"alt_text":"","src":"","width":0,"height":0},"classes":[]},{"id":1209,"url":"https:\/\/kotrla.com\/pmpro\/2003\/09\/kdo-je-autorem-nasledujicich-versu-8\/","url_meta":{"origin":976,"position":1},"title":"Kdo je autorem n\u00e1sleduj\u00edc\u00edch ver\u0161\u016f? (8)","author":"Pavel Kotrla","date":"25.9.2003","format":false,"excerpt":"Ot\u00e1zka z\u016fst\u00e1v\u00e1 st\u00e1le stejn\u00e1: Kdo je autorem n\u00e1sleduj\u00edc\u00edch ver\u0161\u016f? H\u00c1DEJTE a BAVTE SE! Literatura nen\u00ed o vyhled\u00e1v\u00e1n\u00ed pomoc\u00ed Googlu, Jyxa a jin\u00fdch! Literatura je o n\u011b\u010dem zcela jin\u00e9m. Dopis Ann\u011b Achmatovov\u00e9 V\u00e1\u017een\u00e1 Anno Andrejevno a\u010d je u\u017e pozd\u011b a nen\u00ed vlastn\u011b kam mus\u00edm V\u00e1m napsat \u017ee na V\u00e1s \u010dasto mysl\u00edv\u00e1m\u2026","rel":"","context":"V \u201eKdo je autorem?\u201c","block_context":{"text":"Kdo je autorem?","link":"https:\/\/kotrla.com\/pmpro\/category\/kdo-je-autorem\/"},"img":{"alt_text":"","src":"","width":0,"height":0},"classes":[]},{"id":1087,"url":"https:\/\/kotrla.com\/pmpro\/2004\/02\/kdo-je-autorem-nasledujicich-versu-22\/","url_meta":{"origin":976,"position":2},"title":"Kdo je autorem n\u00e1sleduj\u00edc\u00edch ver\u0161\u016f? (22)","author":"Pavel Kotrla","date":"2.2.2004","format":false,"excerpt":"Ot\u00e1zka nov\u00e9ho kola je st\u00e1le stejn\u00e1: Kdo je autorem n\u00e1sleduj\u00edch ver\u0161\u016f? Zapojte hlavu, vyhled\u00e1va\u010de nechejte sp\u00e1t. Poselstv\u00ed \u010cas od \u010dasu je to v ka\u017ed\u00e9m z n\u00e1s N\u00e1hl\u00e1 touha tich\u00e1 a z\u00e1vratn\u00e1 po velmi dlouh\u00fdch a velmi galantn\u00edch slavnostech Kytice siluet upsan\u00e9 trval\u00fdm p\u00e1d\u016fm do popra\u0161ku st\u0159\u00edbrn\u00e9ho ticha Zat\u00edmco hudba diskr\u00e9tn\u011b\u2026","rel":"","context":"V \u201eKdo je autorem?\u201c","block_context":{"text":"Kdo je autorem?","link":"https:\/\/kotrla.com\/pmpro\/category\/kdo-je-autorem\/"},"img":{"alt_text":"","src":"","width":0,"height":0},"classes":[]},{"id":1221,"url":"https:\/\/kotrla.com\/pmpro\/2003\/09\/kdo-je-autorem-nasledujicich-versu-6\/","url_meta":{"origin":976,"position":3},"title":"Kdo je autorem n\u00e1sleduj\u00edc\u00edch ver\u0161\u016f? (6)","author":"Pavel Kotrla","date":"19.9.2003","format":false,"excerpt":"Dne\u0161n\u00ed \u00fakol nen\u00ed p\u0159\u00edli\u0161 obt\u00ed\u017en\u00fd, mo\u017en\u00e1 je lehou\u010dk\u00fd. Uvid\u00edme. Ot\u00e1zka z\u016fst\u00e1v\u00e1 st\u00e1le stejn\u00e1: Kdo je autorem n\u00e1sleduj\u00edc\u00edch ver\u0161\u016f? H\u00c1DEJTE! Nen\u00ed to o vyhled\u00e1v\u00e1n\u00ed pomoc\u00ed Googlu, Jyxa a jin\u00fdch! Je to o literatu\u0159e. ZA\u0158\u00cdK\u00c1V\u00c1N\u00cd MU\u017d\u016e A byly doby, k pl\u00e1\u010di bez podoby. A byly d\u011bje, k pl\u00e1\u010di bez nad\u011bje. A zima\u2026","rel":"","context":"V \u201eKdo je autorem?\u201c","block_context":{"text":"Kdo je autorem?","link":"https:\/\/kotrla.com\/pmpro\/category\/kdo-je-autorem\/"},"img":{"alt_text":"","src":"","width":0,"height":0},"classes":[]},{"id":702,"url":"https:\/\/kotrla.com\/pmpro\/2005\/08\/kdo-je-autorem-nasledujicich-versu-102\/","url_meta":{"origin":976,"position":4},"title":"Kdo je autorem n\u00e1sleduj\u00edc\u00edch ver\u0161\u016f? (102)","author":"Pavel Kotrla","date":"15.8.2005","format":false,"excerpt":"Minul\u00e1 stolet\u00ed u mne p\u0159\u00edli\u0161 nostalgie nevyvol\u00e1vaj\u00ed, ale \u010das od \u010dasu je t\u0159eba nakouknout i do nich. Kdy\u017e u\u017e byl tak p\u011bkn\u011b uhodnut minule Alois Jir\u00e1sek, tak je tu dal\u0161\u00ed d\u0159evn\u00ed kousek z \u010desk\u00fdh luh\u016f a h\u00e1j\u016f. Kdopak n\u00e1m to jenom napsal? Klas. Ju\u017e rychle zraji, dob\u0159e v\u00edm, a brzy\u2026","rel":"","context":"V \u201eKdo je autorem?\u201c","block_context":{"text":"Kdo je autorem?","link":"https:\/\/kotrla.com\/pmpro\/category\/kdo-je-autorem\/"},"img":{"alt_text":"","src":"","width":0,"height":0},"classes":[]},{"id":778,"url":"https:\/\/kotrla.com\/pmpro\/2005\/04\/kdo-je-autorem-nasledujicich-versu-84\/","url_meta":{"origin":976,"position":5},"title":"Kdo je autorem n\u00e1sleduj\u00edc\u00edch ver\u0161\u016f? (84)","author":"Pavel Kotrla","date":"11.4.2005","format":false,"excerpt":"Podzimn\u00ed h\u00e1danka pro jarn\u00ed pond\u011bl\u00ed. Kdo je autorem n\u00e1sleduj\u00edc\u00edho textu? PODZIMN\u00cd DEN Pane: je \u010das. Byl l\u00e9ta velk\u00fd dech. Te\u010f na slune\u010dn\u00ed hodiny vrz v p\u016fli st\u00edn sv\u016fj a v\u016fli v niv\u00e1ch v\u011btr\u016fm nech. Posledn\u00edm plod\u016fm vel se naplnit; dva ji\u017en\u011bj\u0161\u00ed dny dej jim je\u0161t\u011b, pohni je, by se naplnily\u2026","rel":"","context":"V \u201eKdo je autorem?\u201c","block_context":{"text":"Kdo je autorem?","link":"https:\/\/kotrla.com\/pmpro\/category\/kdo-je-autorem\/"},"img":{"alt_text":"","src":"","width":0,"height":0},"classes":[]}],"jetpack_sharing_enabled":true,"jetpack_featured_media_url":"","_links":{"self":[{"href":"https:\/\/kotrla.com\/pmpro\/wp-json\/wp\/v2\/posts\/976","targetHints":{"allow":["GET"]}}],"collection":[{"href":"https:\/\/kotrla.com\/pmpro\/wp-json\/wp\/v2\/posts"}],"about":[{"href":"https:\/\/kotrla.com\/pmpro\/wp-json\/wp\/v2\/types\/post"}],"author":[{"embeddable":true,"href":"https:\/\/kotrla.com\/pmpro\/wp-json\/wp\/v2\/users\/1"}],"replies":[{"embeddable":true,"href":"https:\/\/kotrla.com\/pmpro\/wp-json\/wp\/v2\/comments?post=976"}],"version-history":[{"count":0,"href":"https:\/\/kotrla.com\/pmpro\/wp-json\/wp\/v2\/posts\/976\/revisions"}],"wp:attachment":[{"href":"https:\/\/kotrla.com\/pmpro\/wp-json\/wp\/v2\/media?parent=976"}],"wp:term":[{"taxonomy":"category","embeddable":true,"href":"https:\/\/kotrla.com\/pmpro\/wp-json\/wp\/v2\/categories?post=976"},{"taxonomy":"post_tag","embeddable":true,"href":"https:\/\/kotrla.com\/pmpro\/wp-json\/wp\/v2\/tags?post=976"}],"curies":[{"name":"wp","href":"https:\/\/api.w.org\/{rel}","templated":true}]}}