{"id":99,"date":"2012-05-22T22:23:41","date_gmt":"2012-05-22T21:23:41","guid":{"rendered":"http:\/\/kotrla.com\/wordpress\/?p=99"},"modified":"2019-11-20T22:44:29","modified_gmt":"2019-11-20T21:44:29","slug":"katerina-seda-v-galerii-kaple","status":"publish","type":"post","link":"https:\/\/kotrla.com\/pmpro\/2012\/05\/katerina-seda-v-galerii-kaple\/","title":{"rendered":"Kate\u0159ina \u0160ed\u00e1 v galerii Kaple"},"content":{"rendered":"<p>Mezi\u0159\u00ed\u010dsk\u00e1 Galerie Kaple a kur\u00e1tor Leszek Wojaczek mi d\u011blaj\u00ed radost. A tuto v\u00fdstavu m\u016f\u017eu opravdu doporu\u010dit. Pokum m\u00e1te mo\u017enost, pak nev\u00e1hejte. V\u00edce informac\u00ed o aktu\u00e1ln\u011b prob\u00edhaj\u00edc\u00ed v\u00fdstav\u011b, prvn\u00ed velk\u00e9 \u010desk\u00e9, <a href=\"http:\/\/cs.wikipedia.org\/wiki\/Kate%C5%99ina_%C5%A0ed%C3%A1\">Kate\u0159iny \u0160ed\u00e9<\/a> naleznete na:  <a href=\"http:\/\/galerie.kzvalmez.cz\/vystavy\/aktualni\/KATERINA-SEDA\/\">http:\/\/galerie.kzvalmez.cz\/vystavy\/aktualni\/KATERINA-SEDA\/<\/a><br \/>\nDoporu\u010duji k p\u0159e\u010dten\u00ed tak\u00e9 zhodnocen\u00ed v\u00fdstavy z pera <a href=\"http:\/\/www.artalk.cz\/2012\/05\/22\/katerina-a-kaple\/?utm_source=rss&#038;utm_medium=rss&#038;utm_campaign=katerina-a-kaple\">Martina Dr\u00e1bka<\/a>.<\/p>\n<p><img loading=\"lazy\" decoding=\"async\" src=\"https:\/\/kotrla.com\/pmpro\/images\/uploads\/katerina_seda_IGP9309.jpg\" border=\"0\" alt=\"Kate\u0159ina \u0160ed\u00e1\" width=\"420\" height=\"287\" \/><\/p>\n<p><img loading=\"lazy\" decoding=\"async\" src=\"https:\/\/kotrla.com\/pmpro\/images\/uploads\/katerina_seda_IGP9310.jpg\" border=\"0\" alt=\"Kate\u0159ina \u0160ed\u00e1\" width=\"420\" height=\"287\" \/><\/p>\n<p>Mal\u00e1 pozn\u00e1mka na okraj. P\u0159i projevu Kate\u0159iny \u0160ed\u00e9 si nelze nevzpomenout na Hrabalova str\u00fdce Pepina a nep\u0159etr\u017eit\u00fd proud slov. Marn\u011b p\u0159em\u00fd\u0161l\u00edm, koho jsem sly\u0161el tak dlouho a nep\u0159etr\u017eit\u011b mluvit. Ale klidn\u011b bych si ty dv\u011b hodiny zase zopakoval. Aspo\u0148 \u010d\u00e1ste\u010dn\u00fd dojem z\u00edsk\u00e1te z rozhlasov\u00e9ho p\u0159\u00edsp\u011bvku <a href=http:\/\/www.rozhlas.cz\/radiowave\/zavodou\/_zprava\/za-vodou-s-vytvarnici-katerinou-sedou--1056121\"\">Za vodou s v\u00fdtvarnic\u00ed Kate\u0159inou \u0160edou<\/a>. P\u0159\u00edpadn\u011b z videa <a href=\"https:\/\/youtu.be\/aVMi_NfIXXw\">https:\/\/youtu.be\/aVMi_NfIXXw<\/a><\/p>\n","protected":false},"excerpt":{"rendered":"<p>Mezi\u0159\u00ed\u010dsk\u00e1 Galerie Kaple a kur\u00e1tor Leszek Wojaczek mi d\u011blaj\u00ed radost. A tuto v\u00fdstavu m\u016f\u017eu opravdu doporu\u010dit. Pokum m\u00e1te mo\u017enost, pak nev\u00e1hejte. V\u00edce informac\u00ed o aktu\u00e1ln\u011b prob\u00edhaj\u00edc\u00ed v\u00fdstav\u011b, prvn\u00ed velk\u00e9 \u010desk\u00e9, Kate\u0159iny \u0160ed\u00e9 naleznete na: http:\/\/galerie.kzvalmez.cz\/vystavy\/aktualni\/KATERINA-SEDA\/ Doporu\u010duji k p\u0159e\u010dten\u00ed tak\u00e9 zhodnocen\u00ed v\u00fdstavy z pera Martina Dr\u00e1bka. Mal\u00e1 pozn\u00e1mka na okraj. P\u0159i projevu Kate\u0159iny \u0160ed\u00e9 si nelze [&hellip;]<\/p>\n","protected":false},"author":1,"featured_media":0,"comment_status":"open","ping_status":"open","sticky":false,"template":"","format":"standard","meta":{"site-sidebar-layout":"default","site-content-layout":"","ast-site-content-layout":"default","site-content-style":"default","site-sidebar-style":"default","ast-global-header-display":"","ast-banner-title-visibility":"","ast-main-header-display":"","ast-hfb-above-header-display":"","ast-hfb-below-header-display":"","ast-hfb-mobile-header-display":"","site-post-title":"","ast-breadcrumbs-content":"","ast-featured-img":"","footer-sml-layout":"","ast-disable-related-posts":"","theme-transparent-header-meta":"","adv-header-id-meta":"","stick-header-meta":"","header-above-stick-meta":"","header-main-stick-meta":"","header-below-stick-meta":"","astra-migrate-meta-layouts":"default","ast-page-background-enabled":"default","ast-page-background-meta":{"desktop":{"background-color":"var(--ast-global-color-5)","background-image":"","background-repeat":"repeat","background-position":"center center","background-size":"auto","background-attachment":"scroll","background-type":"","background-media":"","overlay-type":"","overlay-color":"","overlay-opacity":"","overlay-gradient":""},"tablet":{"background-color":"","background-image":"","background-repeat":"repeat","background-position":"center center","background-size":"auto","background-attachment":"scroll","background-type":"","background-media":"","overlay-type":"","overlay-color":"","overlay-opacity":"","overlay-gradient":""},"mobile":{"background-color":"","background-image":"","background-repeat":"repeat","background-position":"center center","background-size":"auto","background-attachment":"scroll","background-type":"","background-media":"","overlay-type":"","overlay-color":"","overlay-opacity":"","overlay-gradient":""}},"ast-content-background-meta":{"desktop":{"background-color":"var(--ast-global-color-4)","background-image":"","background-repeat":"repeat","background-position":"center center","background-size":"auto","background-attachment":"scroll","background-type":"","background-media":"","overlay-type":"","overlay-color":"","overlay-opacity":"","overlay-gradient":""},"tablet":{"background-color":"var(--ast-global-color-4)","background-image":"","background-repeat":"repeat","background-position":"center center","background-size":"auto","background-attachment":"scroll","background-type":"","background-media":"","overlay-type":"","overlay-color":"","overlay-opacity":"","overlay-gradient":""},"mobile":{"background-color":"var(--ast-global-color-4)","background-image":"","background-repeat":"repeat","background-position":"center center","background-size":"auto","background-attachment":"scroll","background-type":"","background-media":"","overlay-type":"","overlay-color":"","overlay-opacity":"","overlay-gradient":""}},"jetpack_post_was_ever_published":false,"_jetpack_newsletter_access":"","_jetpack_dont_email_post_to_subs":false,"_jetpack_newsletter_tier_id":0,"_jetpack_memberships_contains_paywalled_content":false,"_jetpack_memberships_contains_paid_content":false,"footnotes":""},"categories":[4],"tags":[],"class_list":["post-99","post","type-post","status-publish","format-standard","hentry","category-ostatni"],"jetpack_featured_media_url":"","jetpack_shortlink":"https:\/\/wp.me\/p4mLP7-1B","jetpack-related-posts":[{"id":1279,"url":"https:\/\/kotrla.com\/pmpro\/2003\/07\/basne-kateriny-bolechove\/","url_meta":{"origin":99,"position":0},"title":"B\u00e1sn\u011b Kate\u0159iny Bolechov\u00e9","author":"Pavel Kotrla","date":"25.7.2003","format":false,"excerpt":"Ve Scriptoriu si m\u016f\u017eete p\u0159e\u010d\u00edst nov\u00e9 b\u00e1sn\u011b Kate\u0159iny Bolechov\u00e9. Autorka publikovala nap\u0159. v Textech, Ps\u00edm v\u00ednu, Welesu. Kate\u0159ina Bolechov\u00e1 xxx - M\u00e1\u0161 mal\u00e1 \u0148adra - \u0161pitl mi - Ta moje p\u0159edchoz\u00ed m\u011bla vydatn\u011bj\u0161\u00ed - pras\u00e1tka vykrmen\u00e1 na zabija\u010dku Co po\u010d\u00edt ?! Noci se mnou budou dietn\u00ed","rel":"","context":"V \u201eNeza\u0159azen\u00e9\u201c","block_context":{"text":"Neza\u0159azen\u00e9","link":"https:\/\/kotrla.com\/pmpro\/category\/nezarazene\/"},"img":{"alt_text":"","src":"","width":0,"height":0},"classes":[]},{"id":3126,"url":"https:\/\/kotrla.com\/pmpro\/2017\/04\/z-ctvrtecniho-cteni-kateriny-dubske\/","url_meta":{"origin":99,"position":1},"title":"Z \u010dtvrte\u010dn\u00edho \u010dten\u00ed Kate\u0159iny Dubsk\u00e9","author":"Pavel Kotrla","date":"23.4.2017","format":false,"excerpt":"Bylo to \u010dten\u00ed, kontinu\u00e1ln\u00ed, bez oddechu. Ale ve vset\u00ednsk\u00e9 knihovn\u011b bylo plno.","rel":"","context":"V \u201eFotografie\u201c","block_context":{"text":"Fotografie","link":"https:\/\/kotrla.com\/pmpro\/category\/fotografie\/"},"img":{"alt_text":"Kate\u0159ina Dubsk\u00e1","src":"https:\/\/i0.wp.com\/kotrla.com\/pmpro\/wp-content\/uploads\/2017\/04\/katerina_dubska_IMGP0090.jpg?resize=350%2C200&ssl=1","width":350,"height":200,"srcset":"https:\/\/i0.wp.com\/kotrla.com\/pmpro\/wp-content\/uploads\/2017\/04\/katerina_dubska_IMGP0090.jpg?resize=350%2C200&ssl=1 1x, https:\/\/i0.wp.com\/kotrla.com\/pmpro\/wp-content\/uploads\/2017\/04\/katerina_dubska_IMGP0090.jpg?resize=525%2C300&ssl=1 1.5x, https:\/\/i0.wp.com\/kotrla.com\/pmpro\/wp-content\/uploads\/2017\/04\/katerina_dubska_IMGP0090.jpg?resize=700%2C400&ssl=1 2x, https:\/\/i0.wp.com\/kotrla.com\/pmpro\/wp-content\/uploads\/2017\/04\/katerina_dubska_IMGP0090.jpg?resize=1050%2C600&ssl=1 3x, https:\/\/i0.wp.com\/kotrla.com\/pmpro\/wp-content\/uploads\/2017\/04\/katerina_dubska_IMGP0090.jpg?resize=1400%2C800&ssl=1 4x"},"classes":[]},{"id":12536,"url":"https:\/\/kotrla.com\/pmpro\/2025\/03\/ze-vcerejsi-vernisaze-vystavy-libora-sostaka\/","url_meta":{"origin":99,"position":2},"title":"Ze v\u010derej\u0161\u00ed vernis\u00e1\u017ee v\u00fdstavy Libora So\u0161\u0165\u00e1ka","author":"Pavel Kotrla","date":"5.3.2025","format":false,"excerpt":"N\u011bkolik fotografi\u00ed ze v\u010derej\u0161\u00ed vernis\u00e1\u017ee v\u00fdstavy Na cest\u011b Libora So\u0161\u0165\u00e1ka, kterou m\u016f\u017eete v novoji\u010d\u00ednsk\u00e9 galerii Star\u00e1 po\u0161ta nav\u0161t\u00edvit do 27. b\u0159ezna a kterou jsem mohl s radost\u00ed uv\u00e9st. (Dobr\u00e9 to bylo!) \u00a0","rel":"","context":"V \u201eOsobn\u00ed\u201c","block_context":{"text":"Osobn\u00ed","link":"https:\/\/kotrla.com\/pmpro\/category\/osobni\/"},"img":{"alt_text":"","src":"https:\/\/i0.wp.com\/kotrla.com\/pmpro\/wp-content\/uploads\/2025\/03\/libor_sostak_na_ceste_IMGP5829-150x150.jpg?resize=350%2C200&ssl=1","width":350,"height":200,"srcset":"https:\/\/i0.wp.com\/kotrla.com\/pmpro\/wp-content\/uploads\/2025\/03\/libor_sostak_na_ceste_IMGP5829-150x150.jpg?resize=350%2C200&ssl=1 1x, https:\/\/i0.wp.com\/kotrla.com\/pmpro\/wp-content\/uploads\/2025\/03\/libor_sostak_na_ceste_IMGP5829-150x150.jpg?resize=525%2C300&ssl=1 1.5x, https:\/\/i0.wp.com\/kotrla.com\/pmpro\/wp-content\/uploads\/2025\/03\/libor_sostak_na_ceste_IMGP5829-150x150.jpg?resize=700%2C400&ssl=1 2x, https:\/\/i0.wp.com\/kotrla.com\/pmpro\/wp-content\/uploads\/2025\/03\/libor_sostak_na_ceste_IMGP5829-150x150.jpg?resize=1050%2C600&ssl=1 3x, https:\/\/i0.wp.com\/kotrla.com\/pmpro\/wp-content\/uploads\/2025\/03\/libor_sostak_na_ceste_IMGP5829-150x150.jpg?resize=1400%2C800&ssl=1 4x"},"classes":[]},{"id":3503,"url":"https:\/\/kotrla.com\/pmpro\/2018\/02\/pavel-drda-na-houpacce\/","url_meta":{"origin":99,"position":3},"title":"Pavel Drda &#8211; Na houpa\u010dce","author":"Pavel Kotrla","date":"15.2.2018","format":false,"excerpt":"Vernis\u00e1\u017e v\u00fdstavy (2.3.2018 \u2014 22.4.2018) m\u00e9ho obl\u00edben\u00e9ho socha\u0159e, z domovsk\u00e9 Byst\u0159i\u010dky, prob\u011bhne 2. 3. 2018 v 16.00 hod. V\u00edce na http:\/\/www.magc.cz\/program\/vystavy\/2-patro\/pavel-drda-na-houpacce\/","rel":"","context":"V \u201eByst\u0159i\u010dka\u201c","block_context":{"text":"Byst\u0159i\u010dka","link":"https:\/\/kotrla.com\/pmpro\/category\/bystricka\/"},"img":{"alt_text":"","src":"https:\/\/i0.wp.com\/kotrla.com\/pmpro\/wp-content\/uploads\/2018\/02\/Pavel_Drda_Na_houpacce2018_MaGC.jpg?resize=350%2C200&ssl=1","width":350,"height":200,"srcset":"https:\/\/i0.wp.com\/kotrla.com\/pmpro\/wp-content\/uploads\/2018\/02\/Pavel_Drda_Na_houpacce2018_MaGC.jpg?resize=350%2C200&ssl=1 1x, https:\/\/i0.wp.com\/kotrla.com\/pmpro\/wp-content\/uploads\/2018\/02\/Pavel_Drda_Na_houpacce2018_MaGC.jpg?resize=525%2C300&ssl=1 1.5x, https:\/\/i0.wp.com\/kotrla.com\/pmpro\/wp-content\/uploads\/2018\/02\/Pavel_Drda_Na_houpacce2018_MaGC.jpg?resize=700%2C400&ssl=1 2x, https:\/\/i0.wp.com\/kotrla.com\/pmpro\/wp-content\/uploads\/2018\/02\/Pavel_Drda_Na_houpacce2018_MaGC.jpg?resize=1050%2C600&ssl=1 3x"},"classes":[]},{"id":989,"url":"https:\/\/kotrla.com\/pmpro\/2004\/06\/zatim-jen-rozpacite-vykroceni\/","url_meta":{"origin":99,"position":4},"title":"Zat\u00edm jen rozpa\u010dit\u00e9 vykro\u010den\u00ed","author":"Pavel Kotrla","date":"7.6.2004","format":false,"excerpt":"Moje recenze na knihu Noci, noci (Torst 2004) Kate\u0159iny Rud\u010denkov\u00e9 na port\u00e1lu \u010cesk\u00e9ho rozhlasu http:\/\/www.rozhlas.cz\/kultura\/portal\/_zprava\/119626","rel":"","context":"V \u201eNeza\u0159azen\u00e9\u201c","block_context":{"text":"Neza\u0159azen\u00e9","link":"https:\/\/kotrla.com\/pmpro\/category\/nezarazene\/"},"img":{"alt_text":"","src":"","width":0,"height":0},"classes":[]},{"id":134,"url":"https:\/\/kotrla.com\/pmpro\/2011\/09\/vystavy-dvou-robertu\/","url_meta":{"origin":99,"position":5},"title":"V\u00fdstavy dvou Robert\u016f","author":"Pavel Kotrla","date":"9.9.2011","format":false,"excerpt":"Shodou okolnost\u00ed maj\u00ed vernis\u00e1\u017e m\u00ed dva p\u0159\u00e1tel\u00e9 s k\u0159estn\u00edmi jm\u00e9ny hned v n\u00e1sleduj\u00edc\u00edch dnech po sob\u011b. A by\u0165 se ka\u017ed\u00fd z nich zab\u00fdv\u00e1 zcela jin\u00fdm t\u00e9matem, za shl\u00e9dnut\u00ed budou st\u00e1t ob\u011b. V\u00fdstavu Roberta Hlavici Moje Afrika m\u016f\u017eete nav\u0161t\u00edvit od st\u0159edy 14. z\u00e1\u0159\u00ed v Hranic\u00edch na Morav\u011b. Naleznete na n\u00ed precizn\u011b\u2026","rel":"","context":"V \u201eFotografie\u201c","block_context":{"text":"Fotografie","link":"https:\/\/kotrla.com\/pmpro\/category\/fotografie\/"},"img":{"alt_text":"Robert Hlavica - Moje Afrika","src":"https:\/\/i0.wp.com\/kotrla.com\/pmpro\/images\/uploads\/pozvanka_robert_hlavica_2011.jpg?resize=350%2C200&ssl=1","width":350,"height":200},"classes":[]}],"jetpack_sharing_enabled":true,"_links":{"self":[{"href":"https:\/\/kotrla.com\/pmpro\/wp-json\/wp\/v2\/posts\/99","targetHints":{"allow":["GET"]}}],"collection":[{"href":"https:\/\/kotrla.com\/pmpro\/wp-json\/wp\/v2\/posts"}],"about":[{"href":"https:\/\/kotrla.com\/pmpro\/wp-json\/wp\/v2\/types\/post"}],"author":[{"embeddable":true,"href":"https:\/\/kotrla.com\/pmpro\/wp-json\/wp\/v2\/users\/1"}],"replies":[{"embeddable":true,"href":"https:\/\/kotrla.com\/pmpro\/wp-json\/wp\/v2\/comments?post=99"}],"version-history":[{"count":0,"href":"https:\/\/kotrla.com\/pmpro\/wp-json\/wp\/v2\/posts\/99\/revisions"}],"wp:attachment":[{"href":"https:\/\/kotrla.com\/pmpro\/wp-json\/wp\/v2\/media?parent=99"}],"wp:term":[{"taxonomy":"category","embeddable":true,"href":"https:\/\/kotrla.com\/pmpro\/wp-json\/wp\/v2\/categories?post=99"},{"taxonomy":"post_tag","embeddable":true,"href":"https:\/\/kotrla.com\/pmpro\/wp-json\/wp\/v2\/tags?post=99"}],"curies":[{"name":"wp","href":"https:\/\/api.w.org\/{rel}","templated":true}]}}